{"id":11019,"date":"2016-05-17T13:15:53","date_gmt":"2016-05-17T18:15:53","guid":{"rendered":"https:\/\/www.uv.mx\/prensa\/?p=11019"},"modified":"2016-05-17T14:23:38","modified_gmt":"2016-05-17T19:23:38","slug":"uv-inauguro-clinica-de-salud-sexual-y-reproductiva","status":"publish","type":"post","link":"https:\/\/www.uv.mx\/prensa\/general\/uv-inauguro-clinica-de-salud-sexual-y-reproductiva\/","title":{"rendered":"UV inaugur\u00f3 Cl\u00ednica de Salud Sexual y Reproductiva"},"content":{"rendered":"<ul>\n<li><em>Se nombr\u00f3 como su directora a Mar\u00eda Ernestina Herrera Hern\u00e1ndez<\/em><\/li>\n<li><em>\u201cVemos el tema de salud como algo m\u00e1s all\u00e1 de lo org\u00e1nico, biol\u00f3gico o anat\u00f3mico\u201d: Sara Ladr\u00f3n de Guevara<\/em><\/li>\n<li><em>El proyecto consider\u00f3 la perspectiva de g\u00e9nero y atenci\u00f3n espec\u00edfica para las diferentes edades<\/em><\/li>\n<\/ul>\n<p>&nbsp;<\/p>\n<div id=\"attachment_11021\" style=\"width: 732px\" class=\"wp-caption aligncenter\"><a href=\"https:\/\/www.uv.mx\/prensa\/files\/2016\/05\/Inauguracion-clinica-1-ok.jpg\"><img loading=\"lazy\" decoding=\"async\" aria-describedby=\"caption-attachment-11021\" class=\"size-full wp-image-11021\" src=\"https:\/\/www.uv.mx\/prensa\/files\/2016\/05\/Inauguracion-clinica-1-ok.jpg\" alt=\"Autoridades universitarias, encabezadas por la Rectora, hicieron el corte del list\u00f3n inaugural\" width=\"722\" height=\"488\" srcset=\"https:\/\/www.uv.mx\/prensa\/files\/2016\/05\/Inauguracion-clinica-1-ok.jpg 722w, https:\/\/www.uv.mx\/prensa\/files\/2016\/05\/Inauguracion-clinica-1-ok-300x203.jpg 300w\" sizes=\"auto, (max-width: 722px) 100vw, 722px\" \/><\/a><p id=\"caption-attachment-11021\" class=\"wp-caption-text\">Autoridades universitarias, encabezadas por la Rectora, hicieron el corte del list\u00f3n inaugural<\/p><\/div>\n<p>&nbsp;<\/p>\n<p><strong><em>David Sandoval Rodr\u00edguez<\/em><\/strong><\/p>\n<p>&nbsp;<\/p>\n<p><strong><em>Xalapa, Ver. 17\/05\/2016.- <\/em><\/strong>La Universidad Veracruzana (UV) vive una nueva etapa de salud en su historia con la apertura de la Cl\u00ednica de Salud Sexual y Reproductiva, se congratularon las autoridades universitarias en el acto celebrado el pasado 16 de mayo.<\/p>\n<p>\u201cEste nuevo espacio tiene una perspectiva innovadora para dar a los distintos g\u00e9neros todo lo que requieren para tener una vida sana y plena; vemos el tema de salud como algo m\u00e1s all\u00e1 de lo org\u00e1nico, biol\u00f3gico o anat\u00f3mico\u201d, afirm\u00f3 la rectora Sara Ladr\u00f3n de Guevara ante el personal y directivos.<\/p>\n<p>Agreg\u00f3 que el proyecto para concretar esta cl\u00ednica involucr\u00f3 a las tres secretar\u00edas de la UV, por lo que ha sido el resultado de un trabajo conjunto. Adem\u00e1s de los servicios que prestar\u00e1, se convierte tambi\u00e9n en una entidad acad\u00e9mica en la que los estudiantes aprender\u00e1n a trav\u00e9s de las pr\u00e1cticas que realicen.<\/p>\n<p>La Rectora enfatiz\u00f3 que \u201cel derecho a la salud es fundamental y se construye para llegar a la igualdad, pero no significa dar a todos lo mismo, requiere espacios de equidad porque somos distintos y en la salud es un hecho\u201d.<\/p>\n<div id=\"attachment_11022\" style=\"width: 732px\" class=\"wp-caption aligncenter\"><a href=\"https:\/\/www.uv.mx\/prensa\/files\/2016\/05\/Inauguracion-clinica-2-ok.jpg\"><img loading=\"lazy\" decoding=\"async\" aria-describedby=\"caption-attachment-11022\" class=\"wp-image-11022 size-full\" src=\"https:\/\/www.uv.mx\/prensa\/files\/2016\/05\/Inauguracion-clinica-2-ok.jpg\" alt=\"\" width=\"722\" height=\"482\" srcset=\"https:\/\/www.uv.mx\/prensa\/files\/2016\/05\/Inauguracion-clinica-2-ok.jpg 722w, https:\/\/www.uv.mx\/prensa\/files\/2016\/05\/Inauguracion-clinica-2-ok-300x200.jpg 300w\" sizes=\"auto, (max-width: 722px) 100vw, 722px\" \/><\/a><p id=\"caption-attachment-11022\" class=\"wp-caption-text\">\u201cEl derecho a la salud es fundamental\u00bb: Sara Ladr\u00f3n de Guevara<\/p><\/div>\n<p>En el evento se hizo el nombramiento de la nueva directora de la cl\u00ednica, Mar\u00eda Ernestina Herrera Hern\u00e1ndez, acad\u00e9mica en la Facultad de Psicolog\u00eda e investigadora del Instituto de Investigaciones Psicol\u00f3gicas.<\/p>\n<p>\u201cDebutar\u00e9 como la primera persona, una mujer, al frente de la direcci\u00f3n de un espacio moderno, capaz de sumarse a los esfuerzos universitarios para dar respuesta a los estudiantes en formaci\u00f3n y en servicio social y a quienes acudan a ella, desde una perspectiva m\u00e1s amplia ya que la cl\u00ednica nace con el reconocimiento de la integralidad humana y, en ese tenor, visualiza la sexualidad como todo aquello que nos permita vivir y sentirnos plenos en el ejercicio libre y responsable de ser seres sexuados.\u201d<\/p>\n<p>Se dirigi\u00f3 adem\u00e1s a los m\u00e9dicos, enfermeras, qu\u00edmicas y personal administrativo para ofrecerles su apoyo incondicional a fin de \u201chacer de esta cl\u00ednica la imagen que nos refleje y nos haga sentir orgullosos\u201d.<\/p>\n<p>En esta primera etapa de la cl\u00ednica se inaugur\u00f3 un espacio con 12 consultorios, un laboratorio de an\u00e1lisis cl\u00ednico, otro de patolog\u00eda y uno de imagenolog\u00eda, un aula de ense\u00f1anza, \u00e1rea administrativa y dos n\u00facleos sanitarios.<\/p>\n<div id=\"attachment_11023\" style=\"width: 732px\" class=\"wp-caption aligncenter\"><a href=\"https:\/\/www.uv.mx\/prensa\/files\/2016\/05\/Inauguracion-clinica-3-ok.jpg\"><img loading=\"lazy\" decoding=\"async\" aria-describedby=\"caption-attachment-11023\" class=\"size-full wp-image-11023\" src=\"https:\/\/www.uv.mx\/prensa\/files\/2016\/05\/Inauguracion-clinica-3-ok.jpg\" alt=\"Mar\u00eda Ernestina Herrera Hern\u00e1ndez, directora de la Cl\u00ednica de Salud Sexual y Reproductiva, al recibir el nombramiento\" width=\"722\" height=\"1083\" srcset=\"https:\/\/www.uv.mx\/prensa\/files\/2016\/05\/Inauguracion-clinica-3-ok.jpg 722w, https:\/\/www.uv.mx\/prensa\/files\/2016\/05\/Inauguracion-clinica-3-ok-200x300.jpg 200w, https:\/\/www.uv.mx\/prensa\/files\/2016\/05\/Inauguracion-clinica-3-ok-683x1024.jpg 683w\" sizes=\"auto, (max-width: 722px) 100vw, 722px\" \/><\/a><p id=\"caption-attachment-11023\" class=\"wp-caption-text\">Mar\u00eda Ernestina Herrera Hern\u00e1ndez, directora de la Cl\u00ednica de Salud Sexual y Reproductiva, al recibir el nombramiento<\/p><\/div>\n<p>Cuenta con sistema contra incendio en los laboratorios, climatizaci\u00f3n integral, \u00e1reas de seguridad en caso de siniestros, servicios de telecomunicaci\u00f3n, sistema de agua purificada para el p\u00fablico en general, extracci\u00f3n de aire, equipamiento de acero inoxidable, elevador y sistema de rampas para discapacitados.<\/p>\n<p>Como parte de este proyecto se rehabilit\u00f3, remodel\u00f3 y ampli\u00f3 el inmueble que ocupaba el Hospital Escuela de Ginecolog\u00eda, del cual la cl\u00ednica abarca un \u00e1rea de mil 350 metros cuadrados.<\/p>\n<p>Carlos Bl\u00e1zquez Dom\u00ednguez, director saliente de la dependencia que fue el Hospital Escuela de Ginecolog\u00eda, agradeci\u00f3 a todo el equipo de trabajo por su apoyo incondicional a lo largo de 16 a\u00f1os en los que fungi\u00f3 como titular del mismo.<\/p>\n<p>Atestiguaron el nombramiento y la inauguraci\u00f3n del espacio: Leticia Rodr\u00edguez Audirac, Clementina Guerrero Garc\u00eda y Octavio Ochoa Contreras, titulares de las secretar\u00edas Acad\u00e9mica, de Administraci\u00f3n y Finanzas y de la Rector\u00eda, respectivamente; Mar\u00eda Concepci\u00f3n S\u00e1nchez Rovelo, directora general del \u00c1rea Acad\u00e9mica de Ciencias de la Salud; Mar\u00eda del Roc\u00edo Salado P\u00e9rez, coordinadora general del Sistema de Atenci\u00f3n Integral a la Salud (SAISUV); Enrique Hern\u00e1ndez Guerson, coordinador general del Centro para el Desarrollo Humano e Integral de los Universitarios (<em>Cendhiu<\/em>); Emilia Rodiles Justo, directora general de Proyectos Construcciones y Mantenimiento, e Ivonne Cisneros Luj\u00e1n, directora general de Recursos Humanos.<\/p>\n<p>&nbsp;<\/p>\n","protected":false},"excerpt":{"rendered":"<p><strong><em> David Sandoval Rodr\u00edguez.-<\/em><\/strong>La Universidad Veracruzana (UV) vive una nueva etapa de salud en su historia con la apertura de la Cl\u00ednica de Salud Sexual y Reproductiva, se congratularon las autoridades universitarias en el acto celebrado el pasado 16 de mayo.<\/p>\n","protected":false},"author":1809,"featured_media":11024,"comment_status":"closed","ping_status":"closed","sticky":false,"template":"","format":"standard","meta":{"footnotes":""},"categories":[1],"tags":[3],"class_list":["post-11019","post","type-post","status-publish","format-standard","has-post-thumbnail","hentry","category-general","tag-secundarias"],"_links":{"self":[{"href":"https:\/\/www.uv.mx\/prensa\/wp-json\/wp\/v2\/posts\/11019","targetHints":{"allow":["GET"]}}],"collection":[{"href":"https:\/\/www.uv.mx\/prensa\/wp-json\/wp\/v2\/posts"}],"about":[{"href":"https:\/\/www.uv.mx\/prensa\/wp-json\/wp\/v2\/types\/post"}],"author":[{"embeddable":true,"href":"https:\/\/www.uv.mx\/prensa\/wp-json\/wp\/v2\/users\/1809"}],"replies":[{"embeddable":true,"href":"https:\/\/www.uv.mx\/prensa\/wp-json\/wp\/v2\/comments?post=11019"}],"version-history":[{"count":0,"href":"https:\/\/www.uv.mx\/prensa\/wp-json\/wp\/v2\/posts\/11019\/revisions"}],"wp:featuredmedia":[{"embeddable":true,"href":"https:\/\/www.uv.mx\/prensa\/wp-json\/wp\/v2\/media\/11024"}],"wp:attachment":[{"href":"https:\/\/www.uv.mx\/prensa\/wp-json\/wp\/v2\/media?parent=11019"}],"wp:term":[{"taxonomy":"category","embeddable":true,"href":"https:\/\/www.uv.mx\/prensa\/wp-json\/wp\/v2\/categories?post=11019"},{"taxonomy":"post_tag","embeddable":true,"href":"https:\/\/www.uv.mx\/prensa\/wp-json\/wp\/v2\/tags?post=11019"}],"curies":[{"name":"wp","href":"https:\/\/api.w.org\/{rel}","templated":true}]}}