{"id":108643,"date":"2022-01-17T17:46:40","date_gmt":"2022-01-17T23:46:40","guid":{"rendered":"https:\/\/www.uv.mx\/prensa\/?p=108643"},"modified":"2022-01-18T11:18:46","modified_gmt":"2022-01-18T17:18:46","slug":"uv-refrendo-al-setsuv-su-disposicion-al-dialogo","status":"publish","type":"post","link":"https:\/\/www.uv.mx\/prensa\/banner\/uv-refrendo-al-setsuv-su-disposicion-al-dialogo\/","title":{"rendered":"UV refrend\u00f3 al SETSUV su disposici\u00f3n al di\u00e1logo"},"content":{"rendered":"<style type=\"text\/css\">\n  blockquote p { color: #28519b; font-family: helvetica; font-size: 1.6em; }<br \/><\/style>\n<p>&nbsp;<\/p>\n<ul>\n<li data-leveltext=\"\uf0b7\" data-font=\"Symbol\" data-listid=\"1\" data-aria-posinset=\"1\" data-aria-level=\"1\"><i><span data-contrast=\"auto\">El Rector de la UV<\/span><\/i><i><span data-contrast=\"auto\">, Mart\u00edn Aguilar S\u00e1nchez,<\/span><\/i><i><span data-contrast=\"auto\">\u00a0<\/span><\/i><i><span data-contrast=\"auto\">se reuni\u00f3\u00a0<\/span><\/i><i><span data-contrast=\"auto\">con\u00a0autoridades del gremio sindical\u00a0y\u00a0<\/span><\/i><i><span data-contrast=\"auto\">autoridades laborales\u00a0<\/span><\/i><i><span data-contrast=\"auto\">del Centro de Conciliaci\u00f3n Laboral de Veracruz<\/span><\/i><span data-ccp-props=\"{&quot;134233279&quot;:true,&quot;201341983&quot;:0,&quot;335559739&quot;:160,&quot;335559740&quot;:240}\">\u00a0<\/span><\/li>\n<\/ul>\n<ul>\n<li data-leveltext=\"\uf0b7\" data-font=\"Symbol\" data-listid=\"1\" data-aria-posinset=\"1\" data-aria-level=\"1\"><i><span data-contrast=\"auto\">Juan Mendoza Guti\u00e9rrez, secretario general del SETSUV, confi\u00f3 en\u00a0llegar a un acuerdo antes del 2 de febrero<\/span><\/i><span data-ccp-props=\"{&quot;134233279&quot;:true,&quot;201341983&quot;:0,&quot;335559739&quot;:160,&quot;335559740&quot;:240}\">\u00a0<\/span><\/li>\n<\/ul>\n<p><span data-ccp-props=\"{&quot;201341983&quot;:0,&quot;335559739&quot;:160,&quot;335559740&quot;:240}\">\u00a0<\/span><\/p>\n<div id=\"attachment_108644\" style=\"width: 732px\" class=\"wp-caption aligncenter\"><img loading=\"lazy\" decoding=\"async\" aria-describedby=\"caption-attachment-108644\" class=\"size-full wp-image-108644\" src=\"https:\/\/www.uv.mx\/prensa\/files\/2022\/01\/SETSUV-1.jpg\" alt=\"\" width=\"722\" height=\"482\" srcset=\"https:\/\/www.uv.mx\/prensa\/files\/2022\/01\/SETSUV-1.jpg 722w, https:\/\/www.uv.mx\/prensa\/files\/2022\/01\/SETSUV-1-300x200.jpg 300w\" sizes=\"auto, (max-width: 722px) 100vw, 722px\" \/><p id=\"caption-attachment-108644\" class=\"wp-caption-text\">Juan Mendoza Guti\u00e9rrez, secretario general del SETSUV, y el rector de la UV, Mart\u00edn Aguilar S\u00e1nchez, iniciaron negociaciones<\/p><\/div>\n<p>&nbsp;<\/p>\n<blockquote><p><span class=\"TextRun SCXW111633162 BCX0\" lang=\"ES-MX\" xml:lang=\"ES-MX\" data-contrast=\"auto\"><span class=\"NormalTextRun SCXW111633162 BCX0\">El Rector celebr\u00f3 el inicio del di\u00e1logo y de la negociaci\u00f3n, aspectos fundamentales para llegar a una mejora en las propuestas de las y los trabajadores, y as\u00ed mantener el avance y estabilidad de esta casa de estudios.<\/span><\/span><span class=\"EOP SCXW111633162 BCX0\" data-ccp-props=\"{&quot;201341983&quot;:0,&quot;335559739&quot;:160,&quot;335559740&quot;:240}\">\u00a0<\/span><\/p><\/blockquote>\n<p><span data-ccp-props=\"{&quot;201341983&quot;:0,&quot;335559739&quot;:160,&quot;335559740&quot;:240}\">\u00a0<\/span><\/p>\n<p><b><i><span data-contrast=\"auto\">Claudia Peralta V\u00e1zquez<\/span><\/i><\/b><span data-ccp-props=\"{&quot;201341983&quot;:0,&quot;335559739&quot;:160,&quot;335559740&quot;:240}\">\u00a0<\/span><\/p>\n<p><em><strong>Fotos: Luis Fernando Fern\u00e1ndez Carrillo<\/strong><\/em><\/p>\n<p><b><i><span data-contrast=\"auto\">17\/01\/2022, Xalapa,\u00a0Ver.-\u00a0<\/span><\/i><\/b><span data-contrast=\"auto\">La <a href=\"https:\/\/www.uv.mx\/\" target=\"_blank\" rel=\"noopener\">Universidad Veracruzana<\/a> (UV)\u00a0entreg\u00f3\u00a0este lunes\u00a0una\u00a0propuesta\u00a0al\u00a0planteamiento de revisi\u00f3n contractual y salarial\u00a0del\u00a0Sindicato Estatal de Trabajadores al Servicio de\u00a0esta casa de estudios\u00a0(SETSUV),\u00a0a trav\u00e9s de la cual\u00a0se busca mejorar las condiciones laborales\u00a0y\u00a0llegar a un acuerdo que evite el\u00a0estallido de la huelga\u00a0emplazada\u00a0para el pr\u00f3ximo 2 de febrero.<\/span><span data-ccp-props=\"{&quot;201341983&quot;:0,&quot;335559739&quot;:160,&quot;335559740&quot;:240}\">\u00a0<\/span><\/p>\n<p><span data-contrast=\"auto\">En las instalaciones del Gimnasio\u00a0Universitario\u00a0\u201cMiguel \u00c1ngel R\u00edos\u00a0Torres\u201d, el\u00a0rector de la UV, Mart\u00edn Aguilar S\u00e1nchez,\u00a0encabez\u00f3\u00a0una mesa de di\u00e1logo en la que particip\u00f3 el\u00a0secretario general del SETSUV,\u00a0Juan Mendoza Guti\u00e9rrez,\u00a0y la directora general del Centro de Conciliaci\u00f3n Laboral del Estado de Veracruz,\u00a0Diana Estela\u00a0Ar\u00f3stegui\u00a0Carballo,\u00a0as\u00ed como autoridades de esta casa de estudios.<\/span><span data-ccp-props=\"{&quot;201341983&quot;:0,&quot;335559731&quot;:708,&quot;335559739&quot;:160,&quot;335559740&quot;:240}\">\u00a0<\/span><\/p>\n<p><span data-contrast=\"auto\">El\u00a0encuentro entre la UV y el\u00a0SETSUV, que se da en el marco de la\u00a0negociaci\u00f3n 2022, es\u00a0la\u00a0<\/span><span data-contrast=\"auto\">primera negociaci\u00f3n\u00a0laboral<\/span><span data-contrast=\"auto\">\u00a0de naturaleza colectiva que se desahoga en\u00a0<\/span><span data-contrast=\"auto\">Veracruz<\/span><span data-contrast=\"auto\">\u00a0bajo las disposiciones\u00a0establecidas\u00a0en la Ley Laboral vigente, que implica la competencia de un tribunal laboral y la participaci\u00f3n del Centro de Conciliaci\u00f3n Laboral del Estado de Veracruz.<\/span><span data-ccp-props=\"{&quot;201341983&quot;:0,&quot;335559731&quot;:708,&quot;335559739&quot;:160,&quot;335559740&quot;:240}\">\u00a0<\/span><\/p>\n<p><span data-contrast=\"auto\">Al\u00a0dar lectura al documento donde se plasman los puntos principales de dicha propuesta,\u00a0Lizbeth Margarita\u00a0Viveros\u00a0Cancino, secretaria de Administraci\u00f3n y Finanzas\u00a0(SAF) de\u00a0la UV, expuso que tambi\u00e9n se trata del primer proceso\u00a0de negociaci\u00f3n contractual para la\u00a0presente administraci\u00f3n\u00a0rectoral.<\/span><span data-ccp-props=\"{&quot;201341983&quot;:0,&quot;335559739&quot;:160,&quot;335559740&quot;:240}\">\u00a0<\/span><\/p>\n<p><span data-contrast=\"auto\">Destac\u00f3 el\u00a0inter\u00e9s de la UV\u00a0de atender de manera puntual las disposiciones laborales, propiciar y mantener el di\u00e1logo respetuoso que se ha alcanzado con\u00a0esta\u00a0agrupaci\u00f3n sindical.<\/span><span data-ccp-props=\"{&quot;201341983&quot;:0,&quot;335559731&quot;:708,&quot;335559739&quot;:160,&quot;335559740&quot;:240}\">\u00a0<\/span><\/p>\n<p>&nbsp;<\/p>\n<div id=\"attachment_108645\" style=\"width: 732px\" class=\"wp-caption aligncenter\"><img loading=\"lazy\" decoding=\"async\" aria-describedby=\"caption-attachment-108645\" class=\"size-full wp-image-108645\" src=\"https:\/\/www.uv.mx\/prensa\/files\/2022\/01\/SETSUV-2.jpg\" alt=\"\" width=\"722\" height=\"482\" srcset=\"https:\/\/www.uv.mx\/prensa\/files\/2022\/01\/SETSUV-2.jpg 722w, https:\/\/www.uv.mx\/prensa\/files\/2022\/01\/SETSUV-2-300x200.jpg 300w\" sizes=\"auto, (max-width: 722px) 100vw, 722px\" \/><p id=\"caption-attachment-108645\" class=\"wp-caption-text\">Autoridades universitarias, estatales y del SETSUV, durante la mesa de di\u00e1logo celebrada este lunes<\/p><\/div>\n<p>&nbsp;<\/p>\n<p><span data-contrast=\"auto\">\u201cLa instituci\u00f3n realiza los mayores esfuerzos,\u00a0dentro de sus posibilidades econ\u00f3micas y normativas,\u00a0para otorgar al personal administrativo, t\u00e9cnico y manual,\u00a0las mejores condiciones econ\u00f3micas posibles.\u201d<\/span><span data-ccp-props=\"{&quot;201341983&quot;:0,&quot;335559731&quot;:708,&quot;335559739&quot;:160,&quot;335559740&quot;:240}\">\u00a0<\/span><\/p>\n<p><span data-contrast=\"auto\">Dentro de la propuesta, dijo, la\u00a0UV\u00a0busca alternativas para resolver los planteamientos que formula el sindicato estatal,\u00a0incluidos los\u00a0pliegos petitorios por\u00a0revisi\u00f3n salarial o contractual.<\/span><span data-ccp-props=\"{&quot;201341983&quot;:0,&quot;335559731&quot;:708,&quot;335559739&quot;:160,&quot;335559740&quot;:240}\">\u00a0<\/span><\/p>\n<p><span data-contrast=\"auto\">Por ello, el planteamiento se hizo tras el\u00a0an\u00e1lisis\u00a0del\u00a0pliego de peticiones presentado por\u00a0la organizaci\u00f3n sindical y conforme a los recursos que le han sido autorizados para el presente ejercicio fiscal a\u00a0la\u00a0m\u00e1xima casa de estudios, conforme a su capacidad econ\u00f3mica y financiera.<\/span><span data-ccp-props=\"{&quot;201341983&quot;:0,&quot;335559731&quot;:708,&quot;335559739&quot;:160,&quot;335559740&quot;:240}\">\u00a0<\/span><\/p>\n<p><span data-contrast=\"auto\">La finalidad es llegar a un acuerdo\u00a0por la v\u00eda del di\u00e1logo\u00a0que permita\u00a0resolver el emplazamiento por revisi\u00f3n contractual en beneficio de la comunidad estudiantil.<\/span><span data-ccp-props=\"{&quot;201341983&quot;:0,&quot;335559731&quot;:708,&quot;335559739&quot;:160,&quot;335559740&quot;:240}\">\u00a0<\/span><\/p>\n<p><span data-contrast=\"auto\">Por su parte, el Rector de la UV\u00a0celebr\u00f3 el inicio del di\u00e1logo y de la negociaci\u00f3n, aspectos fundamentales para llegar a una mejora en las propuestas de las y los trabajadores, y as\u00ed mantener el avance y estabilidad de esta casa de estudios.\u00a0\u201cSon objetivos que compartimos y me parece un buen inicio\u201d.<\/span><span data-ccp-props=\"{&quot;201341983&quot;:0,&quot;335559731&quot;:708,&quot;335559739&quot;:160,&quot;335559740&quot;:240}\">\u00a0<\/span><\/p>\n<p>&nbsp;<\/p>\n<div id=\"attachment_108646\" style=\"width: 732px\" class=\"wp-caption aligncenter\"><img loading=\"lazy\" decoding=\"async\" aria-describedby=\"caption-attachment-108646\" class=\"size-full wp-image-108646\" src=\"https:\/\/www.uv.mx\/prensa\/files\/2022\/01\/SETSUV-3.jpg\" alt=\"\" width=\"722\" height=\"482\" srcset=\"https:\/\/www.uv.mx\/prensa\/files\/2022\/01\/SETSUV-3.jpg 722w, https:\/\/www.uv.mx\/prensa\/files\/2022\/01\/SETSUV-3-300x200.jpg 300w\" sizes=\"auto, (max-width: 722px) 100vw, 722px\" \/><p id=\"caption-attachment-108646\" class=\"wp-caption-text\">En el Gimnasio Universitario \u201cMiguel \u00c1ngel R\u00edos Torres\u201d, el Rector de la UV encabez\u00f3 las acciones de di\u00e1logo y acuerdos con el SETSUV<\/p><\/div>\n<p>&nbsp;<\/p>\n<p><span data-contrast=\"auto\">Se\u00f1al\u00f3<\/span><span data-contrast=\"auto\">\u00a0que, a pesar del contexto nacional sobre el proceso b\u00e1sico inflacionario iniciado en el pa\u00eds, as\u00ed como de la contingencia sanitaria, pondr\u00e1 todo su esfuerzo para favorecer esta negociaci\u00f3n.<\/span><span data-ccp-props=\"{&quot;201341983&quot;:0,&quot;335559731&quot;:708,&quot;335559739&quot;:160,&quot;335559740&quot;:240}\">\u00a0<\/span><\/p>\n<p><span data-contrast=\"auto\">Tambi\u00e9n, a petici\u00f3n del\u00a0Secretario\u00a0General\u00a0del SETSUV, se comprometi\u00f3 a intensificar las acciones de limpieza y desinfecci\u00f3n de las instalaciones de dependencias de la UV para prevenir contagios de C<\/span><span data-contrast=\"auto\">OVID<\/span><span data-contrast=\"auto\">-19\u00a0entre la comunidad universitaria.<\/span><span data-ccp-props=\"{&quot;201341983&quot;:0,&quot;335551550&quot;:1,&quot;335551620&quot;:1,&quot;335559731&quot;:708,&quot;335559739&quot;:160,&quot;335559740&quot;:240}\">\u00a0<\/span><\/p>\n<p><span data-contrast=\"auto\">En tanto, Juan Mendoza\u00a0agradeci\u00f3 la presencia de todas las autoridades\u00a0universitarias y estatales, e inform\u00f3 que,\u00a0despu\u00e9s de analizar minuciosamente esta primera propuesta,\u00a0en breve\u00a0dar\u00e1 una respuesta sobre la misma.<\/span><span data-ccp-props=\"{&quot;201341983&quot;:0,&quot;335559731&quot;:708,&quot;335559739&quot;:160,&quot;335559740&quot;:240}\">\u00a0<\/span><\/p>\n<p><span data-contrast=\"auto\">Confi\u00f3 en que la UV y\u00a0el SETSUV llegar\u00e1n a un acuerdo en\u00a0beneficio de\u00a0los trabajadores del gremio que encabeza.<\/span><span data-ccp-props=\"{&quot;201341983&quot;:0,&quot;335559731&quot;:708,&quot;335559739&quot;:160,&quot;335559740&quot;:240}\">\u00a0<\/span><\/p>\n<p><span data-contrast=\"auto\">\u00a0\u201cEstamos conscientes de que la UV siempre deber\u00e1 superar lo que corresponda a la revisi\u00f3n contractual y salarial de los trabajadores, tambi\u00e9n en beneficio de que las actividades contin\u00faen\u00a0y no sean paralizadas.\u201d<\/span><span data-ccp-props=\"{&quot;201341983&quot;:0,&quot;335559731&quot;:708,&quot;335559739&quot;:160,&quot;335559740&quot;:240}\">\u00a0<\/span><\/p>\n<p><span data-contrast=\"auto\">Enseguida,\u00a0Diana\u00a0Estela Ar\u00f3stegui\u00a0subray\u00f3 que la funci\u00f3n\u00a0del Centro de Conciliaci\u00f3n\u00a0Laboral del Estado de Veracruz\u00a0tiene que ver con la\u00a0conciliaci\u00f3n y el di\u00e1logo\u00a0para\u00a0la soluci\u00f3n no s\u00f3lo de\u00a0conflictos individuales, sino tambi\u00e9n colectivos.<\/span><span data-ccp-props=\"{&quot;201341983&quot;:0,&quot;335559731&quot;:708,&quot;335559739&quot;:160,&quot;335559740&quot;:240}\">\u00a0<\/span><\/p>\n<p>&nbsp;<\/p>\n<div id=\"attachment_108647\" style=\"width: 732px\" class=\"wp-caption aligncenter\"><img loading=\"lazy\" decoding=\"async\" aria-describedby=\"caption-attachment-108647\" class=\"size-full wp-image-108647\" src=\"https:\/\/www.uv.mx\/prensa\/files\/2022\/01\/SETSUV-4.jpg\" alt=\"\" width=\"722\" height=\"482\" srcset=\"https:\/\/www.uv.mx\/prensa\/files\/2022\/01\/SETSUV-4.jpg 722w, https:\/\/www.uv.mx\/prensa\/files\/2022\/01\/SETSUV-4-300x200.jpg 300w\" sizes=\"auto, (max-width: 722px) 100vw, 722px\" \/><p id=\"caption-attachment-108647\" class=\"wp-caption-text\">Autoridades del SETSUV y la UV esperan evitar el estallido de la huelga programada para el pr\u00f3ximo 2 de febrero<\/p><\/div>\n<p>&nbsp;<\/p>\n<p><span data-contrast=\"auto\">\u201cSiempre apostaremos por el di\u00e1logo, y ustedes\u00a0son el ejemplo, porque es el primer conflicto en materia colectiva que se realiza en el estado;\u00a0ser\u00e1n el ejemplo para todos aquellos sindicatos y sectores patronales de que el di\u00e1logo siempre estar\u00e1 presente y resultar\u00e1 exitoso en todo tipo de conflicto.\u201d<\/span><span data-ccp-props=\"{&quot;201341983&quot;:0,&quot;335559731&quot;:708,&quot;335559739&quot;:160,&quot;335559740&quot;:240}\">\u00a0<\/span><\/p>\n<p><span data-contrast=\"auto\">En<\/span><span data-contrast=\"auto\">\u00a0la mesa de di\u00e1logo<\/span><span data-contrast=\"auto\">\u00a0participaron por la UV<\/span><span data-contrast=\"auto\">:\u00a0Elena\u00a0Rustri\u00e1n\u00a0Portilla, secretaria Acad\u00e9mica; Jaqueline\u00a0Jongitud\u00a0Zamora y Leopoldo\u00a0Alafita\u00a0M\u00e9ndez, asesores\u00a0de la Rector\u00eda; Evangelina Murcia Villag\u00f3mez, directora general de Recursos Humanos; Sandra Rodr\u00edguez Jos\u00e9, encargada de la Direcci\u00f3n de Relaciones Laborales,\u00a0y Eric Jes\u00fas Galindo Mej\u00eda,\u00a0titular\u00a0de Recursos Financieros.<\/span><span data-ccp-props=\"{&quot;201341983&quot;:0,&quot;335559739&quot;:160,&quot;335559740&quot;:240}\">\u00a0<\/span><\/p>\n<p><span data-contrast=\"auto\">Asimismo, los integrantes del Comit\u00e9 Ejecutivo Estatal del SETSUV: Graciela Z\u00e1rate Rivera, secretaria de Organizaci\u00f3n; Arturo Mu\u00f1oz\u00a0Narcia, de Trabajo y Conflictos; Jenny Santib\u00e1\u00f1ez Tejeda,\u00a0de\u00a0Relaciones y\u00a0Solidaridad; Margot Sol Vidal, de Actas, Acuerdos y Archivo;\u00a0Jos\u00e9 Luis\u00a0Espinoza \u00c1lvarez,\u00a0de\u00a0Deportes; Norberto Lozano Hern\u00e1ndez,\u00a0de\u00a0Finanzas y Planeaci\u00f3n Econ\u00f3mica,\u00a0y\u00a0Mar\u00eda del Carmen Mart\u00ednez Rom\u00e1n, apoderada legal.<\/span><span data-ccp-props=\"{&quot;201341983&quot;:0,&quot;335559731&quot;:708,&quot;335559739&quot;:160,&quot;335559740&quot;:240}\">\u00a0<\/span><\/p>\n<p><span data-contrast=\"auto\">Por parte del Centro de Conciliaci\u00f3n Laboral\u00a0asistieron:\u00a0Jos\u00e9 Luis Garc\u00eda S\u00e1nchez, jefe del Departamento de Conciliaci\u00f3n Laboral,\u00a0y Axel del Carmen M\u00e9ndez Hern\u00e1ndez, conciliadora laboral de la Delegaci\u00f3n\u00a0Regional Xalapa.<\/span><span data-ccp-props=\"{&quot;201341983&quot;:0,&quot;335559731&quot;:708,&quot;335559739&quot;:160,&quot;335559740&quot;:240}\">\u00a0<\/span><\/p>\n<p><span data-ccp-props=\"{&quot;201341983&quot;:0,&quot;335559739&quot;:160,&quot;335559740&quot;:240}\">\u00a0<\/span><\/p>\n<div id=\"attachment_108648\" style=\"width: 732px\" class=\"wp-caption aligncenter\"><img loading=\"lazy\" decoding=\"async\" aria-describedby=\"caption-attachment-108648\" class=\"size-full wp-image-108648\" src=\"https:\/\/www.uv.mx\/prensa\/files\/2022\/01\/SETSUV-8.jpg\" alt=\"\" width=\"722\" height=\"482\" srcset=\"https:\/\/www.uv.mx\/prensa\/files\/2022\/01\/SETSUV-8.jpg 722w, https:\/\/www.uv.mx\/prensa\/files\/2022\/01\/SETSUV-8-300x200.jpg 300w\" sizes=\"auto, (max-width: 722px) 100vw, 722px\" \/><p id=\"caption-attachment-108648\" class=\"wp-caption-text\">La UV refrend\u00f3 el inter\u00e9s de atender de manera puntual las disposiciones laborales de la agrupaci\u00f3n sindical<\/p><\/div>\n<p>&nbsp;<\/p>\n<div id=\"attachment_108649\" style=\"width: 732px\" class=\"wp-caption aligncenter\"><img loading=\"lazy\" decoding=\"async\" aria-describedby=\"caption-attachment-108649\" class=\"size-full wp-image-108649\" src=\"https:\/\/www.uv.mx\/prensa\/files\/2022\/01\/SETSUV-9.jpg\" alt=\"\" width=\"722\" height=\"482\" srcset=\"https:\/\/www.uv.mx\/prensa\/files\/2022\/01\/SETSUV-9.jpg 722w, https:\/\/www.uv.mx\/prensa\/files\/2022\/01\/SETSUV-9-300x200.jpg 300w\" sizes=\"auto, (max-width: 722px) 100vw, 722px\" \/><p id=\"caption-attachment-108649\" class=\"wp-caption-text\">Juan Mendoza Guti\u00e9rrez confi\u00f3 en llegar a un acuerdo antes del 2 de febrero<\/p><\/div>\n","protected":false},"excerpt":{"rendered":"<p>Se har\u00e1n los mayores esfuerzos para otorgar al personal administrativo, t\u00e9cnico y manual, las mejores condiciones econ\u00f3micas posibles: autoridades universitarias<\/p>\n","protected":false},"author":1869,"featured_media":108650,"comment_status":"closed","ping_status":"closed","sticky":false,"template":"","format":"standard","meta":{"footnotes":""},"categories":[61],"tags":[6450,2700,6449],"class_list":["post-108643","post","type-post","status-publish","format-standard","has-post-thumbnail","hentry","category-banner","tag-juan-mendoza-gutierrez","tag-martin-aguilar-sanchez","tag-setsuv"],"_links":{"self":[{"href":"https:\/\/www.uv.mx\/prensa\/wp-json\/wp\/v2\/posts\/108643","targetHints":{"allow":["GET"]}}],"collection":[{"href":"https:\/\/www.uv.mx\/prensa\/wp-json\/wp\/v2\/posts"}],"about":[{"href":"https:\/\/www.uv.mx\/prensa\/wp-json\/wp\/v2\/types\/post"}],"author":[{"embeddable":true,"href":"https:\/\/www.uv.mx\/prensa\/wp-json\/wp\/v2\/users\/1869"}],"replies":[{"embeddable":true,"href":"https:\/\/www.uv.mx\/prensa\/wp-json\/wp\/v2\/comments?post=108643"}],"version-history":[{"count":1,"href":"https:\/\/www.uv.mx\/prensa\/wp-json\/wp\/v2\/posts\/108643\/revisions"}],"predecessor-version":[{"id":108664,"href":"https:\/\/www.uv.mx\/prensa\/wp-json\/wp\/v2\/posts\/108643\/revisions\/108664"}],"wp:featuredmedia":[{"embeddable":true,"href":"https:\/\/www.uv.mx\/prensa\/wp-json\/wp\/v2\/media\/108650"}],"wp:attachment":[{"href":"https:\/\/www.uv.mx\/prensa\/wp-json\/wp\/v2\/media?parent=108643"}],"wp:term":[{"taxonomy":"category","embeddable":true,"href":"https:\/\/www.uv.mx\/prensa\/wp-json\/wp\/v2\/categories?post=108643"},{"taxonomy":"post_tag","embeddable":true,"href":"https:\/\/www.uv.mx\/prensa\/wp-json\/wp\/v2\/tags?post=108643"}],"curies":[{"name":"wp","href":"https:\/\/api.w.org\/{rel}","templated":true}]}}