{"id":108317,"date":"2022-01-11T13:01:56","date_gmt":"2022-01-11T19:01:56","guid":{"rendered":"https:\/\/www.uv.mx\/prensa\/?p=108317"},"modified":"2022-01-11T14:21:16","modified_gmt":"2022-01-11T20:21:16","slug":"claudia-enriquez-nueva-secretaria-academica-en-la-region-veracruz","status":"publish","type":"post","link":"https:\/\/www.uv.mx\/prensa\/regiones\/claudia-enriquez-nueva-secretaria-academica-en-la-region-veracruz\/","title":{"rendered":"Claudia Enr\u00edquez, nueva secretaria Acad\u00e9mica en la regi\u00f3n Veracruz"},"content":{"rendered":"<ul>\n<li data-leveltext=\"\uf0b7\" data-font=\"Symbol\" data-listid=\"1\" data-aria-posinset=\"1\" data-aria-level=\"1\"><i><span data-contrast=\"auto\">Rub\u00e9n Edel Navarro, vicerrector de la regi\u00f3n Veracruz, tom\u00f3 protesta y entreg\u00f3 nombramiento a la nueva funcionaria<\/span><\/i><span data-ccp-props=\"{&quot;134233279&quot;:true,&quot;201341983&quot;:0,&quot;335559739&quot;:160,&quot;335559740&quot;:240}\">\u00a0<\/span><\/li>\n<li data-leveltext=\"\uf0b7\" data-font=\"Symbol\" data-listid=\"1\" data-aria-posinset=\"2\" data-aria-level=\"1\"><i><span data-contrast=\"auto\">\u201cEstar\u00e9 siempre al servicio de la comunidad, con transparencia y responsabilidad\u201d: Enr\u00edquez Hern\u00e1ndez<\/span><\/i><span data-ccp-props=\"{&quot;134233279&quot;:true,&quot;201341983&quot;:0,&quot;335559739&quot;:160,&quot;335559740&quot;:240}\">\u00a0<\/span><\/li>\n<\/ul>\n<p><span data-ccp-props=\"{&quot;201341983&quot;:0,&quot;335559739&quot;:160,&quot;335559740&quot;:240}\">\u00a0<\/span><\/p>\n<div id=\"attachment_108318\" style=\"width: 732px\" class=\"wp-caption aligncenter\"><a href=\"https:\/\/www.uv.mx\/prensa\/regiones\/claudia-enriquez-nueva-secretaria-academica-en-la-region-veracruz\/attachment\/110122-secretaria-academica-veracruz-1-100k\/\" rel=\"attachment wp-att-108318\"><img aria-describedby=\"caption-attachment-108318\" decoding=\"async\" loading=\"lazy\" class=\"size-full wp-image-108318\" src=\"https:\/\/www.uv.mx\/prensa\/files\/2022\/01\/110122-Secretaria-academica-Veracruz-1-100k.jpg\" alt=\"Funcionarios de la UV y comunidad universitaria atestiguaron el acto protocolario de entrega del nombramiento a Enr\u00edquez Hern\u00e1ndez\" width=\"722\" height=\"481\" srcset=\"https:\/\/www.uv.mx\/prensa\/files\/2022\/01\/110122-Secretaria-academica-Veracruz-1-100k.jpg 722w, https:\/\/www.uv.mx\/prensa\/files\/2022\/01\/110122-Secretaria-academica-Veracruz-1-100k-300x200.jpg 300w\" sizes=\"(max-width: 722px) 100vw, 722px\" \/><\/a><p id=\"caption-attachment-108318\" class=\"wp-caption-text\">Funcionarios de la UV y comunidad universitaria atestiguaron el acto protocolario de entrega del nombramiento a Claudia Enr\u00edquez Hern\u00e1ndez<\/p><\/div>\n<p>&nbsp;<\/p>\n<p><b><i><span data-contrast=\"auto\">Blanca M. Gonz\u00e1lez Morales<\/span><\/i><\/b><span data-ccp-props=\"{&quot;134233279&quot;:true,&quot;201341983&quot;:0,&quot;335559739&quot;:160,&quot;335559740&quot;:240}\">\u00a0<\/span><\/p>\n<p><b><i><span data-contrast=\"auto\">11\/01\/2022, Veracruz, Ver.-<\/span><\/i><\/b><span data-contrast=\"auto\"> Rub\u00e9n Edel Navarro, vicerrector de la <a href=\"https:\/\/www.uv.mx\/veracruz\/\" target=\"_blank\" rel=\"noopener\">regi\u00f3n Veracruz<\/a> de la Universidad Veracruzana (UV), tom\u00f3 protesta y entreg\u00f3 nombramiento a Claudia Beatriz Enr\u00edquez Hern\u00e1ndez como nueva secretaria Acad\u00e9mica.<\/span><span data-ccp-props=\"{&quot;134233279&quot;:true,&quot;201341983&quot;:0,&quot;335559739&quot;:160,&quot;335559740&quot;:240}\">\u00a0<\/span><\/p>\n<p><span data-contrast=\"auto\">La ceremonia protocolaria se realiz\u00f3 en la Sala de Usos M\u00faltiples del <\/span><i><span data-contrast=\"auto\">campus<\/span><\/i><span data-contrast=\"auto\">, el viernes 7 de enero, con la asistencia de Pedro Guti\u00e9rrez Aguilar, director general del \u00c1rea Acad\u00e9mica de Ciencias de la Salud; Juan Pablo Mungu\u00eda Tiburcio, secretario regional de Administraci\u00f3n y Finanzas, y Jos\u00e9 Rogelio Lozano Enr\u00edquez, jefe del Departamento de Relaciones Laborales y Asuntos Jur\u00eddicos.<\/span><span data-ccp-props=\"{&quot;134233279&quot;:true,&quot;201341983&quot;:0,&quot;335559731&quot;:708,&quot;335559739&quot;:160,&quot;335559740&quot;:240}\">\u00a0<\/span><\/p>\n<p><span data-contrast=\"auto\">Asistieron los l\u00edderes sindicales Enrique Levet Gorozpe y Felipe Verdalet Guzm\u00e1n, secretario general y secretario regional del Sindicato Estatal del Personal Acad\u00e9mico de la UV (<\/span><i><span data-contrast=\"auto\">Fesapauv<\/span><\/i><span data-contrast=\"auto\">), respectivamente; asimismo, concurrieron directores y coordinadores de diversas \u00e1reas de la regi\u00f3n.<\/span><span data-ccp-props=\"{&quot;134233279&quot;:true,&quot;201341983&quot;:0,&quot;335559731&quot;:708,&quot;335559739&quot;:160,&quot;335559740&quot;:240}\">\u00a0<\/span><\/p>\n<p><span data-contrast=\"auto\">Edel Navarro refiri\u00f3 que el \u00e1rea acad\u00e9mica es fundamental para lograr una educaci\u00f3n de calidad, \u201cpero tambi\u00e9n el \u00e1rea administrativa es muy importante y lo que a nosotros nos corresponde es armonizar ambas, esa es la raz\u00f3n que nos re\u00fane este d\u00eda. Agradezco a Claudia Beatriz Enr\u00edquez Hern\u00e1ndez que se una y colabore con este equipo de trabajo de la Vicerrector\u00eda Veracruz\u201d.<\/span><span data-ccp-props=\"{&quot;134233279&quot;:true,&quot;201341983&quot;:0,&quot;335559731&quot;:708,&quot;335559739&quot;:160,&quot;335559740&quot;:240}\">\u00a0<\/span><\/p>\n<p><span data-contrast=\"auto\">Enr\u00edquez Hern\u00e1ndez agradeci\u00f3 al rector Mart\u00edn Aguilar S\u00e1nchez y al vicerrector Rub\u00e9n Edel por la oportunidad y confianza depositada en su persona para encargarse de la Secretar\u00eda Acad\u00e9mica regional.<\/span><\/p>\n<div id=\"attachment_108319\" style=\"width: 732px\" class=\"wp-caption aligncenter\"><a href=\"https:\/\/www.uv.mx\/prensa\/regiones\/claudia-enriquez-nueva-secretaria-academica-en-la-region-veracruz\/attachment\/110122-secretaria-academica-veracruz-2-100k\/\" rel=\"attachment wp-att-108319\"><img aria-describedby=\"caption-attachment-108319\" decoding=\"async\" loading=\"lazy\" class=\"size-full wp-image-108319\" src=\"https:\/\/www.uv.mx\/prensa\/files\/2022\/01\/110122-Secretaria-academica-Veracruz-2-100k.jpg\" alt=\"Claudia Beatriz Enr\u00edquez Hern\u00e1ndez fue designada como nueva secretaria Acad\u00e9mica de la regi\u00f3n Veracruz \" width=\"722\" height=\"481\" srcset=\"https:\/\/www.uv.mx\/prensa\/files\/2022\/01\/110122-Secretaria-academica-Veracruz-2-100k.jpg 722w, https:\/\/www.uv.mx\/prensa\/files\/2022\/01\/110122-Secretaria-academica-Veracruz-2-100k-300x200.jpg 300w\" sizes=\"(max-width: 722px) 100vw, 722px\" \/><\/a><p id=\"caption-attachment-108319\" class=\"wp-caption-text\">Claudia Beatriz Enr\u00edquez Hern\u00e1ndez fue designada como nueva secretaria Acad\u00e9mica de la regi\u00f3n Veracruz<\/p><\/div>\n<p>&nbsp;<\/p>\n<p><span data-contrast=\"auto\">\u201cTengo el deseo de seguir sirviendo a la UV, que a pesar de las adversidades de estos casi dos a\u00f1os de pandemia se ha fortalecido con el apoyo y participaci\u00f3n activa, consciente y comprometida de toda la comunidad universitaria, cuyo compromiso y entrega han quedado de manifiesto.<\/span><span data-ccp-props=\"{&quot;134233279&quot;:true,&quot;201341983&quot;:0,&quot;335559731&quot;:708,&quot;335559739&quot;:160,&quot;335559740&quot;:240}\">\u00a0<\/span><\/p>\n<p><span data-contrast=\"auto\">\u201dTengan presente que estar\u00e9 siempre al servicio de cada uno, con la transparencia y responsabilidad que me han caracterizado durante mis a\u00f1os de trayectoria en esta noble instituci\u00f3n. Todas las voces ser\u00e1n escuchadas con solidaridad y siempre con respeto a la normatividad vigente\u201d, confirm\u00f3.\u00a0<\/span><span data-ccp-props=\"{&quot;134233279&quot;:true,&quot;201341983&quot;:0,&quot;335559731&quot;:708,&quot;335559739&quot;:160,&quot;335559740&quot;:240}\">\u00a0<\/span><\/p>\n<p><span data-contrast=\"auto\">Finalmente, invit\u00f3 a la comunidad universitaria a trabajar en unidad \u201cpor nuestra UV, manteniendo la firme convicci\u00f3n de que el trabajo en equipo y colaborativo nos llevara\u0301 por buen camino, para seguir fortaleciendo los altos est\u00e1ndares de calidad de nuestra honorable casa de estudios\u201d.<\/span><span data-ccp-props=\"{&quot;134233279&quot;:true,&quot;201341983&quot;:0,&quot;335559731&quot;:708,&quot;335559739&quot;:160,&quot;335559740&quot;:240}\">\u00a0<\/span><\/p>\n<p><span data-contrast=\"auto\">Claudia Beatriz Enr\u00edquez Hern\u00e1ndez es licenciada en Enfermer\u00eda por la UV, con Maestr\u00eda en Ciencias de Enfermer\u00eda por la Universidad Aut\u00f3noma de Nuevo Le\u00f3n y Doctorado en Ciencias de la Salud en el Trabajo por la Universidad de Guadalajara. Acad\u00e9mica de tiempo completo Titular \u201cC\u201d y desde 2018 fungi\u00f3 como directora de la Facultad de Enfermer\u00eda en la regi\u00f3n Veracruz.<\/span><\/p>\n<div id=\"attachment_108320\" style=\"width: 732px\" class=\"wp-caption aligncenter\"><a href=\"https:\/\/www.uv.mx\/prensa\/regiones\/claudia-enriquez-nueva-secretaria-academica-en-la-region-veracruz\/attachment\/110122-secretaria-academica-veracruz-3-100k\/\" rel=\"attachment wp-att-108320\"><img aria-describedby=\"caption-attachment-108320\" decoding=\"async\" loading=\"lazy\" class=\"size-full wp-image-108320\" src=\"https:\/\/www.uv.mx\/prensa\/files\/2022\/01\/110122-Secretaria-academica-Veracruz-3-100k.jpg\" alt=\"El vicerrector Rub\u00e9n Edel Navarro tom\u00f3 protesta y entreg\u00f3 el nombramiento a la nueva funcionaria \" width=\"722\" height=\"482\" srcset=\"https:\/\/www.uv.mx\/prensa\/files\/2022\/01\/110122-Secretaria-academica-Veracruz-3-100k.jpg 722w, https:\/\/www.uv.mx\/prensa\/files\/2022\/01\/110122-Secretaria-academica-Veracruz-3-100k-300x200.jpg 300w\" sizes=\"(max-width: 722px) 100vw, 722px\" \/><\/a><p id=\"caption-attachment-108320\" class=\"wp-caption-text\">El vicerrector Rub\u00e9n Edel Navarro tom\u00f3 protesta y entreg\u00f3 el nombramiento a la nueva funcionaria<\/p><\/div>\n<p>&nbsp;<\/p>\n<p><span data-contrast=\"auto\">Cuenta con seis estancias nacionales y cuatro internacionales para fortalecer las redes de colaboraci\u00f3n inter y multidisciplinarias que promuevan la generaci\u00f3n y transferencia de conocimiento, tecnolog\u00eda y consecuci\u00f3n de fondos.<\/span><span data-ccp-props=\"{&quot;134233279&quot;:true,&quot;201341983&quot;:0,&quot;335559731&quot;:708,&quot;335559739&quot;:160,&quot;335559740&quot;:240}\">\u00a0<\/span><\/p>\n<p><span data-contrast=\"auto\">Es autora y coautora de 11 art\u00edculos arbitrados e indizados, tres libros y 17 cap\u00edtulos de libros; profesora del n\u00facleo acad\u00e9mico b\u00e1sico de la Maestr\u00eda en Enfermer\u00eda, con nivel \u201cEn desarrollo\u201d; profesora con Perfil Deseable del Programa para el Desarrollo Profesional Docente (<\/span><i><span data-contrast=\"auto\">Prodep<\/span><\/i><span data-contrast=\"auto\">), vigente desde 2009 a la fecha.<\/span><span data-ccp-props=\"{&quot;134233279&quot;:true,&quot;201341983&quot;:0,&quot;335559731&quot;:708,&quot;335559739&quot;:160,&quot;335559740&quot;:240}\">\u00a0<\/span><\/p>\n<p><span data-contrast=\"auto\">Enfermera docente certificada por la Federaci\u00f3n Mexicana de Colegios de Enfermer\u00eda y la Comisi\u00f3n Nacional de Certificaci\u00f3n en Enfermer\u00eda desde 2012 a la fecha. Expresidente de la Asociaci\u00f3n Mexicana de Investigadores para el Desarrollo Humano Sustentable y actualmente Secretaria Ejecutiva de la Federaci\u00f3n Mexicana de Facultades y Escuelas de Enfermer\u00eda, A. C.<\/span><span data-ccp-props=\"{&quot;134233279&quot;:true,&quot;201341983&quot;:0,&quot;335559731&quot;:708,&quot;335559739&quot;:160,&quot;335559740&quot;:240}\">\u00a0<\/span><\/p>\n<p><span data-contrast=\"auto\">Evaluadora externa del Consejo Mexicano para la Acreditaci\u00f3n de Enfermer\u00eda, A.C., organismo acreditador reconocido por el Consejo para la Acreditaci\u00f3n de la Educaci\u00f3n Superior, A. C. y fundadora e integrante activa de la Asociaci\u00f3n Latinoamericana de Doctores en Ciencias de la Salud en el Trabajo.<\/span><span data-ccp-props=\"{&quot;134233279&quot;:true,&quot;201341983&quot;:0,&quot;335559731&quot;:708,&quot;335559739&quot;:160,&quot;335559740&quot;:240}\">\u00a0<\/span><\/p>\n","protected":false},"excerpt":{"rendered":"<p>Claudia Enr\u00edquez Hern\u00e1ndez agradeci\u00f3 al rector Mart\u00edn Aguilar y al vicerrector Rub\u00e9n Edel por la oportunidad y confianza depositada en su persona para encargarse de la Secretar\u00eda Acad\u00e9mica regional <\/p>\n","protected":false},"author":1775,"featured_media":108319,"comment_status":"closed","ping_status":"closed","sticky":false,"template":"","format":"standard","meta":[],"categories":[32,55],"tags":[5057,4118,4807,6415,2642,3300,2459,892],"_links":{"self":[{"href":"https:\/\/www.uv.mx\/prensa\/wp-json\/wp\/v2\/posts\/108317"}],"collection":[{"href":"https:\/\/www.uv.mx\/prensa\/wp-json\/wp\/v2\/posts"}],"about":[{"href":"https:\/\/www.uv.mx\/prensa\/wp-json\/wp\/v2\/types\/post"}],"author":[{"embeddable":true,"href":"https:\/\/www.uv.mx\/prensa\/wp-json\/wp\/v2\/users\/1775"}],"replies":[{"embeddable":true,"href":"https:\/\/www.uv.mx\/prensa\/wp-json\/wp\/v2\/comments?post=108317"}],"version-history":[{"count":1,"href":"https:\/\/www.uv.mx\/prensa\/wp-json\/wp\/v2\/posts\/108317\/revisions"}],"predecessor-version":[{"id":108345,"href":"https:\/\/www.uv.mx\/prensa\/wp-json\/wp\/v2\/posts\/108317\/revisions\/108345"}],"wp:featuredmedia":[{"embeddable":true,"href":"https:\/\/www.uv.mx\/prensa\/wp-json\/wp\/v2\/media\/108319"}],"wp:attachment":[{"href":"https:\/\/www.uv.mx\/prensa\/wp-json\/wp\/v2\/media?parent=108317"}],"wp:term":[{"taxonomy":"category","embeddable":true,"href":"https:\/\/www.uv.mx\/prensa\/wp-json\/wp\/v2\/categories?post=108317"},{"taxonomy":"post_tag","embeddable":true,"href":"https:\/\/www.uv.mx\/prensa\/wp-json\/wp\/v2\/tags?post=108317"}],"curies":[{"name":"wp","href":"https:\/\/api.w.org\/{rel}","templated":true}]}}