{"id":107851,"date":"2021-12-27T08:00:12","date_gmt":"2021-12-27T14:00:12","guid":{"rendered":"https:\/\/www.uv.mx\/prensa\/?p=107851"},"modified":"2022-01-07T10:43:22","modified_gmt":"2022-01-07T16:43:22","slug":"egresado-uv-analizo-obra-de-baruch-spinoza","status":"publish","type":"post","link":"https:\/\/www.uv.mx\/prensa\/banner\/egresado-uv-analizo-obra-de-baruch-spinoza\/","title":{"rendered":"Egresado UV analiz\u00f3 obra de Baruch Spinoza"},"content":{"rendered":"<ul>\n<li data-leveltext=\"\uf0b7\" data-font=\"Symbol\" data-listid=\"1\" data-aria-posinset=\"1\" data-aria-level=\"1\"><i><span data-contrast=\"auto\">Su tesis \u201cUnivocidad, raz\u00f3n y\u00a0multitud: una lectura cr\u00edtica al pensamiento de Spinoza\u201d, le vali\u00f3 el\u00a0reconocimiento\u00a0en\u00a0el nivel\u00a0de\u00a0Maestr\u00eda\u00a0<\/span><\/i><span data-ccp-props=\"{&quot;134233279&quot;:true}\">\u00a0<\/span><\/li>\n<\/ul>\n<p><span data-ccp-props=\"{}\">\u00a0<\/span><\/p>\n<div id=\"attachment_107856\" style=\"width: 732px\" class=\"wp-caption aligncenter\"><a href=\"https:\/\/www.uv.mx\/prensa\/banner\/egresado-uv-analizo-obra-de-baruch-spinoza\/attachment\/171221-paola-aaron-espinoza-100k\/\" rel=\"attachment wp-att-107856\"><img aria-describedby=\"caption-attachment-107856\" decoding=\"async\" loading=\"lazy\" class=\"size-full wp-image-107856\" src=\"https:\/\/www.uv.mx\/prensa\/files\/2021\/12\/171221-PAOLA-Aaron-Espinoza-100k.jpg\" alt=\"Aar\u00f3n Espinoza desarroll\u00f3 investigaci\u00f3n sobre el pensamiento filos\u00f3fico de Baruch Spinoza \" width=\"722\" height=\"482\" srcset=\"https:\/\/www.uv.mx\/prensa\/files\/2021\/12\/171221-PAOLA-Aaron-Espinoza-100k.jpg 722w, https:\/\/www.uv.mx\/prensa\/files\/2021\/12\/171221-PAOLA-Aaron-Espinoza-100k-300x200.jpg 300w\" sizes=\"(max-width: 722px) 100vw, 722px\" \/><\/a><p id=\"caption-attachment-107856\" class=\"wp-caption-text\">Aar\u00f3n Espinoza desarroll\u00f3 investigaci\u00f3n sobre el pensamiento filos\u00f3fico de Baruch Spinoza<\/p><\/div>\n<p>&nbsp;<\/p>\n<p><b><i><span data-contrast=\"auto\">Paola Cort\u00e9s P\u00e9rez<\/span><\/i><\/b><span data-ccp-props=\"{}\">\u00a0<\/span><\/p>\n<p><b><i><span data-contrast=\"auto\">27\/12\/2021, Xalapa,\u00a0Ver.-<\/span><\/i><\/b><span data-contrast=\"auto\">\u00a0Aar\u00f3n Espinoza Conde\u00a0record\u00f3 que su primer encuentro con la filosof\u00eda fue \u201calgo raro\u201d,\u00a0se interes\u00f3 por\u00a0ella a partir de la lectura de\u00a0la\u00a0obra\u00a0<\/span><i><span data-contrast=\"auto\">As\u00ed habl\u00f3\u00a0Zaratustra<\/span><\/i><span data-contrast=\"auto\">, de\u00a0Friedrich Nietzsche. Ahora, es uno de los ganadores del Premio \u201cArte, Ciencia, Luz\u201d\u00a02021, en nivel de\u00a0Maestr\u00eda, que otorga la <a href=\"https:\/\/www.uv.mx\/\" target=\"_blank\" rel=\"noopener\">Universidad Veracruzana<\/a> (UV).<\/span><span data-ccp-props=\"{}\">\u00a0<\/span><\/p>\n<p><span data-contrast=\"auto\">En entrevista\u00a0concedida a\u00a0<\/span><i><span data-contrast=\"auto\">Universo<\/span><\/i><span data-contrast=\"auto\">,\u00a0<\/span><i><span data-contrast=\"auto\">Sistema de Noticias de la UV<\/span><\/i><span data-contrast=\"auto\">,\u00a0cont\u00f3: \u201cMi\u00a0inter\u00e9s primero fue por la historia, pero\u00a0en la clase de Filosof\u00eda\u00a0de\u00a0la preparatoria empezamos a revisar el pensamiento de Nietzsche; adem\u00e1s, dos profesoras excelentes \u2013que\u00a0impart\u00edan Sociolog\u00eda e Historia\u2013 me recomendaron lecturas\u00a0y\u00a0me influyeron para estudiar la Licenciatura en Filosof\u00eda\u201d.<\/span><span data-ccp-props=\"{&quot;335559731&quot;:708}\">\u00a0<\/span><\/p>\n<p><span data-contrast=\"auto\">El trabajo merecedor del premio se llama\u00a0\u201cUnivocidad, raz\u00f3n y multitud: una lectura cr\u00edtica al pensamiento de Spinoza\u201d.<\/span><span data-ccp-props=\"{&quot;335559731&quot;:708}\">\u00a0<\/span><\/p>\n<p><span data-contrast=\"auto\">En 2005 aprob\u00f3 el examen de admisi\u00f3n a la UV para estudiar en la Facultad de Filosof\u00eda;\u00a0sin embargo, tuvo que poner una pausa a su formaci\u00f3n profesional por cuestiones socioecon\u00f3micas. Fue en 2011 cuando retom\u00f3\u00a0los estudios, se percat\u00f3 que comprendi\u00f3 mejor las clases y los textos proporcionados.<\/span><span data-ccp-props=\"{&quot;335559731&quot;:708}\">\u00a0<\/span><\/p>\n<p><span data-contrast=\"auto\">Con respecto\u00a0al premio recibido por la UV a los mejores trabajos\u00a0recepcionales\u00a0de nivel T\u00e9cnico Superior Universitario (TSU), Licenciatura, Maestr\u00eda y Doctorado, Aar\u00f3n Espinoza\u00a0dijo sentirse contento pues\u00a0su trabajo de investigaci\u00f3n es muestra de un amplio esfuerzo.<\/span><span data-ccp-props=\"{&quot;335559731&quot;:708}\">\u00a0<\/span><\/p>\n<p><span data-contrast=\"auto\">\u201cSoy quien representa el trabajo, pero en el fondo hay muchas personas e ideas que impactan en \u00e9l, est\u00e1n presentes, no es una felicidad propia, sino una felicidad para aquellos que han compartido conmigo este proyecto.\u201d<\/span><span data-ccp-props=\"{&quot;335559731&quot;:708}\">\u00a0<\/span><\/p>\n<p><span data-contrast=\"auto\">A los estudiantes de Filosof\u00eda les dijo que los trabajos de investigaci\u00f3n que se ven muy especializados tienen un impacto, por lo\u00a0que\u00a0no\u00a0deben verlos\u00a0s\u00f3lo\u00a0como un paso m\u00e1s para concluir sus estudios, sino como la posibilidad de arrancar en el campo de la filosof\u00eda.<\/span><span data-ccp-props=\"{&quot;335559731&quot;:708}\">\u00a0<\/span><\/p>\n<p><span data-contrast=\"auto\">\u201cNo me considero un fil\u00f3sofo sino un estudiante, como tal tenemos que seguir abiertos a trabajar, porque toda investigaci\u00f3n tiene una finalidad.\u201d<\/span><\/p>\n<p><b><span data-contrast=\"auto\">Univocidad, raz\u00f3n y\u00a0multitud<\/span><\/b><span data-ccp-props=\"{}\"><br \/>\n<\/span><span data-contrast=\"auto\">Desde la licenciatura present\u00f3 una inclinaci\u00f3n por el pensamiento de\u00a0Baruch Spinoza, motivada por dos situaciones: una, por su tutor Jos\u00e9 Antonio\u00a0Hernanz Moral, quien lo acerc\u00f3 al fil\u00f3sofo\u00a0neerland\u00e9s; y dos,\u00a0un contratiempo familiar.<\/span><span data-ccp-props=\"{}\">\u00a0<\/span><\/p>\n<p><span data-contrast=\"auto\">\u201cOriginalmente este trabajo ya lo ven\u00eda maquinando desde la licenciatura, pero los tiempos no me permitieron hacer\u00a0una tesis tan amplia; as\u00ed que estrat\u00e9gicamente pens\u00e9 en desarrollarla durante la Maestr\u00eda en Filosof\u00eda\u201d, explic\u00f3.<\/span><span data-ccp-props=\"{&quot;335559731&quot;:708}\">\u00a0<\/span><\/p>\n<p><span data-contrast=\"auto\">Mencion\u00f3 que el pensamiento de\u00a0Spinoza\u00a0es complejo e\u00a0incompleto\u00a0\u2013a pesar de que escribi\u00f3 seis obras, s\u00f3lo dos completas\u2013, que a la vez tiene muchos entramados.<\/span><span data-ccp-props=\"{&quot;335559731&quot;:708}\">\u00a0<\/span><\/p>\n<p><span data-contrast=\"auto\">\u201cEn este juego de\u00a0incompletitud\u00a0y entramado se ha concluido que es un pensamiento ya establecido y completo; en la tesis expongo que se ve como una doctrina, tomarse doctrinariamente y aplicarse como si fuese un manual.\u201d<\/span><span data-ccp-props=\"{&quot;335559731&quot;:708}\">\u00a0<\/span><\/p>\n<p><span data-contrast=\"auto\">En el proyecto de investigaci\u00f3n\u00a0retoma a dos autores vivos:\u00a0Antonio\u00a0Negri\u00a0y\u00a0Slavoj\u00a0Zizek. En el inicio del trabajo, Aar\u00f3n Espinoza plantea que el pensamiento de Spinoza no es una doctrina, tiene que hacerse una pausa y analizarlo.<\/span><span data-ccp-props=\"{&quot;335559731&quot;:708}\">\u00a0<\/span><\/p>\n<p><span data-contrast=\"auto\">Para ello consider\u00f3\u00a0tres conceptos: univocidad, raz\u00f3n y multitud,\u00a0que\u00a0pueden dar pautas para la lectura del fil\u00f3sofo\u00a0neerland\u00e9s; tambi\u00e9n los consider\u00f3 porque de alguna manera hablan de las tres partes fundamentales de la filosof\u00eda desde su perspectiva: ontolog\u00eda (univocidad),\u00a0c\u00f3mo consideramos al hombre y c\u00f3mo se desarrollan los humanos (raz\u00f3n), y la pol\u00edtica (multitud).<\/span><span data-ccp-props=\"{&quot;335559731&quot;:708}\">\u00a0<\/span><\/p>\n<p><span data-contrast=\"auto\">\u201cDe alguna manera, estos tres conceptos me parecen indicios para reiniciar una lectura de Spinoza y consideremos que dentro de estas ideas su pensamiento no puede verse como algo f\u00e1cil de aplicar, como si estuviera sucediendo.\u201d<\/span><span data-ccp-props=\"{&quot;335559731&quot;:708}\">\u00a0<\/span><\/p>\n<p><span data-contrast=\"auto\">La conclusi\u00f3n,\u00a0mencion\u00f3, es que ning\u00fan texto de filosof\u00eda puede ser aplicado directamente,\u00a0lo que no significa que la filosof\u00eda sea in\u00fatil, sino saber qu\u00e9 debe saberse, qu\u00e9 debe tomarse\u00a0de un pensamiento filos\u00f3fico y c\u00f3mo se pretende usar.<\/span><span data-ccp-props=\"{&quot;335559731&quot;:708}\">\u00a0<\/span><\/p>\n<p><span data-contrast=\"auto\">\u201cLa filosof\u00eda es peligrosa porque explica\u00a0el fundamento de lo real desde una perspectiva cr\u00edtica, pero si es mal usada puede causar mucho da\u00f1o. Si no sabemos leerla, sentirla y aplicarla, \u00e9sta nos puede hacer da\u00f1o.\u201d<\/span><span data-ccp-props=\"{&quot;335559731&quot;:708}\">\u00a0<\/span><\/p>\n<p><span data-contrast=\"auto\">Destac\u00f3 que en los \u00faltimos 20 a\u00f1os\u00a0se han vuelto relevantes\u00a0las investigaciones sobre el\u00a0fil\u00f3sofo\u00a0Spinoza\u00a0en Am\u00e9rica Latina. \u201cA los estudiantes les digo que a\u00fan quedan muchas cosas por investigar, como\u00a0el\u00a0feminismo, la ecolog\u00eda, la econom\u00eda, las cuestiones de neurociencia\u201d.<\/span><span data-ccp-props=\"{&quot;335559731&quot;:708}\">\u00a0<\/span><\/p>\n<p><span data-contrast=\"auto\">Adem\u00e1s, invit\u00f3 a la comunidad universitaria a\u00a0acercarse a la filosof\u00eda,\u00a0\u201cno es mala\u00a0ni compleja,\u00a0es como\u00a0un texto de literatura general, se puede adentrar a ella con esfuerzo y cuando se hace\u00a0encontrar\u00e1n cosas interesantes.<\/span><span data-ccp-props=\"{&quot;335559731&quot;:708}\">\u00a0<\/span><\/p>\n<p><span data-contrast=\"auto\">\u201dLa\u00a0recomendaci\u00f3n para leer a Spinoza es iniciar con un peque\u00f1o op\u00fasculo\u00a0<\/span><i><span data-contrast=\"auto\">El tratado de la reforma del entendimiento<\/span><\/i><span data-contrast=\"auto\">, sus primeros 20 par\u00e1grafos dicen mucho del autor, son los que de alguna manera nos invitan\u00a0a darle un chance; no se acerquen a la obra m\u00e1s grande, porque a veces no nos dice todo.\u201d<\/span><span data-ccp-props=\"{&quot;335559731&quot;:708}\">\u00a0<\/span><\/p>\n","protected":false},"excerpt":{"rendered":"<p>Con el trabajo recepcional \u201cUnivocidad, raz\u00f3n y multitud: una lectura cr\u00edtica al pensamiento de Spinoza\u201d, Aar\u00f3n Espinoza Conde gan\u00f3el Premio \u201cArte, Ciencia, Luz\u201d, en la categor\u00eda de Maestr\u00eda <\/p>\n","protected":false},"author":1775,"featured_media":107857,"comment_status":"closed","ping_status":"closed","sticky":false,"template":"","format":"standard","meta":[],"categories":[61],"tags":[6348,5541,172,575,4164,721],"_links":{"self":[{"href":"https:\/\/www.uv.mx\/prensa\/wp-json\/wp\/v2\/posts\/107851"}],"collection":[{"href":"https:\/\/www.uv.mx\/prensa\/wp-json\/wp\/v2\/posts"}],"about":[{"href":"https:\/\/www.uv.mx\/prensa\/wp-json\/wp\/v2\/types\/post"}],"author":[{"embeddable":true,"href":"https:\/\/www.uv.mx\/prensa\/wp-json\/wp\/v2\/users\/1775"}],"replies":[{"embeddable":true,"href":"https:\/\/www.uv.mx\/prensa\/wp-json\/wp\/v2\/comments?post=107851"}],"version-history":[{"count":1,"href":"https:\/\/www.uv.mx\/prensa\/wp-json\/wp\/v2\/posts\/107851\/revisions"}],"predecessor-version":[{"id":108097,"href":"https:\/\/www.uv.mx\/prensa\/wp-json\/wp\/v2\/posts\/107851\/revisions\/108097"}],"wp:featuredmedia":[{"embeddable":true,"href":"https:\/\/www.uv.mx\/prensa\/wp-json\/wp\/v2\/media\/107857"}],"wp:attachment":[{"href":"https:\/\/www.uv.mx\/prensa\/wp-json\/wp\/v2\/media?parent=107851"}],"wp:term":[{"taxonomy":"category","embeddable":true,"href":"https:\/\/www.uv.mx\/prensa\/wp-json\/wp\/v2\/categories?post=107851"},{"taxonomy":"post_tag","embeddable":true,"href":"https:\/\/www.uv.mx\/prensa\/wp-json\/wp\/v2\/tags?post=107851"}],"curies":[{"name":"wp","href":"https:\/\/api.w.org\/{rel}","templated":true}]}}