{"id":106567,"date":"2021-12-02T15:58:53","date_gmt":"2021-12-02T21:58:53","guid":{"rendered":"https:\/\/www.uv.mx\/prensa\/?p=106567"},"modified":"2021-12-03T11:45:31","modified_gmt":"2021-12-03T17:45:31","slug":"lograr-una-educacion-inclusiva-no-es-una-tarea-sencilla-rector-de-la-uv","status":"publish","type":"post","link":"https:\/\/www.uv.mx\/prensa\/general\/lograr-una-educacion-inclusiva-no-es-una-tarea-sencilla-rector-de-la-uv\/","title":{"rendered":"\u201cLograr una educaci\u00f3n inclusiva no es una tarea sencilla\u201d: Rector de la UV"},"content":{"rendered":"<ul>\n<li data-leveltext=\"\u25cf\" data-font=\"\" data-listid=\"1\" data-aria-posinset=\"1\" data-aria-level=\"1\"><i><span data-contrast=\"auto\">El 2\u00b0 Foro Internacional de Inclusi\u00f3n en Educaci\u00f3n Superior es parte de sus actividades de integraci\u00f3n del paradigma de la inclusi\u00f3n en nuestra comunidad, subray\u00f3\u00a0<\/span><\/i><span data-ccp-props=\"{&quot;201341983&quot;:0,&quot;335559740&quot;:240}\">\u00a0<\/span><\/li>\n<li data-leveltext=\"\u25cf\" data-font=\"\" data-listid=\"1\" data-aria-posinset=\"2\" data-aria-level=\"1\"><i><span data-contrast=\"auto\">La ponente Claire de Saint Martin recalc\u00f3 que la accesibilidad en las universidades es una obligaci\u00f3n colectiva<\/span><\/i><span data-contrast=\"auto\">\u00a0<\/span><span data-ccp-props=\"{&quot;201341983&quot;:0,&quot;335559740&quot;:240}\">\u00a0<\/span><\/li>\n<\/ul>\n<p>&nbsp;<\/p>\n<div id=\"attachment_106571\" style=\"width: 732px\" class=\"wp-caption aligncenter\"><a href=\"https:\/\/www.uv.mx\/prensa\/files\/2021\/12\/021221-Foros-1.jpg\"><img loading=\"lazy\" decoding=\"async\" aria-describedby=\"caption-attachment-106571\" class=\"size-full wp-image-106571\" src=\"https:\/\/www.uv.mx\/prensa\/files\/2021\/12\/021221-Foros-1.jpg\" alt=\"\" width=\"722\" height=\"481\" srcset=\"https:\/\/www.uv.mx\/prensa\/files\/2021\/12\/021221-Foros-1.jpg 722w, https:\/\/www.uv.mx\/prensa\/files\/2021\/12\/021221-Foros-1-300x200.jpg 300w\" sizes=\"auto, (max-width: 722px) 100vw, 722px\" \/><\/a><p id=\"caption-attachment-106571\" class=\"wp-caption-text\">La UV inici\u00f3 el 2\u00b0 Foro Internacional de Inclusi\u00f3n en Educaci\u00f3n Superior<\/p><\/div>\n<p>&nbsp;<\/p>\n<p><strong><i>David Sandoval Rodr\u00edguez<\/i>\u00a0<\/strong><\/p>\n<p><b><i><span data-contrast=\"auto\">02\/12\/2021 Xalapa, Ver.-<\/span><\/i><\/b> <span data-contrast=\"auto\">El objetivo <\/span><span data-contrast=\"auto\">del 2\u00b0 Foro Internacional de Inclusi\u00f3n en Educaci\u00f3n Superior<\/span> <span data-contrast=\"auto\">es \u201crecrear una sensibilidad en las diferentes comunidades universitarias sobre la importancia y la fecundidad de la diferencia\u201d, dijo <\/span><span data-contrast=\"auto\">el rector de la <\/span><span data-contrast=\"auto\"><a href=\"https:\/\/www.uv.mx\/\" target=\"_blank\" rel=\"noopener\">Universidad Veracruzana<\/a> (UV) Mart\u00edn Aguilar S\u00e1nchez<\/span><span data-contrast=\"auto\">, al inaugurar<\/span><span data-contrast=\"auto\"> el evento <\/span><span data-contrast=\"auto\">convocado por e<\/span><span data-contrast=\"auto\">l Programa Universitario de Educaci\u00f3n Inclusiva<\/span><span data-contrast=\"auto\"> (PUEI).<\/span><span data-ccp-props=\"{&quot;201341983&quot;:0,&quot;335559740&quot;:240}\">\u00a0<\/span><\/p>\n<p><span data-contrast=\"auto\">Aguilar S\u00e1nchez destac\u00f3 que la m\u00e1xima casa de estudio de la entidad cuenta con el PUEI que, \u201ccomo parte de sus actividades de integraci\u00f3n del paradigma de la inclusi\u00f3n en nuestra comunidad, en especial en lo que se refiere a las personas en situaci\u00f3n de discapacidad ha convocado a este 2\u00b0 Foro Internacional de la Inclusi\u00f3n en Educaci\u00f3n Superior\u201d.<\/span><span data-ccp-props=\"{&quot;201341983&quot;:0,&quot;335559731&quot;:720,&quot;335559740&quot;:240}\">\u00a0<\/span><\/p>\n<p><span data-contrast=\"auto\">El Rector apunt\u00f3 que \u201clograr una educaci\u00f3n inclusiva no es una tarea sencilla, hay que poder analizar qu\u00e9 estructuras sociales, institucionales, culturales y ps\u00edquicas nos lo impiden; lo bueno es que elementos valiosos est\u00e1n al alcance de todos y todas, s\u00f3lo hay que saber identificarlos, elaborarlos y compartirlos\u201d.<\/span><span data-ccp-props=\"{&quot;201341983&quot;:0,&quot;335559731&quot;:720,&quot;335559740&quot;:240}\">\u00a0<\/span><\/p>\n<p><span data-contrast=\"auto\">La exclusi\u00f3n todav\u00eda ocurre en los centros escolares, acot\u00f3 y es precisamente la raz\u00f3n por la que se debe trabajar para evitar estas posibilidades y de esta manera convertirse en un compromiso \u00e9tico y pol\u00edtico, como la base de cualquier proyecto educativo.<\/span><span data-ccp-props=\"{&quot;201341983&quot;:0,&quot;335559731&quot;:720,&quot;335559740&quot;:240}\">\u00a0<\/span><\/p>\n<p><span data-contrast=\"auto\">\u201cNo se trata de romantizar el extremo sino de extremar la mirada y la comprensi\u00f3n y de atenernos a adoptar el punto de vista de quienes podr\u00edan estar excluidos de alguna realidad o directamente perjudicados por ella\u201d, dijo.<\/span><span data-ccp-props=\"{&quot;201341983&quot;:0,&quot;335559731&quot;:720,&quot;335559740&quot;:240}\">\u00a0<\/span><\/p>\n<p><span data-contrast=\"auto\">Los temas a tratar el jueves 2 y viernes 3 de diciembre ser\u00e1n g\u00e9nero, discapacidad, el concepto mismo de inclusividad, alteridad, pol\u00edticas y legislaci\u00f3n de inclusi\u00f3n en las Instituciones de Educaci\u00f3n Superior (IES), tecnolog\u00eda educativa y accesibilidad, entre otros, que ser\u00e1n reflexionados desde m\u00faltiples disciplinas.<\/span><span data-ccp-props=\"{&quot;201341983&quot;:0,&quot;335559731&quot;:720,&quot;335559740&quot;:240}\">\u00a0<\/span><\/p>\n<p>&nbsp;<\/p>\n<div id=\"attachment_106578\" style=\"width: 732px\" class=\"wp-caption aligncenter\"><a href=\"https:\/\/www.uv.mx\/prensa\/files\/2021\/12\/021221-Foros-2-1.jpg\"><img loading=\"lazy\" decoding=\"async\" aria-describedby=\"caption-attachment-106578\" class=\"size-full wp-image-106578\" src=\"https:\/\/www.uv.mx\/prensa\/files\/2021\/12\/021221-Foros-2-1.jpg\" alt=\"\" width=\"722\" height=\"481\" srcset=\"https:\/\/www.uv.mx\/prensa\/files\/2021\/12\/021221-Foros-2-1.jpg 722w, https:\/\/www.uv.mx\/prensa\/files\/2021\/12\/021221-Foros-2-1-300x200.jpg 300w\" sizes=\"auto, (max-width: 722px) 100vw, 722px\" \/><\/a><p id=\"caption-attachment-106578\" class=\"wp-caption-text\">El rector de la UV, Mart\u00edn Aguilar S\u00e1nchez, inaugur\u00f3 el evento destacando la labor del PUEI<\/p><\/div>\n<p>&nbsp;<\/p>\n<p><span data-contrast=\"auto\">Mar\u00eda Esther Barradas Alarc\u00f3n, coordinadora de la regi\u00f3n Veracruz del PUEI, dio la bienvenida a los asistentes virtuales y record\u00f3 que la discapacidad es un asunto de derechos humanos, con un aproximado de mil millones de personas a nivel mundial viviendo en esta condici\u00f3n, siendo los pa\u00edses en v\u00edas de desarrollo donde se concentra el mayor n\u00famero.<\/span><span data-ccp-props=\"{&quot;201341983&quot;:0,&quot;335559731&quot;:720,&quot;335559740&quot;:240}\">\u00a0<\/span><\/p>\n<p><span data-contrast=\"auto\">El 3 de diciembre se conmemora como D\u00eda Internacional de las Personas con Discapacidad con el prop\u00f3sito de visibilizarlos e incluirlos en la vida acad\u00e9mica, social, pol\u00edtica y cultural, precis\u00f3 Barradas Alarc\u00f3n.<\/span><span data-ccp-props=\"{&quot;201341983&quot;:0,&quot;335559740&quot;:240}\">\u00a0<\/span><\/p>\n<p><span data-contrast=\"auto\">No obstante, coment\u00f3 que <\/span><span data-contrast=\"auto\">son <\/span><span data-contrast=\"auto\">las barreras que le<\/span><span data-contrast=\"auto\">s<\/span><span data-contrast=\"auto\"> impone el entorno social o universitario las que impiden su inclusi\u00f3n plena y efectiva en igualdad de condiciones.<\/span><span data-ccp-props=\"{&quot;201341983&quot;:0,&quot;335559731&quot;:720,&quot;335559740&quot;:240}\">\u00a0<\/span><\/p>\n<p><span data-contrast=\"auto\">En tal sentido, Barradas Alarc\u00f3n afirm\u00f3 que la UV \u201ces reconocida como una universidad humanista, que crea por acuerdo rectoral en 2009 la coordinaci\u00f3n del PUEI y tiene representaci\u00f3n en cada una de las regiones de la instituci\u00f3n; a partir de 2018 se reformul\u00f3 atendiendo las \u00e1reas de pol\u00edticas, cultura y pr\u00e1cticas inclusivas\u201d.<\/span><span data-ccp-props=\"{&quot;201341983&quot;:0,&quot;335559740&quot;:240}\">\u00a0<\/span><\/p>\n<p><span data-contrast=\"auto\">Su finalidad es promover una universidad inclusiva donde prevalezcan procesos de formaci\u00f3n, aprendizaje y toma de conciencia que permita posicionar los valores de igualdad, no discriminaci\u00f3n y respeto a los derechos humanos, disminuir las barreras de aprendizaje acad\u00e9micas, sociales y profesionales para incluir a miembros de la comunidad que viven una situaci\u00f3n de discapacidad, detall\u00f3.<\/span><span data-ccp-props=\"{&quot;201341983&quot;:0,&quot;335559740&quot;:240}\">\u00a0<\/span><\/p>\n<p>&nbsp;<\/p>\n<div id=\"attachment_106569\" style=\"width: 732px\" class=\"wp-caption aligncenter\"><a href=\"https:\/\/www.uv.mx\/prensa\/files\/2021\/12\/021221-Foros-3.jpg\"><img loading=\"lazy\" decoding=\"async\" aria-describedby=\"caption-attachment-106569\" class=\"size-full wp-image-106569\" src=\"https:\/\/www.uv.mx\/prensa\/files\/2021\/12\/021221-Foros-3.jpg\" alt=\"\" width=\"722\" height=\"482\" srcset=\"https:\/\/www.uv.mx\/prensa\/files\/2021\/12\/021221-Foros-3.jpg 722w, https:\/\/www.uv.mx\/prensa\/files\/2021\/12\/021221-Foros-3-300x200.jpg 300w\" sizes=\"auto, (max-width: 722px) 100vw, 722px\" \/><\/a><p id=\"caption-attachment-106569\" class=\"wp-caption-text\">Claire de Saint Martin, profesora de la Universidad de Cergy-Pontoise, imparti\u00f3 la conferencia inaugural<\/p><\/div>\n<p>&nbsp;<\/p>\n<p><span data-contrast=\"auto\">El foro re\u00fane a especialistas de Francia, Espa\u00f1a, Costa Rica, Colombia y M\u00e9xico y contar\u00e1 con participaci\u00f3n v\u00eda remota de alumnos, alumnas y acad\u00e9micos de un gran n\u00famero de Instituciones de Educaci\u00f3n Superior (IES).<\/span><span data-ccp-props=\"{&quot;201341983&quot;:0,&quot;335559731&quot;:720,&quot;335559740&quot;:240}\">\u00a0<\/span><\/p>\n<p><span data-contrast=\"auto\">Con la conferencia \u201cLa Inclusi\u00f3n en la Universidad, un concepto impensado de las pol\u00edticas p\u00fablicas en Francia\u201d, a cargo de Claire de Saint Martin, profesora de ciencias de la educaci\u00f3n en el laboratorio EMA de la Universidad de Cergy-Pontoise, Francia, iniciaron las actividades del foro.<\/span><span data-ccp-props=\"{&quot;201341983&quot;:0,&quot;335559731&quot;:720,&quot;335559740&quot;:240}\">\u00a0<\/span><\/p>\n<p><span data-contrast=\"auto\">La accesibilidad en las universidades es una obligaci\u00f3n colectiva, subray\u00f3 la invitada; por tal raz\u00f3n y en el marco de la educaci\u00f3n superior tambi\u00e9n se comprende como acceso al conocimiento y no puede reducirse a la organizaci\u00f3n espacial sino que se extiende a los distintos cursos y ex\u00e1menes para acceder a la formaci\u00f3n profesional, a los cursos pedag\u00f3gicos y los requisitos para obtener un diploma, recalc\u00f3.<\/span><span data-ccp-props=\"{&quot;201341983&quot;:0,&quot;335559731&quot;:720,&quot;335559740&quot;:240}\">\u00a0<\/span><\/p>\n<p><span data-contrast=\"auto\">Con base en resultados de una investigaci\u00f3n realizada con estudiantes en condici\u00f3n de discapacidad de su universidad, plante\u00f3 que la inclusi\u00f3n universitaria puede categorizarse entre formal e informal, teniendo como elemento diferenciador la apropiaci\u00f3n por parte de los distintos actores de la universidad, desde los estudiantes, catedr\u00e1ticos, funcionarios, trabajadores y directivos.<\/span><span data-ccp-props=\"{&quot;201341983&quot;:0,&quot;335559731&quot;:720,&quot;335559740&quot;:240}\">\u00a0<\/span><\/p>\n<p><span data-contrast=\"auto\">\u201cEste doble movimiento pone a la vista obst\u00e1culos que persisten en la gesti\u00f3n universitaria, sin embargo hoy en d\u00eda todas las universidades en Francia tienen un servicio de acogida a los estudiantes con discapacidad\u201d.<\/span><span data-ccp-props=\"{&quot;201341983&quot;:0,&quot;335559731&quot;:720,&quot;335559740&quot;:240}\">\u00a0<\/span><\/p>\n<p><span data-contrast=\"auto\">Atendieron a la inauguraci\u00f3n Rub\u00e9n Edel Navarro, vicerrector de la regi\u00f3n Veracruz; Pedro Guti\u00e9rrez Aguilar, director general del \u00c1rea Acad\u00e9mica de Ciencias de la Salud; Jorge S\u00e1nchez Mejorada Fern\u00e1n<\/span><span data-contrast=\"auto\">d<\/span><span data-contrast=\"auto\">ez, coordinador del Centro para el Desarrollo Humano e Integral de los Universitarios (<\/span><i><span data-contrast=\"auto\">Cendhiu<\/span><\/i><span data-contrast=\"auto\">); las coordinadoras regionales universitarias del PUEI, al igual que estudiantes y directores de las facultades de Psicolog\u00eda de las regiones universitarias.<\/span><span data-ccp-props=\"{&quot;201341983&quot;:0,&quot;335559731&quot;:720,&quot;335559740&quot;:240}\">\u00a0<\/span><\/p>\n<p>&nbsp;<\/p>\n<div id=\"attachment_106570\" style=\"width: 732px\" class=\"wp-caption aligncenter\"><a href=\"https:\/\/www.uv.mx\/prensa\/files\/2021\/12\/021221-Foros-4.jpg\"><img loading=\"lazy\" decoding=\"async\" aria-describedby=\"caption-attachment-106570\" class=\"size-full wp-image-106570\" src=\"https:\/\/www.uv.mx\/prensa\/files\/2021\/12\/021221-Foros-4.jpg\" alt=\"\" width=\"722\" height=\"481\" srcset=\"https:\/\/www.uv.mx\/prensa\/files\/2021\/12\/021221-Foros-4.jpg 722w, https:\/\/www.uv.mx\/prensa\/files\/2021\/12\/021221-Foros-4-300x200.jpg 300w\" sizes=\"auto, (max-width: 722px) 100vw, 722px\" \/><\/a><p id=\"caption-attachment-106570\" class=\"wp-caption-text\">Mar\u00eda Esther Barradas, coordinadora de la regi\u00f3n Veracruz del PUEI, dio la bienvenida a todos los participantes virtuales<\/p><\/div>\n","protected":false},"excerpt":{"rendered":"<p>\u201cHay que poder analizar qu\u00e9 estructuras sociales, institucionales, culturales y ps\u00edquicas nos lo impiden\u201d, afirm\u00f3<\/p>\n","protected":false},"author":1508,"featured_media":106572,"comment_status":"closed","ping_status":"closed","sticky":false,"template":"","format":"standard","meta":{"footnotes":""},"categories":[1],"tags":[],"class_list":["post-106567","post","type-post","status-publish","format-standard","has-post-thumbnail","hentry","category-general"],"_links":{"self":[{"href":"https:\/\/www.uv.mx\/prensa\/wp-json\/wp\/v2\/posts\/106567","targetHints":{"allow":["GET"]}}],"collection":[{"href":"https:\/\/www.uv.mx\/prensa\/wp-json\/wp\/v2\/posts"}],"about":[{"href":"https:\/\/www.uv.mx\/prensa\/wp-json\/wp\/v2\/types\/post"}],"author":[{"embeddable":true,"href":"https:\/\/www.uv.mx\/prensa\/wp-json\/wp\/v2\/users\/1508"}],"replies":[{"embeddable":true,"href":"https:\/\/www.uv.mx\/prensa\/wp-json\/wp\/v2\/comments?post=106567"}],"version-history":[{"count":1,"href":"https:\/\/www.uv.mx\/prensa\/wp-json\/wp\/v2\/posts\/106567\/revisions"}],"predecessor-version":[{"id":106606,"href":"https:\/\/www.uv.mx\/prensa\/wp-json\/wp\/v2\/posts\/106567\/revisions\/106606"}],"wp:featuredmedia":[{"embeddable":true,"href":"https:\/\/www.uv.mx\/prensa\/wp-json\/wp\/v2\/media\/106572"}],"wp:attachment":[{"href":"https:\/\/www.uv.mx\/prensa\/wp-json\/wp\/v2\/media?parent=106567"}],"wp:term":[{"taxonomy":"category","embeddable":true,"href":"https:\/\/www.uv.mx\/prensa\/wp-json\/wp\/v2\/categories?post=106567"},{"taxonomy":"post_tag","embeddable":true,"href":"https:\/\/www.uv.mx\/prensa\/wp-json\/wp\/v2\/tags?post=106567"}],"curies":[{"name":"wp","href":"https:\/\/api.w.org\/{rel}","templated":true}]}}