{"id":106501,"date":"2021-12-01T16:25:01","date_gmt":"2021-12-01T22:25:01","guid":{"rendered":"https:\/\/www.uv.mx\/prensa\/?p=106501"},"modified":"2021-12-03T12:02:15","modified_gmt":"2021-12-03T18:02:15","slug":"vinculacion-de-universidades-con-agenda-2030-ya-es-una-realidad-en-al","status":"publish","type":"post","link":"https:\/\/www.uv.mx\/prensa\/banner\/vinculacion-de-universidades-con-agenda-2030-ya-es-una-realidad-en-al\/","title":{"rendered":"Vinculaci\u00f3n de universidades con Agenda 2030 ya es una realidad en AL"},"content":{"rendered":"<ul>\n<li data-leveltext=\"\uf0b7\" data-font=\"Symbol\" data-listid=\"1\" data-aria-posinset=\"1\" data-aria-level=\"1\"><i><span data-contrast=\"auto\">El rector de la Universidad Veracruzana, Mart\u00edn Aguilar S\u00e1nchez, inaugur\u00f3 el panel \u201cVinculaci\u00f3n de la universidad a los procesos de desarrollo local y los Objetivos de Desarrollo Sostenible ODS 2030\u201d, en colaboraci\u00f3n con la UDUAL<\/span><\/i><span data-ccp-props=\"{&quot;134233279&quot;:true}\">\u00a0<\/span><\/li>\n<li data-leveltext=\"\uf0b7\" data-font=\"Symbol\" data-listid=\"1\" data-aria-posinset=\"2\" data-aria-level=\"1\"><i><span data-contrast=\"auto\">\u201cLas IES tienen una oportunidad hist\u00f3rica al aportar agentes activos y protagonistas al desarrollo local con un modelo basado en los ODS\u201d, dijo Javier Bronfman, del PNUD<\/span><\/i><span data-ccp-props=\"{&quot;134233279&quot;:true}\">\u00a0<\/span><\/li>\n<\/ul>\n<p>&nbsp;<\/p>\n<div id=\"attachment_106483\" style=\"width: 732px\" class=\"wp-caption aligncenter\"><img loading=\"lazy\" decoding=\"async\" aria-describedby=\"caption-attachment-106483\" class=\"size-full wp-image-106483\" src=\"https:\/\/www.uv.mx\/prensa\/files\/2021\/12\/011221-DAVID-Panel-Vinculacion-de-la-Universidad-ODS-2030-1.jpg\" alt=\"\" width=\"722\" height=\"309\" srcset=\"https:\/\/www.uv.mx\/prensa\/files\/2021\/12\/011221-DAVID-Panel-Vinculacion-de-la-Universidad-ODS-2030-1.jpg 722w, https:\/\/www.uv.mx\/prensa\/files\/2021\/12\/011221-DAVID-Panel-Vinculacion-de-la-Universidad-ODS-2030-1-300x128.jpg 300w, https:\/\/www.uv.mx\/prensa\/files\/2021\/12\/011221-DAVID-Panel-Vinculacion-de-la-Universidad-ODS-2030-1-350x150.jpg 350w\" sizes=\"auto, (max-width: 722px) 100vw, 722px\" \/><p id=\"caption-attachment-106483\" class=\"wp-caption-text\">La UV fue sede del panel internacional de vinculaci\u00f3n con los ODS de la Agenda 2030 de la ONU en colaboraci\u00f3n con la UDUAL<\/p><\/div>\n<p>&nbsp;<\/p>\n<p><b><i><span data-contrast=\"auto\">David Sandoval Rodr\u00edguez<\/span><\/i><\/b><span data-ccp-props=\"{}\">\u00a0<\/span><\/p>\n<p><span data-ccp-props=\"{}\">\u00a0<\/span><b><i><span data-contrast=\"auto\">01\/12\/2021, Xalapa, Ver.- <\/span><\/i><\/b><span data-contrast=\"auto\">La<a href=\"https:\/\/www.uv.mx\/\" target=\"_blank\" rel=\"noopener\"> Universidad Veracruzana<\/a> (UV) fue sede virtual del panel \u201cVinculaci\u00f3n de la universidad a los procesos de desarrollo local y los Objetivos de Desarrollo Sostenible ODS 2030\u201d, que coorganiz\u00f3 con la Uni\u00f3n de Universidades de Am\u00e9rica Latina y el Caribe (UDUAL), en el que participaron acad\u00e9micos de Argentina, Cuba, Espa\u00f1a y Chile.<\/span><span data-ccp-props=\"{}\">\u00a0<\/span><\/p>\n<p><span data-contrast=\"auto\">Al inaugurar el evento, Mart\u00edn Aguilar S\u00e1nchez, rector de la Universidad Veracruzana (UV), se\u00f1al\u00f3: \u201cLas universidades de todo el mundo podemos y debemos hacer aportaciones valiosas que conjuguen posibilidades e intervenciones eficaces sobre las condiciones de nuestro presente\u201d.<\/span><span data-ccp-props=\"{&quot;335559731&quot;:708}\">\u00a0<\/span><\/p>\n<p><span data-contrast=\"auto\">Es crucial que las universidades hallen las v\u00edas para conectar con los Objetivos de Desarrollo Sostenible (ODS), plasmados por la Organizaci\u00f3n de las Naciones Unidas (ONU) en su Agenda 2030, adem\u00e1s de generar m\u00faltiples formas de expresarlos y compartirlos, agreg\u00f3.<\/span><span data-ccp-props=\"{&quot;335559731&quot;:708}\">\u00a0<\/span><\/p>\n<p><span data-contrast=\"auto\">Las instituciones de educaci\u00f3n superior (IES) de la regi\u00f3n, a trav\u00e9s de la UDUAL, adquirieron el compromiso de implementar la Agenda 2030 y en el caso de la UV, precis\u00f3, \u201chemos definido a los derechos humanos y la sustentabilidad como los ejes rectores de nuestro Programa de Trabajo 2021-2025\u201d.<\/span><span data-ccp-props=\"{&quot;335559731&quot;:708}\">\u00a0<\/span><\/p>\n<p><span data-contrast=\"auto\">Dichos ejes abarcan varios de los ODS de la Agenda 2030 que inciden en \u201ctodas nuestras funciones sustantivas y proponen un cambio en la gesti\u00f3n universitaria, un giro en el punto de vista que implica salir de la manera como inmediatamente miramos y nos representamos la realidad educativa para situarnos en otra, m\u00e1s digna, m\u00e1s consciente y m\u00e1s justa\u201d.<\/span><span data-ccp-props=\"{&quot;335559731&quot;:708}\">\u00a0<\/span><\/p>\n<p>&nbsp;<\/p>\n<div id=\"attachment_106484\" style=\"width: 732px\" class=\"wp-caption aligncenter\"><img loading=\"lazy\" decoding=\"async\" aria-describedby=\"caption-attachment-106484\" class=\"size-full wp-image-106484\" src=\"https:\/\/www.uv.mx\/prensa\/files\/2021\/12\/011221-DAVID-Panel-Vinculacion-de-la-Universidad-ODS-2030-2.jpg\" alt=\"\" width=\"722\" height=\"411\" srcset=\"https:\/\/www.uv.mx\/prensa\/files\/2021\/12\/011221-DAVID-Panel-Vinculacion-de-la-Universidad-ODS-2030-2.jpg 722w, https:\/\/www.uv.mx\/prensa\/files\/2021\/12\/011221-DAVID-Panel-Vinculacion-de-la-Universidad-ODS-2030-2-300x171.jpg 300w\" sizes=\"auto, (max-width: 722px) 100vw, 722px\" \/><p id=\"caption-attachment-106484\" class=\"wp-caption-text\">El rector de la UV inaugur\u00f3 el evento, destacando la articulaci\u00f3n con el Programa de Trabajo 2021-2025<\/p><\/div>\n<p>&nbsp;<\/p>\n<p><span data-contrast=\"auto\">Aguilar S\u00e1nchez manifest\u00f3 su inter\u00e9s para que el encuentro se convierta en \u201cun horizonte de construcci\u00f3n de otras coordenadas econ\u00f3micas, pol\u00edticas y ambientales, dibujadas a partir de pr\u00e1cticas concretas de vida en com\u00fan a diversas escalas, tanto territoriales como sociales e institucionales\u201d.<\/span><span data-ccp-props=\"{&quot;335559731&quot;:708}\">\u00a0<\/span><\/p>\n<p><span data-contrast=\"auto\">En seguida, Alejandro Villar, rector de la Universidad de Quilmes, Argentina, reafirm\u00f3 que el desarrollo de los ODS y las actividades de las universidades est\u00e1n entrecruzadas, a lo que se suma \u201cel perfil de las universidades de Am\u00e9rica Latina y el Caribe que han mostrado un profundo compromiso con los problemas locales y sociales, problemas ambientales de los territorios; todos dentro de los ejes de los ODS y que ya est\u00e1n en las agendas universitarias, por eso es muy importante que las universidades de la regi\u00f3n tengan este tipo de encuentros\u201d.<\/span><span data-ccp-props=\"{&quot;335559731&quot;:708}\">\u00a0<\/span><\/p>\n<p><span data-contrast=\"auto\">El panel inici\u00f3 con el acad\u00e9mico e investigador Javier Bronfman en representaci\u00f3n del Programa de las Naciones Unidas para el Desarrollo (PNUD), quien destac\u00f3 que el rol de la universidad es crucial en la regi\u00f3n y puede aprovechar los v\u00ednculos intersectoriales para el desarrollo de pol\u00edticas apegadas a la Agenda 2030.<\/span><span data-ccp-props=\"{&quot;335559731&quot;:708}\">\u00a0<\/span><\/p>\n<p><span data-contrast=\"auto\">Explic\u00f3 que las IES tienen una oportunidad hist\u00f3rica para aportar agentes activos y protagonistas del desarrollo local con un modelo socio-ambiental basado en los ODS y servir como gu\u00eda para asegurar la calidad y pertinencia de las universidades.<\/span><span data-ccp-props=\"{&quot;335559731&quot;:708}\">\u00a0<\/span><\/p>\n<p><span data-contrast=\"auto\">Adem\u00e1s consider\u00f3 que la vinculaci\u00f3n juega un rol fundamental en distintos niveles que est\u00e1n interconectados entre los estudiantes, acad\u00e9micos y administrativos con su sociedad, por ello significan una gran oportunidad para generar el desarrollo local.<\/span><span data-ccp-props=\"{&quot;335559731&quot;:708}\">\u00a0<\/span><\/p>\n<p>&nbsp;<\/p>\n<div id=\"attachment_106478\" style=\"width: 732px\" class=\"wp-caption aligncenter\"><img loading=\"lazy\" decoding=\"async\" aria-describedby=\"caption-attachment-106478\" class=\"size-full wp-image-106478\" src=\"https:\/\/www.uv.mx\/prensa\/files\/2021\/12\/011221-DAVID-Panel-Vinculacion-de-la-Universidad-ODS-2030-3.jpg\" alt=\"\" width=\"722\" height=\"407\" srcset=\"https:\/\/www.uv.mx\/prensa\/files\/2021\/12\/011221-DAVID-Panel-Vinculacion-de-la-Universidad-ODS-2030-3.jpg 722w, https:\/\/www.uv.mx\/prensa\/files\/2021\/12\/011221-DAVID-Panel-Vinculacion-de-la-Universidad-ODS-2030-3-300x169.jpg 300w\" sizes=\"auto, (max-width: 722px) 100vw, 722px\" \/><p id=\"caption-attachment-106478\" class=\"wp-caption-text\">Alejandro Villar, rector de la Universidad de Quilmes, Argentina, reconoci\u00f3 el compromiso social de las instituciones<\/p><\/div>\n<p>&nbsp;<\/p>\n<p><span data-contrast=\"auto\">Por la UV particip\u00f3 Juan Carlos Sandoval Rivera, acad\u00e9mico del Instituto de Investigaciones en Educaci\u00f3n (IIE), quien recalc\u00f3: \u201cLa universidad es un actor clave de la Agenda 2030 para generar la colaboraci\u00f3n en el contexto disciplinario y entre sectores, la pregunta clave es c\u00f3mo propiciar respuestas adecuadas a los contextos\u201d.<\/span><span data-ccp-props=\"{&quot;335559731&quot;:708}\">\u00a0<\/span><\/p>\n<p><span data-contrast=\"auto\">Uno de los grandes retos es de car\u00e1cter estructural, advirti\u00f3, dado que las IES est\u00e1n marcadas por un modelo neoliberal, lo que genera tensi\u00f3n en las universidades porque se atiende a las necesidades en t\u00e9rminos de este esquema socioecon\u00f3mico.<\/span><span data-ccp-props=\"{&quot;335559731&quot;:708}\">\u00a0<\/span><\/p>\n<p><span data-contrast=\"auto\">Paola Corona Guti\u00e9rrez, coordinadora general de Planeaci\u00f3n y Evaluaci\u00f3n de la Universidad de Guadalajara, mostr\u00f3 la articulaci\u00f3n del Plan de Desarrollo Institucional 2019-2025 con los ODS.<\/span><span data-ccp-props=\"{&quot;335559731&quot;:708}\">\u00a0<\/span><\/p>\n<p><span data-contrast=\"auto\">Con base en la medici\u00f3n externa proporcionada por el <\/span><i><span data-contrast=\"auto\">ranking<\/span><\/i><span data-contrast=\"auto\"> de UI GreenMetric, su instituci\u00f3n ha logrado el lugar 298 de 912 a nivel global, destacando en los rubros de transporte, energ\u00eda, educaci\u00f3n e investigaci\u00f3n, cambio clim\u00e1tico y transportaci\u00f3n.<\/span><span data-ccp-props=\"{&quot;335559731&quot;:708}\">\u00a0<\/span><\/p>\n<p><span data-contrast=\"auto\">Patricia Gonz\u00e1lez D\u00edaz, acad\u00e9mica del Centro de Investigaciones Marinas de la Universidad de La Habana, Cuba, expuso resultados de procesos de desarrollo local en comunidades costeras de la isla en los que la universidad ha trabajado en conjunto con \u00e9stas para conservar sus recursos naturales y el manejo sostenible de los mismos.<\/span><span data-ccp-props=\"{&quot;335559731&quot;:708}\">\u00a0<\/span><\/p>\n<p>&nbsp;<\/p>\n<div id=\"attachment_106479\" style=\"width: 732px\" class=\"wp-caption aligncenter\"><img loading=\"lazy\" decoding=\"async\" aria-describedby=\"caption-attachment-106479\" class=\"size-full wp-image-106479\" src=\"https:\/\/www.uv.mx\/prensa\/files\/2021\/12\/011221-DAVID-Panel-Vinculacion-de-la-Universidad-ODS-2030-4.jpg\" alt=\"\" width=\"722\" height=\"382\" srcset=\"https:\/\/www.uv.mx\/prensa\/files\/2021\/12\/011221-DAVID-Panel-Vinculacion-de-la-Universidad-ODS-2030-4.jpg 722w, https:\/\/www.uv.mx\/prensa\/files\/2021\/12\/011221-DAVID-Panel-Vinculacion-de-la-Universidad-ODS-2030-4-300x159.jpg 300w\" sizes=\"auto, (max-width: 722px) 100vw, 722px\" \/><p id=\"caption-attachment-106479\" class=\"wp-caption-text\">Javier Bronfman, del PNUD, dijo que las universidades latinoamericanas tienen una oportunidad hist\u00f3rica para impulsar el desarrollo local<\/p><\/div>\n<p>&nbsp;<\/p>\n<p><span data-contrast=\"auto\">La acad\u00e9mica comparti\u00f3 tres ejemplos de turismo sostenible en distintas regiones costeras de la isla que toman en cuenta las necesidades locales, con los que \u201cse logr\u00f3 una sinergia donde se involucraron los pescadores de subsistencia, as\u00ed como los pescadores deportivos, unidos a microestaciones biol\u00f3gicas que aport\u00f3 la universidad\u201d.<\/span><span data-ccp-props=\"{&quot;335559731&quot;:708}\">\u00a0<\/span><\/p>\n<p><span data-contrast=\"auto\">Los elementos que han facilitado los proyectos es la formaci\u00f3n de capacidades locales, la existencia de l\u00edderes con preparaci\u00f3n universitaria o posgrado, sinergia de actores locales e institucionales y el acompa\u00f1amiento de los centros universitarios que aportan el basamento te\u00f3rico, asisten en la formaci\u00f3n de capacidades y ayudan a buscar alternativas de financiamiento.<\/span><span data-ccp-props=\"{&quot;335559731&quot;:708}\">\u00a0<\/span><\/p>\n<p><span data-contrast=\"auto\">En representaci\u00f3n de la Conferencia de Rectores de las Universidades Espa\u00f1olas (CRUE), Santiago Garc\u00eda Granda, presidente de la Comisi\u00f3n para la Agenda 2030, coment\u00f3 que \u00e9sta se organiza en tres grupos de trabajo: estrategia de pa\u00eds, coherencia de pol\u00edticas y una comisi\u00f3n de g\u00e9nero.<\/span><span data-ccp-props=\"{&quot;335559731&quot;:708}\">\u00a0<\/span><\/p>\n<p><span data-contrast=\"auto\">A la fecha, el mayor reto es la obtenci\u00f3n de fondos de la Uni\u00f3n Europea (UE) para las universidades, cuyas \u00e1reas de aplicaci\u00f3n son: ciencia y conocimiento, formaci\u00f3n y empleo, y transformaci\u00f3n digital con especial importancia en la sostenibilidad.<\/span><span data-ccp-props=\"{&quot;335559731&quot;:708}\">\u00a0<\/span><\/p>\n<p><span data-contrast=\"auto\">\u201cEs importante dotarnos de herramientas que generen informaci\u00f3n sobre el trabajo de las universidades, adem\u00e1s de transmitirlo a nuestros socios y colaboradores nacionales e internacionales y al equipo que elabora el plan de recuperaci\u00f3n y resiliencia del gobierno espa\u00f1ol.\u201d<\/span><span data-ccp-props=\"{&quot;335559731&quot;:708}\">\u00a0<\/span><\/p>\n<p>&nbsp;<\/p>\n<div id=\"attachment_106480\" style=\"width: 732px\" class=\"wp-caption aligncenter\"><img loading=\"lazy\" decoding=\"async\" aria-describedby=\"caption-attachment-106480\" class=\"size-full wp-image-106480\" src=\"https:\/\/www.uv.mx\/prensa\/files\/2021\/12\/011221-DAVID-Panel-Vinculacion-de-la-Universidad-ODS-2030-5.jpg\" alt=\"\" width=\"722\" height=\"377\" srcset=\"https:\/\/www.uv.mx\/prensa\/files\/2021\/12\/011221-DAVID-Panel-Vinculacion-de-la-Universidad-ODS-2030-5.jpg 722w, https:\/\/www.uv.mx\/prensa\/files\/2021\/12\/011221-DAVID-Panel-Vinculacion-de-la-Universidad-ODS-2030-5-300x157.jpg 300w\" sizes=\"auto, (max-width: 722px) 100vw, 722px\" \/><p id=\"caption-attachment-106480\" class=\"wp-caption-text\">Juan Carlos Sandoval, investigador del IIE-UV, consider\u00f3 que se debe reflexionar sobre el modelo neoliberal que a\u00fan incide en las universidades<\/p><\/div>\n<p>&nbsp;<\/p>\n<p><span data-contrast=\"auto\">A continuaci\u00f3n, Hugo Oscar Juri, rector de la Universidad Nacional de C\u00f3rdoba, campus virtual en Argentina, record\u00f3 que la pertinencia local es una condici\u00f3n muy particular en Am\u00e9rica Latina.<\/span><span data-ccp-props=\"{&quot;335559731&quot;:708}\">\u00a0<\/span><\/p>\n<p><span data-contrast=\"auto\">La ventaja de las universidades p\u00fablicas en la regi\u00f3n es su legitimidad, apunt\u00f3, \u201cson las instituciones que tienen mayor credibilidad en la sociedad y es muy importante para la difusi\u00f3n de los mensajes tendientes a cumplir los ODS a trav\u00e9s de la sinergia, en igual sentido las universidades tienen un gran poder de convocatoria\u201d.<\/span><span data-ccp-props=\"{&quot;335559731&quot;:708}\">\u00a0<\/span><\/p>\n<p><span data-contrast=\"auto\">Francisco Antonio Tamarit, acad\u00e9mico de la Universidad Nacional de C\u00f3rdoba, hizo la relator\u00eda final destacando el compromiso de las IES en la regi\u00f3n y reconoci\u00f3 que la UDUAL encauza la colaboraci\u00f3n y la cooperaci\u00f3n beneficiosa.<\/span><span data-ccp-props=\"{&quot;335559731&quot;:708}\">\u00a0<\/span><\/p>\n<p><span data-contrast=\"auto\">Como reflexi\u00f3n final respecto al desarrollo sostenible, plante\u00f3: \u201cLo primero que hay que entender es qu\u00e9 entendemos por desarrollo; estamos imbuidos por una concepci\u00f3n de desarrollo antigua, hay que pugnar por un concepto que considere las capacidades humanas, el ambiente y la noci\u00f3n de crecimiento, todo ello se tiene que poner en cuesti\u00f3n al interior de las universidades\u201d.<\/span><span data-ccp-props=\"{}\">\u00a0<\/span><\/p>\n<p><span data-contrast=\"auto\">Atendieron a la sesi\u00f3n por <\/span><i><span data-contrast=\"auto\">UVZoom<\/span><\/i><span data-contrast=\"auto\">: Mario Oliva Su\u00e1rez, director general de Relaciones Internacionales (DGRI) de la UV; Patricio Y\u00e9pez, coordinador de Relaciones Internacionales de la UDUAL, as\u00ed como acad\u00e9micos y funcionarios de las instituciones participantes.<\/span><span data-ccp-props=\"{&quot;335559731&quot;:708}\">\u00a0<\/span><\/p>\n<p>&nbsp;<\/p>\n<div id=\"attachment_106503\" style=\"width: 732px\" class=\"wp-caption aligncenter\"><img loading=\"lazy\" decoding=\"async\" aria-describedby=\"caption-attachment-106503\" class=\"size-full wp-image-106503\" src=\"https:\/\/www.uv.mx\/prensa\/files\/2021\/12\/011221-DAVID-Panel-Vinculacion-de-la-Universidad-ODS-2030-6.jpg\" alt=\"\" width=\"722\" height=\"381\" srcset=\"https:\/\/www.uv.mx\/prensa\/files\/2021\/12\/011221-DAVID-Panel-Vinculacion-de-la-Universidad-ODS-2030-6.jpg 722w, https:\/\/www.uv.mx\/prensa\/files\/2021\/12\/011221-DAVID-Panel-Vinculacion-de-la-Universidad-ODS-2030-6-300x158.jpg 300w\" sizes=\"auto, (max-width: 722px) 100vw, 722px\" \/><p id=\"caption-attachment-106503\" class=\"wp-caption-text\">Paola Corona, Patricia Gonz\u00e1lez, Santiago Garc\u00eda, Hugo Oscar Juri y Francisco Antonio Tamarit, participantes internacionales del panel<\/p><\/div>\n","protected":false},"excerpt":{"rendered":"<p>El rector de la Universidad Veracruzana, Mart\u00edn Aguilar S\u00e1nchez, inaugur\u00f3 el panel \u201cVinculaci\u00f3n de la universidad a los procesos de desarrollo local y los Objetivos de Desarrollo Sostenible ODS 2030\u201d, en colaboraci\u00f3n con la UDUAL\u00a0<\/p>\n","protected":false},"author":1508,"featured_media":106482,"comment_status":"closed","ping_status":"closed","sticky":false,"template":"","format":"standard","meta":{"footnotes":""},"categories":[61],"tags":[],"class_list":["post-106501","post","type-post","status-publish","format-standard","has-post-thumbnail","hentry","category-banner"],"_links":{"self":[{"href":"https:\/\/www.uv.mx\/prensa\/wp-json\/wp\/v2\/posts\/106501","targetHints":{"allow":["GET"]}}],"collection":[{"href":"https:\/\/www.uv.mx\/prensa\/wp-json\/wp\/v2\/posts"}],"about":[{"href":"https:\/\/www.uv.mx\/prensa\/wp-json\/wp\/v2\/types\/post"}],"author":[{"embeddable":true,"href":"https:\/\/www.uv.mx\/prensa\/wp-json\/wp\/v2\/users\/1508"}],"replies":[{"embeddable":true,"href":"https:\/\/www.uv.mx\/prensa\/wp-json\/wp\/v2\/comments?post=106501"}],"version-history":[{"count":1,"href":"https:\/\/www.uv.mx\/prensa\/wp-json\/wp\/v2\/posts\/106501\/revisions"}],"predecessor-version":[{"id":106620,"href":"https:\/\/www.uv.mx\/prensa\/wp-json\/wp\/v2\/posts\/106501\/revisions\/106620"}],"wp:featuredmedia":[{"embeddable":true,"href":"https:\/\/www.uv.mx\/prensa\/wp-json\/wp\/v2\/media\/106482"}],"wp:attachment":[{"href":"https:\/\/www.uv.mx\/prensa\/wp-json\/wp\/v2\/media?parent=106501"}],"wp:term":[{"taxonomy":"category","embeddable":true,"href":"https:\/\/www.uv.mx\/prensa\/wp-json\/wp\/v2\/categories?post=106501"},{"taxonomy":"post_tag","embeddable":true,"href":"https:\/\/www.uv.mx\/prensa\/wp-json\/wp\/v2\/tags?post=106501"}],"curies":[{"name":"wp","href":"https:\/\/api.w.org\/{rel}","templated":true}]}}