{"id":106331,"date":"2021-11-29T20:03:23","date_gmt":"2021-11-30T02:03:23","guid":{"rendered":"https:\/\/www.uv.mx\/prensa\/?p=106331"},"modified":"2021-11-29T20:03:23","modified_gmt":"2021-11-30T02:03:23","slug":"esta-edicion-de-la-ecl-es-altamente-significativa-para-la-uv-rector","status":"publish","type":"post","link":"https:\/\/www.uv.mx\/prensa\/banner\/esta-edicion-de-la-ecl-es-altamente-significativa-para-la-uv-rector\/","title":{"rendered":"Esta edici\u00f3n de la ECL es altamente significativa para la UV: Rector"},"content":{"rendered":"<ul>\n<li data-leveltext=\"\u25cf\" data-font=\"\" data-listid=\"1\" data-aria-posinset=\"1\" data-aria-level=\"1\"><i><span data-contrast=\"auto\">La Escuela Complutense Latinoamericana (ECL) representa la disposici\u00f3n para fortalecer lazos entre instituciones y el compromiso con sociedades locales y ciudadan\u00edas globales, dijo el rector Mart\u00edn Aguilar S\u00e1nchez<\/span><\/i><span data-ccp-props=\"{&quot;201341983&quot;:0,&quot;335559740&quot;:240}\">\u00a0<\/span><\/li>\n<li data-leveltext=\"\u25cf\" data-font=\"Arial\" data-listid=\"1\" data-aria-posinset=\"2\" data-aria-level=\"1\"><i><span data-contrast=\"auto\">Las sesiones iniciaron el 29 de noviembre, en la Facultad de Derecho, y concluir\u00e1n el 10 de diciembre<\/span><\/i><span data-ccp-props=\"{&quot;201341983&quot;:0,&quot;335559740&quot;:240}\">\u00a0<\/span><\/li>\n<\/ul>\n<p>&nbsp;<\/p>\n<div id=\"attachment_106316\" style=\"width: 732px\" class=\"wp-caption aligncenter\"><a href=\"https:\/\/www.uv.mx\/prensa\/files\/2021\/11\/291121-Inauguracion-28.jpg\"><img aria-describedby=\"caption-attachment-106316\" decoding=\"async\" loading=\"lazy\" class=\"size-full wp-image-106316\" src=\"https:\/\/www.uv.mx\/prensa\/files\/2021\/11\/291121-Inauguracion-28.jpg\" alt=\"\" width=\"722\" height=\"481\" srcset=\"https:\/\/www.uv.mx\/prensa\/files\/2021\/11\/291121-Inauguracion-28.jpg 722w, https:\/\/www.uv.mx\/prensa\/files\/2021\/11\/291121-Inauguracion-28-300x200.jpg 300w\" sizes=\"(max-width: 722px) 100vw, 722px\" \/><\/a><p id=\"caption-attachment-106316\" class=\"wp-caption-text\">El rector de la UV, Mart\u00edn Aguilar S\u00e1nchez, inaugur\u00f3 la 29 edici\u00f3n de la Escuela Complutense Latinoamericana<\/p><\/div>\n<p>&nbsp;<\/p>\n<p><b><i><span data-contrast=\"auto\">David Sandoval Rodr\u00edguez<\/span><\/i><\/b><span data-ccp-props=\"{&quot;201341983&quot;:0,&quot;335559740&quot;:240}\">\u00a0<\/span><\/p>\n<p><b><i><span data-contrast=\"auto\">29\/11\/2021, Xalapa, Ver.-<\/span><\/i><\/b><span data-contrast=\"auto\"> La Universidad Veracruzana (UV) dio la bienvenida a los estudiantes y acad\u00e9micos que participar\u00e1n en la vig\u00e9simo novena edici\u00f3n de la Escuela Complutense Latinoamericana (ECL) a celebrarse, por segunda ocasi\u00f3n, en la m\u00e1xima casa de estudio de la entidad y que concluye el pr\u00f3ximo 10 de diciembre.<\/span><span data-ccp-props=\"{&quot;201341983&quot;:0,&quot;335559740&quot;:240}\">\u00a0<\/span><\/p>\n<p><span data-contrast=\"auto\">En la ceremonia inaugural, efectuada en la Sala Anexa de Tlaqn\u00e1, Centro Cultural, Mart\u00edn Aguilar S\u00e1nchez, rector de la UV, destac\u00f3 que el encuentro es altamente significativo para la instituci\u00f3n \u201cporque el inicio de la pandemia signific\u00f3 el cese de sus actividades presenciales y porque esta edici\u00f3n de la ECL significa un nuevo y cuidadoso paso en la reanudaci\u00f3n de las actividades presenciales siempre tomando las medidas necesarias y procurando salvaguardar la integridad f\u00edsica de nuestras y nuestros alumnos\u201d.<\/span><span data-ccp-props=\"{&quot;201341983&quot;:0,&quot;335559740&quot;:240}\">\u00a0<\/span><\/p>\n<p><span data-contrast=\"auto\">El Rector recalc\u00f3 que la UV valora la importancia de las interacciones personales por lo que significan, tanto para el fomento de las relaciones de amistad y de trabajo como para el aprendizaje.<\/span><span data-ccp-props=\"{&quot;201341983&quot;:0,&quot;335559740&quot;:240}\">\u00a0<\/span><\/p>\n<p><span data-contrast=\"auto\">\u201cEn este marco, la UV y la Universidad Complutense de Madrid realizan la primera Escuela Complutense Latinoamericana en modalidad presencial luego de pr\u00e1cticamente dos a\u00f1os de haberse suspendido; a pesar de la pandemia prevalece la confianza y la disposici\u00f3n para dar continuidad a la colaboraci\u00f3n interinstitucional en el objetivo de reiterar juntos el esp\u00edritu de la universidad.\u201d<\/span><span data-ccp-props=\"{&quot;201341983&quot;:0,&quot;335559731&quot;:720,&quot;335559740&quot;:240}\">\u00a0<\/span><\/p>\n<p>&nbsp;<\/p>\n<div id=\"attachment_106310\" style=\"width: 732px\" class=\"wp-caption aligncenter\"><a href=\"https:\/\/www.uv.mx\/prensa\/files\/2021\/11\/291121-inauguracion-de-la-ECL-3.jpg\"><img aria-describedby=\"caption-attachment-106310\" decoding=\"async\" loading=\"lazy\" class=\"size-full wp-image-106310\" src=\"https:\/\/www.uv.mx\/prensa\/files\/2021\/11\/291121-inauguracion-de-la-ECL-3.jpg\" alt=\"\" width=\"722\" height=\"481\" srcset=\"https:\/\/www.uv.mx\/prensa\/files\/2021\/11\/291121-inauguracion-de-la-ECL-3.jpg 722w, https:\/\/www.uv.mx\/prensa\/files\/2021\/11\/291121-inauguracion-de-la-ECL-3-300x200.jpg 300w\" sizes=\"(max-width: 722px) 100vw, 722px\" \/><\/a><p id=\"caption-attachment-106310\" class=\"wp-caption-text\">En videomensaje, Joaqu\u00edn Goyache, rector de la Universidad Complutense de Madrid, agradeci\u00f3 la hospitalidad de la UV<\/p><\/div>\n<p>&nbsp;<\/p>\n<p><span data-contrast=\"auto\">La ECL representa adem\u00e1s la disposici\u00f3n para fortalecer los lazos ya existentes entre ambas instituciones y as\u00ed mantener vivo el compromiso con las sociedades locales y con las ciudadan\u00edas globales, permitiendo de esa manera responder a los retos del presente y mirar hacia el futuro, asegur\u00f3.<\/span><span data-ccp-props=\"{&quot;201341983&quot;:0,&quot;335559731&quot;:720,&quot;335559740&quot;:240}\">\u00a0<\/span><\/p>\n<p><span data-contrast=\"auto\">Aguilar S\u00e1nchez destac\u00f3 a su vez la respuesta de los estudiantes veracruzanos, nacionales, de Latinoam\u00e9rica y Espa\u00f1a que permiti\u00f3 materializar la edici\u00f3n actual, reafirmando los objetivos comunes de la iniciativa que provee \u201cexperiencias formativas en temas de avanzada y al mismo tiempo, de profundas ra\u00edces y nexos binacionales M\u00e9xico-Espa\u00f1a\u201d.<\/span><span data-ccp-props=\"{&quot;201341983&quot;:0,&quot;335559731&quot;:720,&quot;335559740&quot;:240}\">\u00a0<\/span><\/p>\n<p><span data-contrast=\"auto\">En un mensaje grabado, Joaqu\u00edn Goyache Go\u00f1i, rector de la Universidad Complutense de Madrid (UCM), agradeci\u00f3 la hospitalidad de la instituci\u00f3n veracruzana y subray\u00f3: \u201cComo docentes universitarios, como estudiantes y como miembros de esta instituci\u00f3n, es todo un orgullo estar hermanados de esta forma con la gran familia universitaria de M\u00e9xico en particular y la Am\u00e9rica hispanohablante en general a trav\u00e9s de la Escuela Complutense Latinoamericana\u201d.<\/span><span data-ccp-props=\"{&quot;201341983&quot;:0,&quot;335559731&quot;:720,&quot;335559740&quot;:240}\">\u00a0<\/span><\/p>\n<p><span data-contrast=\"auto\">El Rector de la UCM dijo que adem\u00e1s de atender la ense\u00f1anza universitaria, la ECL contempla otros factores m\u00e1s all\u00e1 de la funci\u00f3n educativa que buscan tambi\u00e9n fomentar el intercambio de Espa\u00f1a con M\u00e9xico y Latinoam\u00e9rica, por lo que \u201cdebe ser m\u00e1s cercano, m\u00e1s humano y resulta indispensable resaltar todo aquello que nos une por encima de lo que nos separa\u201d.<\/span><span data-ccp-props=\"{&quot;201341983&quot;:0,&quot;335559740&quot;:240}\">\u00a0<\/span><\/p>\n<p>&nbsp;<\/p>\n<div id=\"attachment_106318\" style=\"width: 732px\" class=\"wp-caption aligncenter\"><a href=\"https:\/\/www.uv.mx\/prensa\/files\/2021\/11\/291121-Inauguracion-17.jpg\"><img aria-describedby=\"caption-attachment-106318\" decoding=\"async\" loading=\"lazy\" class=\"size-full wp-image-106318\" src=\"https:\/\/www.uv.mx\/prensa\/files\/2021\/11\/291121-Inauguracion-17.jpg\" alt=\"\" width=\"722\" height=\"481\" srcset=\"https:\/\/www.uv.mx\/prensa\/files\/2021\/11\/291121-Inauguracion-17.jpg 722w, https:\/\/www.uv.mx\/prensa\/files\/2021\/11\/291121-Inauguracion-17-300x200.jpg 300w\" sizes=\"(max-width: 722px) 100vw, 722px\" \/><\/a><p id=\"caption-attachment-106318\" class=\"wp-caption-text\">D\u00e1maso L\u00f3pez, vicerrector de Asuntos Internacionales de la UCM, apunt\u00f3 que el evento fortalece la cooperaci\u00f3n entre acad\u00e9micos<\/p><\/div>\n<p>&nbsp;<\/p>\n<p><span data-contrast=\"auto\">D\u00e1maso L\u00f3pez Garc\u00eda, vicerrector de Asuntos Internacionales de la UCM, expres\u00f3 su agradecimiento a la UV y manifest\u00f3: \u201cMe congratulo de que sea este el primer momento en que nos volvamos a ver\u201d.<\/span><span data-ccp-props=\"{&quot;201341983&quot;:0,&quot;335559731&quot;:720,&quot;335559740&quot;:240}\">\u00a0<\/span><\/p>\n<p><span data-contrast=\"auto\">Adem\u00e1s, record\u00f3 que \u201cestamos de nuevo en un proyecto extraordinariamente bello que es seguir construyendo la comunidad cient\u00edfica\u201d.<\/span><span data-ccp-props=\"{&quot;201341983&quot;:0,&quot;335559731&quot;:720,&quot;335559740&quot;:240}\">\u00a0<\/span><\/p>\n<p><span data-contrast=\"auto\">En igual sentido, destac\u00f3 la posibilidad de reunir a los estudiantes con sus profesores, cumpliendo con las medidas sanitarias oficiales y atendiendo a las necesidades acad\u00e9micas del alumnado, creando as\u00ed relaciones de cooperaci\u00f3n y colaboraci\u00f3n.<\/span><span data-ccp-props=\"{&quot;201341983&quot;:0,&quot;335559731&quot;:720,&quot;335559740&quot;:240}\">\u00a0<\/span><\/p>\n<p><span data-contrast=\"auto\">Edgar Gonz\u00e1lez Gaudiano, titular de la Direcci\u00f3n General de la Unidad de Estudios de Posgrado de la UV, subray\u00f3 en su participaci\u00f3n: \u201cLa colaboraci\u00f3n interinstitucional es clave para construir sinergias en beneficio de las partes, en este caso entre las dos universidades; esta es la mejor estrategia para aprender unos de otros, para obtener beneficios mutuos e incluso para superar los complejos desaf\u00edos que enfrentamos como universidades p\u00fablicas\u201d.<\/span><span data-ccp-props=\"{&quot;201341983&quot;:0,&quot;335559731&quot;:720,&quot;335559740&quot;:240}\">\u00a0<\/span><\/p>\n<p>&nbsp;<\/p>\n<div id=\"attachment_106319\" style=\"width: 732px\" class=\"wp-caption aligncenter\"><a href=\"https:\/\/www.uv.mx\/prensa\/files\/2021\/11\/291121-Inauguracion-8.jpg\"><img aria-describedby=\"caption-attachment-106319\" decoding=\"async\" loading=\"lazy\" class=\"size-full wp-image-106319\" src=\"https:\/\/www.uv.mx\/prensa\/files\/2021\/11\/291121-Inauguracion-8.jpg\" alt=\"\" width=\"722\" height=\"481\" srcset=\"https:\/\/www.uv.mx\/prensa\/files\/2021\/11\/291121-Inauguracion-8.jpg 722w, https:\/\/www.uv.mx\/prensa\/files\/2021\/11\/291121-Inauguracion-8-300x200.jpg 300w\" sizes=\"(max-width: 722px) 100vw, 722px\" \/><\/a><p id=\"caption-attachment-106319\" class=\"wp-caption-text\">Edgar Gonz\u00e1lez Gaudiano, director general de la Unidad de Estudios de Posgrado, afirm\u00f3 que la ECL fomenta sinergias entre ambas universidades<\/p><\/div>\n<p>&nbsp;<\/p>\n<p><span data-contrast=\"auto\">Gonz\u00e1lez Gaudiano reconoci\u00f3 que vivimos tiempos complicados; por lo mismo, tambi\u00e9n es momento de sumar esfuerzos y construir conjuntamente para responder al vertiginoso proceso de cambio que vivimos en la actualidad.<\/span><span data-ccp-props=\"{&quot;201341983&quot;:0,&quot;335559731&quot;:720,&quot;335559740&quot;:240}\">\u00a0<\/span><\/p>\n<p><span data-contrast=\"auto\">El acad\u00e9mico extendi\u00f3 un agradecimiento a los integrantes de la UV que se han sumado al esfuerzo de alojar la ECL, destacando su compromiso institucional, que contribuye a la formaci\u00f3n del personal acad\u00e9mico y, en consecuencia, del alumnado, \u201cel punto nodal que le da sentido a la existencia de nuestras universidades\u201d.<\/span><span data-ccp-props=\"{&quot;201341983&quot;:0,&quot;335559731&quot;:720,&quot;335559740&quot;:240}\">\u00a0<\/span><\/p>\n<p><span data-contrast=\"auto\">En el pres\u00eddium estuvieron presentes: Elena Rustri\u00e1n Portilla, secretaria Acad\u00e9mica de la UV; Jos\u00e9 Luis Gra\u00f1a, director de la ECL, y Alejandro de la Fuente Alonso, director de la Facultad de Derecho y anfitri\u00f3n de la actual edici\u00f3n de la ECL.<\/span><span data-ccp-props=\"{&quot;201341983&quot;:0,&quot;335559740&quot;:240}\">\u00a0<\/span><\/p>\n<p><span data-contrast=\"auto\">Atendieron en l\u00ednea al evento los vicerrectores de las cinco regiones universitarias, as\u00ed como directores acad\u00e9micos y administrativos de la UV, profesores y estudiantes presentes en la sala de videoconferencias de la Unidad de Servicios Bibliotecarios y de Informaci\u00f3n (USBI).<\/span><span data-ccp-props=\"{&quot;201341983&quot;:0,&quot;335559731&quot;:720,&quot;335559740&quot;:240}\">\u00a0<\/span><\/p>\n<p><span data-contrast=\"auto\">Para concluir la ceremonia, el grupo Tlen Huicani Arpas interpret\u00f3 varias piezas musicales como <\/span><i><span data-contrast=\"auto\">La Bamba<\/span><\/i><span data-contrast=\"auto\"> y una versi\u00f3n para arpa de <\/span><i><span data-contrast=\"auto\">Granada<\/span><\/i><span data-contrast=\"auto\"> de Agust\u00edn Lara.<\/span><span data-ccp-props=\"{&quot;201341983&quot;:0,&quot;335559731&quot;:720,&quot;335559740&quot;:240}\">\u00a0<\/span><\/p>\n","protected":false},"excerpt":{"rendered":"<p>La UV y la Universidad Complutense de Madrid realizan la primera Escuela Complutense Latinoamericana en modalidad presencial luego de pr\u00e1cticamente dos a\u00f1os de haberse suspendido<\/p>\n","protected":false},"author":1508,"featured_media":106314,"comment_status":"closed","ping_status":"closed","sticky":false,"template":"","format":"standard","meta":[],"categories":[5127,61],"tags":[],"_links":{"self":[{"href":"https:\/\/www.uv.mx\/prensa\/wp-json\/wp\/v2\/posts\/106331"}],"collection":[{"href":"https:\/\/www.uv.mx\/prensa\/wp-json\/wp\/v2\/posts"}],"about":[{"href":"https:\/\/www.uv.mx\/prensa\/wp-json\/wp\/v2\/types\/post"}],"author":[{"embeddable":true,"href":"https:\/\/www.uv.mx\/prensa\/wp-json\/wp\/v2\/users\/1508"}],"replies":[{"embeddable":true,"href":"https:\/\/www.uv.mx\/prensa\/wp-json\/wp\/v2\/comments?post=106331"}],"version-history":[{"count":1,"href":"https:\/\/www.uv.mx\/prensa\/wp-json\/wp\/v2\/posts\/106331\/revisions"}],"predecessor-version":[{"id":106332,"href":"https:\/\/www.uv.mx\/prensa\/wp-json\/wp\/v2\/posts\/106331\/revisions\/106332"}],"wp:featuredmedia":[{"embeddable":true,"href":"https:\/\/www.uv.mx\/prensa\/wp-json\/wp\/v2\/media\/106314"}],"wp:attachment":[{"href":"https:\/\/www.uv.mx\/prensa\/wp-json\/wp\/v2\/media?parent=106331"}],"wp:term":[{"taxonomy":"category","embeddable":true,"href":"https:\/\/www.uv.mx\/prensa\/wp-json\/wp\/v2\/categories?post=106331"},{"taxonomy":"post_tag","embeddable":true,"href":"https:\/\/www.uv.mx\/prensa\/wp-json\/wp\/v2\/tags?post=106331"}],"curies":[{"name":"wp","href":"https:\/\/api.w.org\/{rel}","templated":true}]}}