{"id":10573,"date":"2016-05-03T13:28:38","date_gmt":"2016-05-03T18:28:38","guid":{"rendered":"https:\/\/www.uv.mx\/prensa\/?p=10573"},"modified":"2016-05-04T14:57:34","modified_gmt":"2016-05-04T19:57:34","slug":"el-cambio-en-mexico-solo-es-posible-a-traves-de-la-educacion","status":"publish","type":"post","link":"https:\/\/www.uv.mx\/prensa\/general\/el-cambio-en-mexico-solo-es-posible-a-traves-de-la-educacion\/","title":{"rendered":"El cambio en M\u00e9xico s\u00f3lo es posible a trav\u00e9s de la educaci\u00f3n"},"content":{"rendered":"<p>&nbsp;<\/p>\n<ul>\n<li><em>Destacaron los moneros Hern\u00e1ndez, Helguera, Patricio y Rap\u00e9<\/em><\/li>\n<li><em>Como cada a\u00f1o, los integrantes de la revista <\/em>El Chamuco<em> y los hijos del averno participaron en la FILU<\/em><\/li>\n<\/ul>\n<p>&nbsp;<\/p>\n<div id=\"attachment_10575\" style=\"width: 529px\" class=\"wp-caption aligncenter\"><a href=\"https:\/\/www.uv.mx\/prensa\/files\/2016\/05\/Moneros.jpg\"><img loading=\"lazy\" decoding=\"async\" aria-describedby=\"caption-attachment-10575\" class=\"wp-image-10575 size-full\" src=\"https:\/\/www.uv.mx\/prensa\/files\/2016\/05\/Moneros.jpg\" alt=\"Hern\u00e1ndez, Helguera, Patricio y Rap\u00e9\" width=\"519\" height=\"346\" srcset=\"https:\/\/www.uv.mx\/prensa\/files\/2016\/05\/Moneros.jpg 519w, https:\/\/www.uv.mx\/prensa\/files\/2016\/05\/Moneros-300x200.jpg 300w\" sizes=\"auto, (max-width: 519px) 100vw, 519px\" \/><\/a><p id=\"caption-attachment-10575\" class=\"wp-caption-text\">Hern\u00e1ndez, Helguera, Patricio y Rap\u00e9<\/p><\/div>\n<p>&nbsp;<\/p>\n<p><strong><em>Karina de la Paz Reyes<\/em><\/strong><\/p>\n<p>&nbsp;<\/p>\n<p><strong><em>Xalapa, Ver. 04\/05\/2016.-<\/em><\/strong><em>\u00a0<\/em>Los moneros Jos\u00e9 Hern\u00e1ndez, Antonio Helguera, Patricio Ortiz y Rafael Pineda \u201cRap\u00e9\u201d participaron en la Feria Internacional del Libro Universitario (FILU) 2016 y destacaron que el cambio profundo que requiere el pa\u00eds s\u00f3lo se lograr\u00e1 a trav\u00e9s de la educaci\u00f3n.<\/p>\n<p>Los integrantes de la revista <em>El Chamuco y los hijos del averno <\/em>aprovecharon la ocasi\u00f3n y el abarrotado escenario, el Foro \u201cSergio Galindo\u201d del Complejo Deportivo Omega, sede la FILU, para parodiar, satirizar y criticar a los candidatos a la gubernatura de Veracruz.<\/p>\n<p>Patricio Ortiz, mejor conocido como \u201cPatricio\u201d, reflexion\u00f3: \u201cNosotros somos moneros, historietistas, quiero pensar que humoristas tambi\u00e9n, pero a m\u00ed me resulta un poco frustrante estar haciendo cartones, historietas, estar criticando, y la cosa no s\u00f3lo no mejora sino que est\u00e1 peor. Despu\u00e9s de casi 30 a\u00f1os de hacer cartones mi reflexi\u00f3n fue \u2018mi trabajo para qu\u00e9 sirve\u2019.<\/p>\n<p>\u201dTras pl\u00e1ticas con los amigos llegu\u00e9 a la conclusi\u00f3n de que este pa\u00eds no tiene remedio, y pensar que en una elecci\u00f3n llegar\u00e1 alguien que nos va a salvar es algo absolutamente rid\u00edculo. Eso no va a ocurrir.\u201d<\/p>\n<p>Patricio subray\u00f3 que un cambio profundo en M\u00e9xico en realidad s\u00f3lo ser\u00e1 posible a trav\u00e9s de la educaci\u00f3n, lo cual fue respaldado por sus compa\u00f1eros de mesa. En ese sentido, present\u00f3 avances del libro <em>M\u00e9xico antes de ser M\u00e9xico<\/em>, que contempla informaci\u00f3n novedosa (generada por diversos acad\u00e9micos e investigadores) e ilustraciones; el proyecto abarca desde el poblamiento de Am\u00e9rica hasta la \u00e9poca de la Conquista.<\/p>\n<p>En ese mismo sentido, Hern\u00e1ndez present\u00f3 su novela gr\u00e1fica <em>Che. Una vida revolucionaria<\/em>, que circula bajo el sello de Sexto Piso. Se trata de una trilog\u00eda basada en la vasta investigaci\u00f3n del periodista Jon Lee Anderson.<\/p>\n<p>En esta ocasi\u00f3n present\u00f3 el <em>Libro 2: Cuba<\/em>, en breve circular\u00e1 el <em>1: Guatemala y M\u00e9xico<\/em> y el <em>3: Bolivia<\/em> (en ese orden decidi\u00f3 que fueran apareciendo).<\/p>\n<p>Para Hern\u00e1ndez, el \u201cChe\u201d Guevara es un personaje \u201cic\u00f3nico\u201d dif\u00edcil de encontrar actualmente. \u201cEs el s\u00edmbolo mundial de la rebeld\u00eda\u201d por excelencia, cuyos tres principios nunca fueron quebrantados: congruencia, idealismo y dignidad.<\/p>\n","protected":false},"excerpt":{"rendered":"<p><strong><em>Karina de la Paz.-<\/em><\/strong>Los moneros Jos\u00e9 Hern\u00e1ndez, Antonio Helguera, Patricio Ortiz y Rafael Pineda \u201cRap\u00e9\u201d participaron en la Feria Internacional del Libro Universitario (FILU) 2016 y destacaron que el cambio profundo que requiere el pa\u00eds s\u00f3lo se lograr\u00e1 a trav\u00e9s de la educaci\u00f3n.<\/p>\n","protected":false},"author":1810,"featured_media":10574,"comment_status":"closed","ping_status":"closed","sticky":false,"template":"","format":"standard","meta":{"footnotes":""},"categories":[1],"tags":[3],"class_list":["post-10573","post","type-post","status-publish","format-standard","has-post-thumbnail","hentry","category-general","tag-secundarias"],"_links":{"self":[{"href":"https:\/\/www.uv.mx\/prensa\/wp-json\/wp\/v2\/posts\/10573","targetHints":{"allow":["GET"]}}],"collection":[{"href":"https:\/\/www.uv.mx\/prensa\/wp-json\/wp\/v2\/posts"}],"about":[{"href":"https:\/\/www.uv.mx\/prensa\/wp-json\/wp\/v2\/types\/post"}],"author":[{"embeddable":true,"href":"https:\/\/www.uv.mx\/prensa\/wp-json\/wp\/v2\/users\/1810"}],"replies":[{"embeddable":true,"href":"https:\/\/www.uv.mx\/prensa\/wp-json\/wp\/v2\/comments?post=10573"}],"version-history":[{"count":0,"href":"https:\/\/www.uv.mx\/prensa\/wp-json\/wp\/v2\/posts\/10573\/revisions"}],"wp:featuredmedia":[{"embeddable":true,"href":"https:\/\/www.uv.mx\/prensa\/wp-json\/wp\/v2\/media\/10574"}],"wp:attachment":[{"href":"https:\/\/www.uv.mx\/prensa\/wp-json\/wp\/v2\/media?parent=10573"}],"wp:term":[{"taxonomy":"category","embeddable":true,"href":"https:\/\/www.uv.mx\/prensa\/wp-json\/wp\/v2\/categories?post=10573"},{"taxonomy":"post_tag","embeddable":true,"href":"https:\/\/www.uv.mx\/prensa\/wp-json\/wp\/v2\/tags?post=10573"}],"curies":[{"name":"wp","href":"https:\/\/api.w.org\/{rel}","templated":true}]}}