{"id":105656,"date":"2021-11-24T08:00:48","date_gmt":"2021-11-24T14:00:48","guid":{"rendered":"https:\/\/www.uv.mx\/prensa\/?p=105656"},"modified":"2021-11-23T20:02:24","modified_gmt":"2021-11-24T02:02:24","slug":"iil-l-invita-al-coloquio-de-estudiantes-el-entusiasmo-y-la-quietud","status":"publish","type":"post","link":"https:\/\/www.uv.mx\/prensa\/banner\/iil-l-invita-al-coloquio-de-estudiantes-el-entusiasmo-y-la-quietud\/","title":{"rendered":"IIL-L invita al Coloquio de Estudiantes\u00a0\u201cEl entusiasmo y la quietud\u201d\u00a0"},"content":{"rendered":"<style type=\"text\/css\">\n  blockquote p { color: #28519b; font-family: helvetica; font-size: 1.4em; }<br \/><\/style>\n<ul>\n<li data-leveltext=\"\uf0b7\" data-font=\"Symbol\" data-listid=\"1\" data-aria-posinset=\"1\" data-aria-level=\"1\"><i><span data-contrast=\"auto\">Martha Elena Mungu\u00eda adelant\u00f3 que est\u00e1\u00a0orientado al estudio de la poes\u00eda hispanoamericana y la poes\u00eda escrita en lengua espa\u00f1ola en todo el continente<\/span><\/i><span data-ccp-props=\"{&quot;134233279&quot;:true}\">\u00a0<\/span><\/li>\n<li data-leveltext=\"\uf0b7\" data-font=\"Symbol\" data-listid=\"1\" data-aria-posinset=\"2\" data-aria-level=\"1\"><i><span data-contrast=\"auto\">Se realizar\u00e1\u00a0los d\u00edas\u00a08 y 9 de diciembre, en modalidad virtual a trav\u00e9s de la plataforma\u00a0<\/span><\/i><span data-contrast=\"auto\">Google\u00a0Meet<\/span><span data-ccp-props=\"{&quot;134233279&quot;:true}\">\u00a0<\/span><\/li>\n<\/ul>\n<p><span data-ccp-props=\"{}\">\u00a0<\/span><\/p>\n<div id=\"attachment_105657\" style=\"width: 732px\" class=\"wp-caption aligncenter\"><img loading=\"lazy\" decoding=\"async\" aria-describedby=\"caption-attachment-105657\" class=\"size-full wp-image-105657\" src=\"https:\/\/www.uv.mx\/prensa\/files\/2021\/11\/181121-PAOLA-Coloquio-Estudiantes-IILL-1.jpg\" alt=\"\" width=\"722\" height=\"404\" srcset=\"https:\/\/www.uv.mx\/prensa\/files\/2021\/11\/181121-PAOLA-Coloquio-Estudiantes-IILL-1.jpg 722w, https:\/\/www.uv.mx\/prensa\/files\/2021\/11\/181121-PAOLA-Coloquio-Estudiantes-IILL-1-300x168.jpg 300w\" sizes=\"auto, (max-width: 722px) 100vw, 722px\" \/><p id=\"caption-attachment-105657\" class=\"wp-caption-text\">Martha Elena Mungu\u00eda dijo que\u00a0en las\u00a0mesas de\u00a0di\u00e1logo\u00a0se abordar\u00e1 la poes\u00eda hispanoamericana y mexicana<\/p><\/div>\n<p>&nbsp;<\/p>\n<blockquote><p><span data-contrast=\"auto\">El tema central ser\u00e1 la poes\u00eda, debido a los intereses y las coincidencias entre los j\u00f3venes; el t\u00edtulo \u201cEl entusiasmo y la quietud\u201d es una evocaci\u00f3n y vocaci\u00f3n de lo que late en la poes\u00eda<\/span><span data-ccp-props=\"{}\">\u00a0<\/span><\/p><\/blockquote>\n<p><span data-ccp-props=\"{}\">\u00a0<\/span><\/p>\n<p><b><i><span data-contrast=\"auto\">Paola Cort\u00e9s P\u00e9rez<\/span><\/i><\/b><span data-ccp-props=\"{}\">\u00a0<\/span><\/p>\n<p><b><i><span data-contrast=\"auto\">24\/11\/2021, Xalapa, Ver.-<\/span><\/i><\/b><span data-contrast=\"auto\">\u00a0El Instituto de Investigaciones Ling\u00fc\u00edstico-Literarias (IIL-L) de la Universidad Veracruzana (UV) invita a la comunidad universitaria y personas interesadas en la poes\u00eda al\u00a0Primer Coloquio de Estudiantes \u201cEl entusiasmo y la quietud\u201d, a realizarse\u00a0los d\u00edas mi\u00e9rcoles\u00a08 y\u00a0jueves\u00a09 de diciembre en modalidad virtual.<\/span><span data-ccp-props=\"{}\">\u00a0<\/span><\/p>\n<p><span data-contrast=\"auto\">Martha Elena Mungu\u00eda\u00a0Zatarain, acad\u00e9mica del IIL-L y presidenta de la\u00a0Red Nacional de Posgrados en Estudios Literarios\u00a0(RNPEL), coment\u00f3 que\u00a0el evento es organizado\u00a0por las instituciones que conforman\u00a0dicha red.<\/span><span data-ccp-props=\"{&quot;335559731&quot;:708}\">\u00a0<\/span><\/p>\n<p><span data-contrast=\"auto\">Cabe mencionar que la\u00a0RNPEL\u00a0est\u00e1 conformada por instituciones de educaci\u00f3n superior de provincia que cuentan con posgrados en Literatura y Estudios Literarios: UV, Universidad de Guanajuato, Universidad de Colima, Universidad de Sonora y el Colegio de San Luis, de San Luis Potos\u00ed.<\/span><span data-ccp-props=\"{&quot;335559731&quot;:708}\">\u00a0<\/span><\/p>\n<p><span data-contrast=\"auto\">\u201cNos hemos reunido para darle impulso al intercambio acad\u00e9mico y estudiantil, por ello organizamos este coloquio con estudiantes y egresados, con la peculiaridad que est\u00e1 orientado al estudio de la poes\u00eda hispanoamericana y la poes\u00eda escrita en lengua espa\u00f1ola en todo el continente.<\/span><span data-ccp-props=\"{&quot;335559731&quot;:708}\">\u00a0<\/span><\/p>\n<p><span data-contrast=\"auto\">\u201dCon esto queremos difundir, poner a los estudiantes en contacto con distintas universidades para que dialoguen, intercambien sus experiencias como lectores y cr\u00edticos de poes\u00eda.\u00a0<\/span><span data-contrast=\"auto\">\u00c9<\/span><span data-contrast=\"auto\">ste es el esp\u00edritu interinstitucional que alienta esta actividad.\u201d<\/span><span data-ccp-props=\"{&quot;335559731&quot;:708}\">\u00a0<\/span><\/p>\n<p><span data-contrast=\"auto\">El tema central ser\u00e1 la poes\u00eda, debido a los intereses y las coincidencias entre los j\u00f3venes; el t\u00edtulo \u201cEl entusiasmo y la quietud\u201d\u00a0es una evocaci\u00f3n y vocaci\u00f3n de lo que late en la poes\u00eda.<\/span><span data-ccp-props=\"{&quot;335559731&quot;:708}\">\u00a0<\/span><\/p>\n<p><span data-contrast=\"auto\">Explic\u00f3 que el evento\u00a0se realizar\u00e1 en modalidad virtual, de 18:00 a 20:00 horas,\u00a0a trav\u00e9s de la plataforma\u00a0<\/span><i><span data-contrast=\"auto\">Google\u00a0Meet<\/span><\/i><span data-contrast=\"auto\">. El\u00a0acceso ser\u00e1\u00a0gratuito en el siguiente enlace\u00a0<\/span><a href=\"https:\/\/meet.google.com\/tnk-sern-fvh\"><span data-contrast=\"none\">https:\/\/meet.google.com\/tnk-sern-fvh<\/span><\/a><span data-contrast=\"auto\">, con el PIN 859 127 277#.<\/span><span data-ccp-props=\"{&quot;335559731&quot;:708}\">\u00a0<\/span><\/p>\n<p><span data-contrast=\"auto\">El mi\u00e9rcoles 8 se tienen programadas dos mesas de di\u00e1logo: \u201cPoes\u00eda\u00a0hispanoamericana\u201d y \u201cPoes\u00eda\u00a0mexicana\u201d. El jueves 9 tendr\u00e1 lugar la mesa \u201cPoetas mexicanas del siglo XX\u201d, y se concluir\u00e1 con\u00a0un\u00a0intercambio de reflexiones.<\/span><span data-ccp-props=\"{&quot;335559731&quot;:708}\">\u00a0<\/span><\/p>\n","protected":false},"excerpt":{"rendered":"<p>El acceso ser\u00e1 gratuito en\u00a0https:\/\/meet.google.com\/tnk-sern-fvh, con el PIN 859 127 277#\u00a0<\/p>\n","protected":false},"author":1869,"featured_media":105658,"comment_status":"closed","ping_status":"closed","sticky":false,"template":"","format":"standard","meta":{"footnotes":""},"categories":[61],"tags":[],"class_list":["post-105656","post","type-post","status-publish","format-standard","has-post-thumbnail","hentry","category-banner"],"_links":{"self":[{"href":"https:\/\/www.uv.mx\/prensa\/wp-json\/wp\/v2\/posts\/105656","targetHints":{"allow":["GET"]}}],"collection":[{"href":"https:\/\/www.uv.mx\/prensa\/wp-json\/wp\/v2\/posts"}],"about":[{"href":"https:\/\/www.uv.mx\/prensa\/wp-json\/wp\/v2\/types\/post"}],"author":[{"embeddable":true,"href":"https:\/\/www.uv.mx\/prensa\/wp-json\/wp\/v2\/users\/1869"}],"replies":[{"embeddable":true,"href":"https:\/\/www.uv.mx\/prensa\/wp-json\/wp\/v2\/comments?post=105656"}],"version-history":[{"count":2,"href":"https:\/\/www.uv.mx\/prensa\/wp-json\/wp\/v2\/posts\/105656\/revisions"}],"predecessor-version":[{"id":105932,"href":"https:\/\/www.uv.mx\/prensa\/wp-json\/wp\/v2\/posts\/105656\/revisions\/105932"}],"wp:featuredmedia":[{"embeddable":true,"href":"https:\/\/www.uv.mx\/prensa\/wp-json\/wp\/v2\/media\/105658"}],"wp:attachment":[{"href":"https:\/\/www.uv.mx\/prensa\/wp-json\/wp\/v2\/media?parent=105656"}],"wp:term":[{"taxonomy":"category","embeddable":true,"href":"https:\/\/www.uv.mx\/prensa\/wp-json\/wp\/v2\/categories?post=105656"},{"taxonomy":"post_tag","embeddable":true,"href":"https:\/\/www.uv.mx\/prensa\/wp-json\/wp\/v2\/tags?post=105656"}],"curies":[{"name":"wp","href":"https:\/\/api.w.org\/{rel}","templated":true}]}}