{"id":105322,"date":"2021-11-14T08:00:26","date_gmt":"2021-11-14T14:00:26","guid":{"rendered":"https:\/\/www.uv.mx\/prensa\/?p=105322"},"modified":"2021-11-12T18:13:53","modified_gmt":"2021-11-13T00:13:53","slug":"egresados-uv-replantean-origen-de-civilizaciones-mesoamericanas","status":"publish","type":"post","link":"https:\/\/www.uv.mx\/prensa\/general\/egresados-uv-replantean-origen-de-civilizaciones-mesoamericanas\/","title":{"rendered":"Egresados UV replantean origen de civilizaciones mesoamericanas"},"content":{"rendered":"<ul>\n<li data-leveltext=\"\uf0b7\" data-font=\"Symbol\" data-listid=\"2\" data-aria-posinset=\"1\" data-aria-level=\"1\"><i><span data-contrast=\"auto\">Colaboran\u00a0en\u00a0el Proyecto Arqueol\u00f3gico Usumacinta Medio<\/span><\/i><span data-ccp-props=\"{&quot;134233279&quot;:true,&quot;201341983&quot;:0,&quot;335559739&quot;:160,&quot;335559740&quot;:240}\">\u00a0<\/span><\/li>\n<li data-leveltext=\"\uf0b7\" data-font=\"Symbol\" data-listid=\"2\" data-aria-posinset=\"2\" data-aria-level=\"1\"><i><span data-contrast=\"auto\">Destacaron la formaci\u00f3n recibida en la instituci\u00f3n<\/span><\/i><span data-ccp-props=\"{&quot;134233279&quot;:true,&quot;201341983&quot;:0,&quot;335559739&quot;:160,&quot;335559740&quot;:240}\">\u00a0<\/span><\/li>\n<\/ul>\n<p><span data-ccp-props=\"{&quot;201341983&quot;:0,&quot;335559739&quot;:160,&quot;335559740&quot;:240}\">\u00a0<\/span><\/p>\n<div id=\"attachment_105323\" style=\"width: 732px\" class=\"wp-caption aligncenter\"><a href=\"https:\/\/www.uv.mx\/prensa\/general\/egresados-uv-replantean-origen-de-civilizaciones-mesoamericanas\/attachment\/101121-usumacinta-medio-1-100k\/\" rel=\"attachment wp-att-105323\"><img aria-describedby=\"caption-attachment-105323\" decoding=\"async\" loading=\"lazy\" class=\"size-full wp-image-105323\" src=\"https:\/\/www.uv.mx\/prensa\/files\/2021\/11\/101121-Usumacinta-Medio-1-100k.jpg\" alt=\"Descubrieron 478 centros ceremoniales en Tabasco y Veracruz \" width=\"722\" height=\"479\" srcset=\"https:\/\/www.uv.mx\/prensa\/files\/2021\/11\/101121-Usumacinta-Medio-1-100k.jpg 722w, https:\/\/www.uv.mx\/prensa\/files\/2021\/11\/101121-Usumacinta-Medio-1-100k-300x199.jpg 300w\" sizes=\"(max-width: 722px) 100vw, 722px\" \/><\/a><p id=\"caption-attachment-105323\" class=\"wp-caption-text\">Descubrieron 478 centros ceremoniales en Tabasco y Veracruz<\/p><\/div>\n<p>&nbsp;<\/p>\n<p><b><i><span data-contrast=\"auto\">Karina de la Paz Reyes D\u00edaz<\/span><\/i><\/b><span data-ccp-props=\"{&quot;201341983&quot;:0,&quot;335559739&quot;:160,&quot;335559740&quot;:240}\">\u00a0<\/span><\/p>\n<p><b><i><span data-contrast=\"auto\">14\/11\/2021, Xalapa, Ver.-\u00a0<\/span><\/i><\/b><span data-contrast=\"auto\">Melina Garc\u00eda Hern\u00e1ndez y Miguel Garc\u00eda\u00a0Mollinedo,\u00a0egresados de la\u00a0Licenciatura\u00a0en Arqueolog\u00eda\u00a0de\u00a0la Universidad Veracruzana (UV),\u00a0son parte del equipo multidisciplinario e internacional que conforma el\u00a0Proyecto\u00a0Arqueol\u00f3gico Usumacinta Medio\u00a0(PAUM),\u00a0cuyos m\u00e1s recientes resultados de investigaci\u00f3n informan que a trav\u00e9s de un mapeo l\u00e1ser a\u00e9reo en Tabasco y Veracruz,\u00a0descubrieron\u00a0cerca de 500 sitios tempranos,\u00a0lo cual transforma\u00a0la teor\u00eda sobre los or\u00edgenes de las civilizaciones mesoamericanas.<\/span><span data-ccp-props=\"{&quot;201341983&quot;:0,&quot;335559739&quot;:160,&quot;335559740&quot;:240}\">\u00a0<\/span><\/p>\n<p><span data-contrast=\"auto\">Ellos\u00a0se incorporaron al\u00a0proyecto\u00a0en 2018, cuando se desarroll\u00f3 la segunda temporada de campo. A la fecha contin\u00faan siendo parte y,\u00a0m\u00e1s a\u00fan, sus investigaciones de posgrado est\u00e1n asociadas\u00a0a \u00e9ste.\u00a0Melina\u00a0es estudiante de la\u00a0Maestr\u00eda en Estudios Mesoamericanos,\u00a0mientras\u00a0Miguel\u00a0lo es\u00a0del programa de\u00a0Antropolog\u00eda,\u00a0ambos\u00a0adscritos\u00a0a entidades de\u00a0la Universidad Nacional Aut\u00f3noma de M\u00e9xico.<\/span><span data-ccp-props=\"{&quot;201341983&quot;:0,&quot;335559739&quot;:160,&quot;335559740&quot;:240}\">\u00a0<\/span><\/p>\n<p><span data-contrast=\"auto\">En junio del a\u00f1o pasado\u00a0el PAUM\u00a0dio\u00a0cuenta del\u00a0descubrimiento de la estructura maya de mayores dimensiones y m\u00e1s antigua hasta el momento registrada, ubicada en\u00a0el sitio de Aguada F\u00e9nix, en Tabasco, pr\u00f3ximo a la frontera con Guatemala.\u00a0De ello\u00a0se dio seguimiento en\u00a0<\/span><a href=\"https:\/\/www.uv.mx\/prensa\/banner\/egresados-de-la-uv-parte-del-equipo-que-descubrio-aguada-fenix\/\"><span data-contrast=\"none\">Universo. Sistema\u00a0de\u00a0noticias de la UV<\/span><\/a><span data-contrast=\"auto\">.<\/span><span data-ccp-props=\"{&quot;201341983&quot;:0,&quot;335559739&quot;:160,&quot;335559740&quot;:240}\">\u00a0<\/span><\/p>\n<p><span data-contrast=\"auto\">Los trabajos han continuado y el 25 de octubre publicaron el art\u00edculo\u00a0\u201cOr\u00edgenes y difusi\u00f3n de complejos ceremoniales formales en las regiones olmeca\u00a0y\u00a0maya\u00a0revelados\u00a0por\u00a0LIDAR\u00a0aerotransportado\u201d\u00a0en la\u00a0revista cient\u00edfica\u00a0<\/span><i><span data-contrast=\"auto\">Nature\u00a0Human\u00a0Behaviou<\/span><\/i><span data-contrast=\"auto\">.<\/span><span data-ccp-props=\"{&quot;201341983&quot;:0,&quot;335559739&quot;:160,&quot;335559740&quot;:240}\">\u00a0<\/span><\/p>\n<p><span data-contrast=\"auto\">En el \u00e1rea de estudio,\u00a0que abarca unos 85\u00a0mil\u00a0kil\u00f3metros cuadrados,\u00a0identificaron una serie de complejos arquitect\u00f3nicos similares;\u00a0por ejemplo,\u00a0el patr\u00f3n Usumacinta Formativo Medio (UFM), mejor conocido por ser el que se presenta en Aguada F\u00e9nix, tambi\u00e9n observaron los del tipo Chiapas Formativo Medio (CFM), Golfo Formativo Medio (GFM), Veracruz Ceremonial (VC) y del patr\u00f3n rectangular.<\/span><span data-ccp-props=\"{&quot;201341983&quot;:0,&quot;335559731&quot;:708,&quot;335559739&quot;:160,&quot;335559740&quot;:240}\">\u00a0<\/span><\/p>\n<p><span data-contrast=\"auto\">En el art\u00edculo,\u00a0el\u00a0equipo\u00a0internacional de investigadores\u00a0dirigido por\u00a0Takeshi\u00a0Inomata\u00a0y Daniela\u00a0Triadan, de la Escuela de Antropolog\u00eda de la Universidad de Arizona, Estados Unidos,\u00a0plantea que a\u00a0trav\u00e9s del an\u00e1lisis de mapeo l\u00e1ser aerotransportado\u00a0o\u00a0LIDAR\u00a0(Laser\u00a0Imaging\u00a0Detection\u00a0and\u00a0Ranging),\u00a0descubrieron\u00a0478 centros\u00a0ceremoniales en Tabasco y\u00a0Veracruz, toda vez que se trata de tecnolog\u00eda que permite identificar\u00a0formas tridimensionales del suelo y sitios arqueol\u00f3gicos penetrando la\u00a0vegetaci\u00f3n.<\/span><span data-ccp-props=\"{&quot;201341983&quot;:0,&quot;335559731&quot;:708,&quot;335559739&quot;:160,&quot;335559740&quot;:240}\">\u00a0<\/span><\/p>\n<p><span data-contrast=\"auto\">La mayor\u00eda de\u00a0\u00e9stos\u00a0probablemente datan de 1100-400\u00a0a\u00f1os\u00a0a. C., varios siglos antes del\u00a0apogeo de la civilizaci\u00f3n maya en el per\u00edodo Cl\u00e1sico\u00a0(250-950 d.C.).<\/span><span data-ccp-props=\"{&quot;201341983&quot;:0,&quot;335559731&quot;:708,&quot;335559739&quot;:160,&quot;335559740&quot;:240}\">\u00a0<\/span><\/p>\n<p><span data-contrast=\"auto\">Tales descubrimientos \u201ctransforman la\u00a0comprensi\u00f3n de los acad\u00e9micos sobre los or\u00edgenes de\u00a0las civilizaciones mesoamericanas, en particular sobre\u00a0la relaci\u00f3n entre las culturas olmeca y maya\u201d, sostienen en un comunicado.<\/span><\/p>\n<div id=\"attachment_105324\" style=\"width: 732px\" class=\"wp-caption aligncenter\"><a href=\"https:\/\/www.uv.mx\/prensa\/general\/egresados-uv-replantean-origen-de-civilizaciones-mesoamericanas\/attachment\/101121-usumacinta-medio-2-100k\/\" rel=\"attachment wp-att-105324\"><img aria-describedby=\"caption-attachment-105324\" decoding=\"async\" loading=\"lazy\" class=\"size-full wp-image-105324\" src=\"https:\/\/www.uv.mx\/prensa\/files\/2021\/11\/101121-Usumacinta-Medio-2-100k.jpg\" alt=\"\u201cTenemos mucho trabajo de campo durante la licenciatura\u201d \" width=\"722\" height=\"482\" srcset=\"https:\/\/www.uv.mx\/prensa\/files\/2021\/11\/101121-Usumacinta-Medio-2-100k.jpg 722w, https:\/\/www.uv.mx\/prensa\/files\/2021\/11\/101121-Usumacinta-Medio-2-100k-300x200.jpg 300w\" sizes=\"(max-width: 722px) 100vw, 722px\" \/><\/a><p id=\"caption-attachment-105324\" class=\"wp-caption-text\">\u201cTenemos mucho trabajo de campo durante la licenciatura\u201d<\/p><\/div>\n<p>&nbsp;<\/p>\n<p><span data-contrast=\"auto\">El\u00a0estudio\u00a0se realiz\u00f3 con la autorizaci\u00f3n del Instituto Nacional de Antropolog\u00eda e Historia\u00a0(INAH)\u00a0y\u00a0utiliz\u00f3 datos p\u00fablicos\u00a0generados por el Instituto Nacional de Estad\u00edstica y\u00a0Geograf\u00eda\u00a0(<\/span><i><span data-contrast=\"auto\">Inegi<\/span><\/i><span data-contrast=\"auto\">), lo que les permiti\u00f3 cubrir\u00a0un \u00e1rea\u00a0ya citada,\u00a0de 85\u00a0mil kil\u00f3metros cuadrados.\u00a0A\u00a0decir del equipo cient\u00edfico,\u00a0es \u201cel\u00a0estudio arqueol\u00f3gico\u00a0de\u00a0LIDAR\u00a0m\u00e1s extenso realizado\u00a0en Mesoam\u00e9rica\u201d.<\/span><\/p>\n<p><b><span data-contrast=\"auto\">Una teor\u00eda de interacci\u00f3n, a trav\u00e9s de la regi\u00f3n del Istmo<\/span><\/b><span data-ccp-props=\"{&quot;201341983&quot;:0,&quot;335559739&quot;:160,&quot;335559740&quot;:240}\"><br \/>\n<\/span><span data-contrast=\"auto\">Uno de los planteamientos del estudio\u00a0es que el prototipo de estos\u00a0complejos\u00a0estandarizados se desarroll\u00f3 en el antiguo centro olmeca de San Lorenzo,\u00a0entre los a\u00f1os 1400 a 1000 a.C., toda vez que ah\u00ed\u00a0detectaron\u00a0\u2013con\u00a0LIDAR\u2013\u00a0una forma rectangular no reconocida\u00a0previamente.<\/span><span data-ccp-props=\"{&quot;201341983&quot;:0,&quot;335559739&quot;:160,&quot;335559740&quot;:240}\">\u00a0<\/span><\/p>\n<p><span data-contrast=\"auto\">El planteamiento, a\u00f1adi\u00f3\u00a0Miguel, es que en Mesoam\u00e9rica surgen caracter\u00edsticas sociales tempranas en diferentes regiones y mientras en la costa del Golfo son las plazas rectangulares \u2013cuyos prototipos se originaron en el centro olmeca de San Lorenzo\u2013, en la costa del Pac\u00edfico y cuenca del Grijalva fueron los basamentos piramidales y conjuntos\u00a0que\u00a0denominaron\u00a0Grupos E.<\/span><span data-ccp-props=\"{&quot;201341983&quot;:0,&quot;335559731&quot;:708,&quot;335559739&quot;:160,&quot;335559740&quot;:240}\">\u00a0<\/span><\/p>\n<p><span data-contrast=\"auto\">\u201cLo interesante es que estas dos innovaciones, de diferentes regiones, coinciden en un estilo arquitect\u00f3nico en el Usumacinta. Lo que tenemos es una teor\u00eda de interacci\u00f3n, a trav\u00e9s de la regi\u00f3n del Istmo, \u00e1rea que\u00a0comprende la parte sur de la costa del Golfo, la secci\u00f3n central de Chiapas y el sur de la costa del Pac\u00edfico.\u201d<\/span><span data-ccp-props=\"{&quot;201341983&quot;:0,&quot;335559739&quot;:160,&quot;335559740&quot;:240}\">\u00a0<\/span><\/p>\n<p><span data-contrast=\"auto\">De las tantas interrogantes\u00a0est\u00e1 la\u00a0que versa sobre\u00a0la delimitaci\u00f3n del \u00e1rea, pues hacen falta estudios en\u00a0el territorio que ya pertenece al vecino pa\u00eds de Guatemala, as\u00ed\u00a0como en el estado de\u00a0Chiapas, por citar dos.<\/span><span data-ccp-props=\"{&quot;201341983&quot;:0,&quot;335559739&quot;:160,&quot;335559740&quot;:240}\">\u00a0<\/span><\/p>\n<p><span data-contrast=\"auto\">\u201cNo tenemos seguridad de hasta d\u00f3nde hay conjuntos de este tipo. Tal vez en futuras investigaciones, con otros datos de\u00a0LIDAR\u00a0o si se contrasta con\u00a0los de\u00a0otros arque\u00f3logos,\u00a0se puede definir m\u00e1s hasta qu\u00e9 \u00e1reas se est\u00e1 abarcando. Esto nos dar\u00eda una idea m\u00e1s completa del comportamiento de los conjuntos, hasta d\u00f3nde se\u00a0extendieron\u00a0y cu\u00e1ntas otras tradiciones se est\u00e1n conjuntando\u201d, dijo Melina.<\/span><span data-ccp-props=\"{&quot;201341983&quot;:0,&quot;335559739&quot;:160,&quot;335559740&quot;:240}\">\u00a0<\/span><\/p>\n<p><span data-contrast=\"auto\">Pero\u00a0hay un contraste que pone en evidencia el citado estudio: Mientras\u00a0San Lorenzo ten\u00eda una organizaci\u00f3n jer\u00e1rquica \u2013como\u00a0lo demuestran las esculturas de cabezas colosales,\u00a0que probablemente representan gobernantes\u2013,\u00a0quienes construyeron\u00a0los sitios estandarizados recientemente identificados\u00a0probablemente no tuvieron una marcada desigualdad social.<\/span><span data-ccp-props=\"{&quot;201341983&quot;:0,&quot;335559731&quot;:708,&quot;335559739&quot;:160,&quot;335559740&quot;:240}\">\u00a0<\/span><\/p>\n<p><span data-contrast=\"auto\">Si bien\u00a0tanto San Lorenzo como\u00a0Aguada F\u00e9nix\u00a0son sitios que evidencian mucha inversi\u00f3n de trabajo, en el primer caso se ha constatado la\u00a0organizaci\u00f3n jer\u00e1rquica\u00a0y el beneficio para un individuo, mientras en el segundo se plantea un bien com\u00fan, con una gran plaza a la que le caben\u00a0alrededor de\u00a0100 mil personas, detall\u00f3 Miguel.<\/span><\/p>\n<div id=\"attachment_105325\" style=\"width: 612px\" class=\"wp-caption aligncenter\"><a href=\"https:\/\/www.uv.mx\/prensa\/general\/egresados-uv-replantean-origen-de-civilizaciones-mesoamericanas\/attachment\/101121-usumacinta-medio-3-100k\/\" rel=\"attachment wp-att-105325\"><img aria-describedby=\"caption-attachment-105325\" decoding=\"async\" loading=\"lazy\" class=\"size-full wp-image-105325\" src=\"https:\/\/www.uv.mx\/prensa\/files\/2021\/11\/101121-Usumacinta-Medio-3-100k.jpg\" alt=\"\u201cEs el estudio arqueol\u00f3gico de LIDAR m\u00e1s extenso realizado en Mesoam\u00e9rica\u201d \" width=\"602\" height=\"480\" srcset=\"https:\/\/www.uv.mx\/prensa\/files\/2021\/11\/101121-Usumacinta-Medio-3-100k.jpg 602w, https:\/\/www.uv.mx\/prensa\/files\/2021\/11\/101121-Usumacinta-Medio-3-100k-300x239.jpg 300w, https:\/\/www.uv.mx\/prensa\/files\/2021\/11\/101121-Usumacinta-Medio-3-100k-100x80.jpg 100w\" sizes=\"(max-width: 602px) 100vw, 602px\" \/><\/a><p id=\"caption-attachment-105325\" class=\"wp-caption-text\">\u201cEs el estudio arqueol\u00f3gico de LIDAR m\u00e1s extenso realizado en Mesoam\u00e9rica\u201d<\/p><\/div>\n<p>&nbsp;<\/p>\n<p><span data-contrast=\"auto\">De acuerdo con el grupo cient\u00edfico, en general las enormes construcciones realizadas por esos grupos no jer\u00e1rquicos obligan a los investigadores a repensar c\u00f3mo se desarrollaron las primeras civilizaciones.<\/span><span data-ccp-props=\"{&quot;201341983&quot;:0,&quot;335559731&quot;:708,&quot;335559739&quot;:160,&quot;335559740&quot;:240}\">\u00a0<\/span><\/p>\n<p><span data-contrast=\"auto\">Suponen que los complejos estandarizados en esta \u00e1rea fueron\u00a0abandonados despu\u00e9s del 400 a.C., pero algunos de sus elementos\u00a0los adoptaron los centros mayas posteriores.<\/span><span data-ccp-props=\"{&quot;201341983&quot;:0,&quot;335559731&quot;:708,&quot;335559739&quot;:160,&quot;335559740&quot;:240}\">\u00a0<\/span><\/p>\n<p><span data-contrast=\"auto\">Para Melina, al tratarse de una investigaci\u00f3n inicial, cada vez surgen m\u00e1s interrogantes, como la cronolog\u00eda de cada sitio y los procesos de construcci\u00f3n de los mismos.\u00a0<\/span><span data-ccp-props=\"{&quot;201341983&quot;:0,&quot;335559731&quot;:708,&quot;335559739&quot;:160,&quot;335559740&quot;:240}\">\u00a0<\/span><\/p>\n<p><span data-contrast=\"auto\">Miguel\u00a0tambi\u00e9n\u00a0hizo \u00e9nfasis en la necesidad de saber m\u00e1s de la cronolog\u00eda, toda vez que actualmente tienen datos de\u00a0excavaci\u00f3n de\u00a0cinco sitios, cuando en la zona\u00a0del Usumacinta Medio\u00a0hay alrededor de\u00a080.<\/span><span data-ccp-props=\"{&quot;201341983&quot;:0,&quot;335559739&quot;:160,&quot;335559740&quot;:240}\">\u00a0<\/span><\/p>\n<p><span data-contrast=\"auto\">Ambos\u00a0mostraron su satisfacci\u00f3n por la formaci\u00f3n profesional recibida\u00a0en el programa educativo de Arqueolog\u00eda,\u00a0adscrito\u00a0a la Facultad de Antropolog\u00eda de\u00a0la UV,\u00a0y que les permite ser parte de un\u00a0equipo cient\u00edfico internacional.<\/span><span data-ccp-props=\"{&quot;201341983&quot;:0,&quot;335559739&quot;:160,&quot;335559740&quot;:240}\">\u00a0<\/span><\/p>\n<p><span data-contrast=\"auto\">\u201cLo que m\u00e1s impacta sobre nosotros, sobre nuestra formaci\u00f3n como arque\u00f3logos,\u00a0es el hecho de que tenemos mucho trabajo de campo durante la licenciatura. Hacemos investigaci\u00f3n inicial, recorridos, an\u00e1lisis de los materiales, excavaciones. Entonces, cuando salimos, al trabajar en nuestra disciplina, hay pocas cosas de la metodolog\u00eda arqueol\u00f3gica que no sabemos. Estamos formados para salir y trabajar como tal\u201d, dijo orgulloso Miguel.<\/span><span data-ccp-props=\"{&quot;201341983&quot;:0,&quot;335559739&quot;:160,&quot;335559740&quot;:240}\">\u00a0<\/span><\/p>\n<p><span data-contrast=\"auto\">Adem\u00e1s, como la instituci\u00f3n est\u00e1 centrada en trabajar los sitios arqueol\u00f3gicos regionales, tanto Miguel como Melina\u00a0se involucraron en investigaciones que se realizan en sitios olmecas del sur de la entidad, lo que les provey\u00f3 de una formaci\u00f3n en el periodo\u00a0precl\u00e1sico.\u00a0<\/span><span data-ccp-props=\"{&quot;201341983&quot;:0,&quot;335559739&quot;:160,&quot;335559740&quot;:240}\">\u00a0<\/span><\/p>\n<p><span data-contrast=\"auto\">A ello se suman experiencias externas a las dadas por la Facultad,\u00a0experiencia en instancias que trabajan con la UV, como el Museo de Antropolog\u00eda de Xalapa y el Instituto de Antropolog\u00eda, adem\u00e1s de\u00a0intervenciones en salvamentos\u00a0o labores en proyectos\u00a0de investigadores nacionales y extranjeros\u00a0en\u00a0diferentes\u00a0puntos del pa\u00eds.<\/span><span data-ccp-props=\"{&quot;201341983&quot;:0,&quot;335559739&quot;:160,&quot;335559740&quot;:240}\">\u00a0<\/span><\/p>\n","protected":false},"excerpt":{"rendered":"<p>Colaboran en el Proyecto Arqueol\u00f3gico Usumacinta Medio <\/p>\n","protected":false},"author":1775,"featured_media":105325,"comment_status":"closed","ping_status":"closed","sticky":false,"template":"","format":"standard","meta":[],"categories":[1],"tags":[5406,4015,5402,5400,5401,5404,5403,5405,4832,63],"_links":{"self":[{"href":"https:\/\/www.uv.mx\/prensa\/wp-json\/wp\/v2\/posts\/105322"}],"collection":[{"href":"https:\/\/www.uv.mx\/prensa\/wp-json\/wp\/v2\/posts"}],"about":[{"href":"https:\/\/www.uv.mx\/prensa\/wp-json\/wp\/v2\/types\/post"}],"author":[{"embeddable":true,"href":"https:\/\/www.uv.mx\/prensa\/wp-json\/wp\/v2\/users\/1775"}],"replies":[{"embeddable":true,"href":"https:\/\/www.uv.mx\/prensa\/wp-json\/wp\/v2\/comments?post=105322"}],"version-history":[{"count":1,"href":"https:\/\/www.uv.mx\/prensa\/wp-json\/wp\/v2\/posts\/105322\/revisions"}],"predecessor-version":[{"id":105327,"href":"https:\/\/www.uv.mx\/prensa\/wp-json\/wp\/v2\/posts\/105322\/revisions\/105327"}],"wp:featuredmedia":[{"embeddable":true,"href":"https:\/\/www.uv.mx\/prensa\/wp-json\/wp\/v2\/media\/105325"}],"wp:attachment":[{"href":"https:\/\/www.uv.mx\/prensa\/wp-json\/wp\/v2\/media?parent=105322"}],"wp:term":[{"taxonomy":"category","embeddable":true,"href":"https:\/\/www.uv.mx\/prensa\/wp-json\/wp\/v2\/categories?post=105322"},{"taxonomy":"post_tag","embeddable":true,"href":"https:\/\/www.uv.mx\/prensa\/wp-json\/wp\/v2\/tags?post=105322"}],"curies":[{"name":"wp","href":"https:\/\/api.w.org\/{rel}","templated":true}]}}