{"id":105136,"date":"2021-11-11T09:46:50","date_gmt":"2021-11-11T15:46:50","guid":{"rendered":"https:\/\/www.uv.mx\/prensa\/?p=105136"},"modified":"2021-11-11T11:16:32","modified_gmt":"2021-11-11T17:16:32","slug":"andres-francisco-aguilar-nuevo-titular-de-la-direccion-de-ingresos","status":"publish","type":"post","link":"https:\/\/www.uv.mx\/prensa\/banner\/andres-francisco-aguilar-nuevo-titular-de-la-direccion-de-ingresos\/","title":{"rendered":"Andr\u00e9s Francisco Aguilar, nuevo titular de la Direcci\u00f3n de Ingresos"},"content":{"rendered":"<ul>\n<li data-leveltext=\"\uf0b7\" data-font=\"Symbol\" data-listid=\"1\" data-aria-posinset=\"1\" data-aria-level=\"1\"><i><span data-contrast=\"auto\">La ceremonia protocolaria fue\u00a0encabezada por Lizbeth Margarita Viveros\u00a0Cancino, secretaria de Administraci\u00f3n y Finanzas de la UV<\/span><\/i><span data-ccp-props=\"{&quot;134233279&quot;:true}\">\u00a0<\/span><\/li>\n<\/ul>\n<p><span data-ccp-props=\"{}\">\u00a0<\/span><\/p>\n<div id=\"attachment_105137\" style=\"width: 732px\" class=\"wp-caption aligncenter\"><a href=\"https:\/\/www.uv.mx\/prensa\/banner\/andres-francisco-aguilar-nuevo-titular-de-la-direccion-de-ingresos\/attachment\/101121-paola-toma-de-protesta-1-100k\/\" rel=\"attachment wp-att-105137\"><img loading=\"lazy\" decoding=\"async\" aria-describedby=\"caption-attachment-105137\" class=\"size-full wp-image-105137\" src=\"https:\/\/www.uv.mx\/prensa\/files\/2021\/11\/101121-PAOLA-Toma-de-protesta-1-100k.jpg\" alt=\"Lizbeth Margarita Viveros tom\u00f3 protesta a Andr\u00e9s Francisco Aguilar \" width=\"722\" height=\"482\" srcset=\"https:\/\/www.uv.mx\/prensa\/files\/2021\/11\/101121-PAOLA-Toma-de-protesta-1-100k.jpg 722w, https:\/\/www.uv.mx\/prensa\/files\/2021\/11\/101121-PAOLA-Toma-de-protesta-1-100k-300x200.jpg 300w\" sizes=\"auto, (max-width: 722px) 100vw, 722px\" \/><\/a><p id=\"caption-attachment-105137\" class=\"wp-caption-text\">Lizbeth Margarita Viveros tom\u00f3 protesta a Andr\u00e9s Francisco Aguilar<\/p><\/div>\n<p>&nbsp;<\/p>\n<p><b><i><span data-contrast=\"auto\">Paola Cort\u00e9s P\u00e9rez<\/span><\/i><\/b><span data-ccp-props=\"{}\">\u00a0<\/span><\/p>\n<p><b><i><span data-contrast=\"auto\">11\/11\/2021, Xalapa,\u00a0Ver.-<\/span><\/i><\/b><span data-contrast=\"auto\">\u00a0La titular de la <a href=\"https:\/\/www.uv.mx\/saf\/\" target=\"_blank\" rel=\"noopener\">Secretar\u00eda de Administraci\u00f3n y Finanzas<\/a> (SAF) de la Universidad Veracruzana (UV),\u00a0Lizbeth Margarita Viveros\u00a0Cancino, tom\u00f3 protesta a Andr\u00e9s\u00a0Francisco Aguilar Ju\u00e1rez\u00a0como titular de la Direcci\u00f3n de Ingresos, adscrita a la Direcci\u00f3n General de Recursos Financieros\u00a0(DGRF).<\/span><span data-ccp-props=\"{}\">\u00a0<\/span><\/p>\n<p><span data-contrast=\"auto\">La ceremonia protocolaria se realiz\u00f3 la tarde del\u00a0mi\u00e9rcoles 10 de noviembre en la Sala de Juntas de las \u00c1reas Acad\u00e9micas \u201cMtra. Jenny Beltr\u00e1n Casanova\u201d, encabezada por Lizbeth Margarita Viveros\u00a0y Eric Jes\u00fas Galindo Mej\u00eda, director general de Recursos Financieros.<\/span><span data-ccp-props=\"{&quot;335559731&quot;:708}\">\u00a0<\/span><\/p>\n<p><span data-contrast=\"auto\">Viveros\u00a0Cancino\u00a0expres\u00f3 que la Direcci\u00f3n de Ingresos es un engranaje importante dentro de la DGRF, al ser el \u00e1rea que capta los recursos, sin ella\u00a0no funcionar\u00eda la parte administrativa\u00a0y financiera. Por ello, debe apostarse por la innovaci\u00f3n, actualizaci\u00f3n y uso de las nuevas tecnolog\u00edas para fortalecer esta \u00e1rea.<\/span><\/p>\n<div id=\"attachment_105138\" style=\"width: 732px\" class=\"wp-caption aligncenter\"><a href=\"https:\/\/www.uv.mx\/prensa\/banner\/andres-francisco-aguilar-nuevo-titular-de-la-direccion-de-ingresos\/attachment\/101121-paola-toma-de-protesta-2-100k\/\" rel=\"attachment wp-att-105138\"><img loading=\"lazy\" decoding=\"async\" aria-describedby=\"caption-attachment-105138\" class=\"size-full wp-image-105138\" src=\"https:\/\/www.uv.mx\/prensa\/files\/2021\/11\/101121-PAOLA-Toma-de-protesta-2-100k.jpg\" alt=\"Andr\u00e9s Francisco Aguilar, Lizbeth Margarita Viveros y Eric Jes\u00fas Galindo\" width=\"722\" height=\"482\" srcset=\"https:\/\/www.uv.mx\/prensa\/files\/2021\/11\/101121-PAOLA-Toma-de-protesta-2-100k.jpg 722w, https:\/\/www.uv.mx\/prensa\/files\/2021\/11\/101121-PAOLA-Toma-de-protesta-2-100k-300x200.jpg 300w\" sizes=\"auto, (max-width: 722px) 100vw, 722px\" \/><\/a><p id=\"caption-attachment-105138\" class=\"wp-caption-text\">Andr\u00e9s Francisco Aguilar, Lizbeth Margarita Viveros y Eric Jes\u00fas Galindo<\/p><\/div>\n<p>&nbsp;<\/p>\n<p><span data-contrast=\"auto\">Andr\u00e9s Francisco Aguilar asegur\u00f3\u00a0que todos quienes integran la\u00a0Direcci\u00f3n de Ingresos\u00a0\u2013que a partir de\u00a0ahora est\u00e1 a su cargo\u2013 trabajar\u00e1n arduamente como lo han realizado hasta este momento.<\/span><span data-ccp-props=\"{&quot;335559731&quot;:708}\">\u00a0<\/span><\/p>\n<p><span data-contrast=\"auto\">\u201cSabemos que trabajamos por la raz\u00f3n de ser de la Universidad,\u00a0que son los alumnos,\u00a0nos esforzaremos para hacer mejor nuestro trabajo.\u201d<\/span><span data-ccp-props=\"{&quot;335559731&quot;:708}\">\u00a0<\/span><\/p>\n<p><span data-contrast=\"auto\">En tanto, Eric Jes\u00fas Galindo reconoci\u00f3 el trabajo realizado por todos los que integran la dependencia universitaria, \u201cesta nueva etapa debe renovar el \u00edmpetu y dedicaci\u00f3n para continuar el gran trabajo que ya vienen efectuando\u201d.<\/span><span data-ccp-props=\"{&quot;335559731&quot;:708}\">\u00a0<\/span><\/p>\n","protected":false},"excerpt":{"rendered":"<p>La titular de la SAF, Lizbeth Viveros Cancino, llam\u00f3 a apostar por la innovaci\u00f3n, actualizaci\u00f3n y uso de las nuevas tecnolog\u00edas para fortalecer esta \u00e1rea <\/p>\n","protected":false},"author":1775,"featured_media":105139,"comment_status":"closed","ping_status":"closed","sticky":false,"template":"","format":"standard","meta":{"footnotes":""},"categories":[61],"tags":[5267,3617,4581,5268,4580,5270,5266,5269,4164,431,4787,430],"class_list":["post-105136","post","type-post","status-publish","format-standard","has-post-thumbnail","hentry","category-banner","tag-andres-francisco-aguilar-juarez","tag-areas-academicas","tag-dgrf","tag-direccion-de-ingresos","tag-direccion-general-de-recursos-financieros","tag-eric-jesus-galindo-mejia","tag-lizbeth-margarita-viveros-cancino","tag-mtra-jenny-beltran-casanova","tag-paola-cortes-perez","tag-saf","tag-sala-de-juntas","tag-secretaria-de-administracion-y-finanzas"],"_links":{"self":[{"href":"https:\/\/www.uv.mx\/prensa\/wp-json\/wp\/v2\/posts\/105136","targetHints":{"allow":["GET"]}}],"collection":[{"href":"https:\/\/www.uv.mx\/prensa\/wp-json\/wp\/v2\/posts"}],"about":[{"href":"https:\/\/www.uv.mx\/prensa\/wp-json\/wp\/v2\/types\/post"}],"author":[{"embeddable":true,"href":"https:\/\/www.uv.mx\/prensa\/wp-json\/wp\/v2\/users\/1775"}],"replies":[{"embeddable":true,"href":"https:\/\/www.uv.mx\/prensa\/wp-json\/wp\/v2\/comments?post=105136"}],"version-history":[{"count":1,"href":"https:\/\/www.uv.mx\/prensa\/wp-json\/wp\/v2\/posts\/105136\/revisions"}],"predecessor-version":[{"id":105160,"href":"https:\/\/www.uv.mx\/prensa\/wp-json\/wp\/v2\/posts\/105136\/revisions\/105160"}],"wp:featuredmedia":[{"embeddable":true,"href":"https:\/\/www.uv.mx\/prensa\/wp-json\/wp\/v2\/media\/105139"}],"wp:attachment":[{"href":"https:\/\/www.uv.mx\/prensa\/wp-json\/wp\/v2\/media?parent=105136"}],"wp:term":[{"taxonomy":"category","embeddable":true,"href":"https:\/\/www.uv.mx\/prensa\/wp-json\/wp\/v2\/categories?post=105136"},{"taxonomy":"post_tag","embeddable":true,"href":"https:\/\/www.uv.mx\/prensa\/wp-json\/wp\/v2\/tags?post=105136"}],"curies":[{"name":"wp","href":"https:\/\/api.w.org\/{rel}","templated":true}]}}