{"id":105089,"date":"2021-11-10T10:18:42","date_gmt":"2021-11-10T16:18:42","guid":{"rendered":"https:\/\/www.uv.mx\/prensa\/?p=105089"},"modified":"2021-11-11T11:53:16","modified_gmt":"2021-11-11T17:53:16","slug":"investigadora-explica-tecnica-para-controlar-plagas-de-insectos","status":"publish","type":"post","link":"https:\/\/www.uv.mx\/prensa\/ciencia\/investigadora-explica-tecnica-para-controlar-plagas-de-insectos\/","title":{"rendered":"Investigadora explica t\u00e9cnica para controlar plagas de insectos"},"content":{"rendered":"<ul>\n<li data-leveltext=\"\u25cf\" data-font=\"\" data-listid=\"1\" data-aria-posinset=\"1\" data-aria-level=\"1\"><i><span data-contrast=\"auto\">Diana P\u00e9rez Staples fue invitada por la Agencia Internacional de Energ\u00eda At\u00f3mica para hablar sobre la\u00a0t\u00e9cnica del\u00a0insecto\u00a0est\u00e9ril<\/span><\/i><span data-ccp-props=\"{}\">\u00a0<\/span><\/li>\n<li data-leveltext=\"\u25cf\" data-font=\"\" data-listid=\"1\" data-aria-posinset=\"2\" data-aria-level=\"1\"><i><span data-contrast=\"auto\">La acad\u00e9mica del Instituto de Biotecnolog\u00eda y Ecolog\u00eda Aplicada\u00a0reconoci\u00f3 que es necesario difundir entre los productores el beneficio de dicha t\u00e9cnica<\/span><\/i><span data-ccp-props=\"{}\">\u00a0<\/span><\/li>\n<\/ul>\n<p><span data-ccp-props=\"{}\">\u00a0<\/span><\/p>\n<div id=\"attachment_105090\" style=\"width: 732px\" class=\"wp-caption aligncenter\"><a href=\"https:\/\/www.uv.mx\/prensa\/ciencia\/investigadora-explica-tecnica-para-controlar-plagas-de-insectos\/attachment\/091121-david-diana-perez-inbioteca-en-cop26-1-100k\/\" rel=\"attachment wp-att-105090\"><img aria-describedby=\"caption-attachment-105090\" decoding=\"async\" loading=\"lazy\" class=\"size-full wp-image-105090\" src=\"https:\/\/www.uv.mx\/prensa\/files\/2021\/11\/091121-DAVID-Diana-Perez-Inbioteca-en-COP26-1-100k.jpg\" alt=\"Diana P\u00e9rez Staples, investigadora de Inbioteca, habl\u00f3 sobre su participaci\u00f3n en el panel organizado por la IAEA dentro del COP26 \" width=\"722\" height=\"481\" srcset=\"https:\/\/www.uv.mx\/prensa\/files\/2021\/11\/091121-DAVID-Diana-Perez-Inbioteca-en-COP26-1-100k.jpg 722w, https:\/\/www.uv.mx\/prensa\/files\/2021\/11\/091121-DAVID-Diana-Perez-Inbioteca-en-COP26-1-100k-300x200.jpg 300w\" sizes=\"(max-width: 722px) 100vw, 722px\" \/><\/a><p id=\"caption-attachment-105090\" class=\"wp-caption-text\">Diana P\u00e9rez Staples, investigadora de Inbioteca, habl\u00f3 sobre su participaci\u00f3n en el panel organizado por la IAEA dentro del COP26<\/p><\/div>\n<p>&nbsp;<\/p>\n<p><b><i><span data-contrast=\"auto\">David Sandoval Rodr\u00edguez<\/span><\/i><\/b><span data-ccp-props=\"{}\">\u00a0<\/span><\/p>\n<p><b><i><span data-contrast=\"auto\">10\/11\/2021,\u00a0Xalapa, Ver.-<\/span><\/i><\/b><span data-contrast=\"auto\">\u00a0Con la intenci\u00f3n de comunicar a un p\u00fablico\u00a0mundial los beneficios de la\u00a0t\u00e9cnica del\u00a0insecto\u00a0est\u00e9ril (TIE), Diana P\u00e9rez Staples, acad\u00e9mica del <a href=\"https:\/\/www.uv.mx\/inbioteca\/\" target=\"_blank\" rel=\"noopener\">Instituto de Biotecnolog\u00eda y Ecolog\u00eda Aplicada<\/a> (<\/span><i><span data-contrast=\"auto\">Inbioteca<\/span><\/i><span data-contrast=\"auto\">) de la Universidad Veracruzana (UV), particip\u00f3 el 6 de noviembre en el panel \u201cContribuci\u00f3n de la\u00a0ciencia\u00a0nuclear y la\u00a0tecnolog\u00eda en la\u00a0adaptaci\u00f3n del\u00a0cambio\u00a0clim\u00e1tico\u201d.<\/span><span data-ccp-props=\"{}\">\u00a0<\/span><\/p>\n<p><span data-contrast=\"auto\">Este encuentro\u00a0fue organizado por la Agencia Internacional de Energ\u00eda At\u00f3mica (IAEA, por sus siglas en ingl\u00e9s),\u00a0en el marco de la\u00a0Conferencia de las Partes, conocida globalmente como COP, en su vig\u00e9sima sexta edici\u00f3n que\u00a0tiene cita en Glasgow, Escocia.<\/span><span data-ccp-props=\"{&quot;335559731&quot;:720}\">\u00a0<\/span><\/p>\n<p><span data-contrast=\"auto\">La TIE es un m\u00e9todo de control de plagas de insectos que busca proteger el ambiente e implica la cr\u00eda masiva y esterilizaci\u00f3n, por medio de la radiaci\u00f3n de\u00a0cobalto 60 a los insectos causantes de una plaga concreta.<\/span><span data-ccp-props=\"{}\">\u00a0<\/span><\/p>\n<p><span data-contrast=\"auto\">Una vez esterilizados, los machos se liberan sistem\u00e1ticamente en una zona espec\u00edfica donde se aparean con hembras silvestres sin que haya descendencia, con lo que se reduce la poblaci\u00f3n causante de la plaga.<\/span><span data-ccp-props=\"{&quot;335559731&quot;:720}\">\u00a0<\/span><\/p>\n<p><span data-contrast=\"auto\">P\u00e9rez\u00a0Staples\u00a0trabaja en colaboraci\u00f3n con el acad\u00e9mico Francisco D\u00edaz\u00a0Fletcher, tambi\u00e9n de\u00a0<\/span><i><span data-contrast=\"auto\">Inbioteca<\/span><\/i><span data-contrast=\"auto\">, buscando mejorar los m\u00e9todos para liberar a los machos est\u00e9riles y analizando el comportamiento sexual de los insectos plaga, \u201centre ambos apoyamos estos esfuerzos m\u00e1s amigables y eficientes con el ambiente, en sustituci\u00f3n del uso de insecticidas y plaguicidas\u201d.<\/span><span data-ccp-props=\"{&quot;335559731&quot;:720}\">\u00a0<\/span><\/p>\n<p><span data-contrast=\"auto\">La cient\u00edfica se\u00f1al\u00f3 que esta t\u00e9cnica se ha utilizado desde hace m\u00e1s de medio siglo a nivel mundial y M\u00e9xico fue pionero en\u00a0su\u00a0implementaci\u00f3n.<\/span><span data-ccp-props=\"{&quot;335559731&quot;:720}\">\u00a0<\/span><\/p>\n<p><span data-contrast=\"auto\">Por\u00a0su trayectoria acad\u00e9mica y sus resultados,\u00a0la IAEA\u00a0le invit\u00f3 a participar\u00a0en el foro\u00a0de la COP 26\u00a0y explic\u00f3: \u201cQuer\u00edan que un representante de Latinoam\u00e9rica platicara sobre esta t\u00e9cnica,\u00a0pensando en dar soluciones y evidenciar las acciones que ya se est\u00e1n realizando para tratar de mitigar los efectos del cambio clim\u00e1tico.<\/span><\/p>\n<div id=\"attachment_105091\" style=\"width: 732px\" class=\"wp-caption aligncenter\"><a href=\"https:\/\/www.uv.mx\/prensa\/ciencia\/investigadora-explica-tecnica-para-controlar-plagas-de-insectos\/attachment\/091121-david-diana-perez-inbioteca-en-cop26-2-100k\/\" rel=\"attachment wp-att-105091\"><img aria-describedby=\"caption-attachment-105091\" decoding=\"async\" loading=\"lazy\" class=\"size-full wp-image-105091\" src=\"https:\/\/www.uv.mx\/prensa\/files\/2021\/11\/091121-DAVID-Diana-Perez-Inbioteca-en-COP26-2-100k.jpg\" alt=\"La acad\u00e9mica de la UV present\u00f3 los resultados de la t\u00e9cnica del insecto est\u00e9ril en panel internacional de la COP26 \" width=\"722\" height=\"481\" srcset=\"https:\/\/www.uv.mx\/prensa\/files\/2021\/11\/091121-DAVID-Diana-Perez-Inbioteca-en-COP26-2-100k.jpg 722w, https:\/\/www.uv.mx\/prensa\/files\/2021\/11\/091121-DAVID-Diana-Perez-Inbioteca-en-COP26-2-100k-300x200.jpg 300w\" sizes=\"(max-width: 722px) 100vw, 722px\" \/><\/a><p id=\"caption-attachment-105091\" class=\"wp-caption-text\">La acad\u00e9mica de la UV present\u00f3 los resultados de la t\u00e9cnica del insecto est\u00e9ril en panel internacional de la COP26<\/p><\/div>\n<p>&nbsp;<\/p>\n<p><span data-contrast=\"auto\">\u201dPara la Universidad Veracruzana es una gran distinci\u00f3n que nos hayan escogido con el prop\u00f3sito de dar a conocer esta t\u00e9cnica pues\u00a0es utilizada en todo el mundo y pudieron haber elegido\u00a0a un especialista de otro pa\u00eds e inclusive de otro continente, finalmente\u00a0me\u00a0eligieron a m\u00ed\u00a0y me parece que es algo para sentirnos contentos y que se est\u00e1 reconociendo el trabajo realizado en este campo.\u201d<\/span><span data-ccp-props=\"{&quot;335559731&quot;:720}\">\u00a0<\/span><\/p>\n<p><span data-contrast=\"auto\">La acad\u00e9mica enfatiz\u00f3 que ya existen soluciones a los problemas que enfrentamos como consecuencia del cambio clim\u00e1tico al incrementarse la presencia de plagas donde antes no hab\u00eda, \u201cpor eso el p\u00fablico en general debe conocer sobre estos temas, dado que\u00a0entre todos\u00a0podemos respaldar\u00a0este tipo de soluciones para que los gobiernos inviertan en ellas\u201d.<\/span><span data-ccp-props=\"{&quot;335559731&quot;:720}\">\u00a0<\/span><\/p>\n<p><span data-contrast=\"auto\">Agreg\u00f3 que la IAEA financia varios proyectos con\u00a0<\/span><i><span data-contrast=\"auto\">Inbioteca<\/span><\/i><span data-contrast=\"auto\">, en particular el trabajo de investigaci\u00f3n que se relaciona con las tesis de licenciatura, maestr\u00eda y doctorado que se imparten en el instituto, \u201cse han podido realizar gracias al financiamiento que nos proporcionan para trabajar\u00a0en estas t\u00e9cnicas\u201d.<\/span><span data-ccp-props=\"{&quot;335559731&quot;:720}\">\u00a0<\/span><\/p>\n<p><span data-contrast=\"auto\">La entrevistada subray\u00f3:\u00a0\u201cMuchos de nuestros estudiantes han podido hacer sus trabajos de investigaci\u00f3n gracias al apoyo de la\u00a0IAEA, que tambi\u00e9n colabora en la investigaci\u00f3n para detectar a las hembras que llegan a las trampas instaladas para la reproducci\u00f3n\u201d.<\/span><span data-ccp-props=\"{}\">\u00a0<\/span><\/p>\n<p><span data-contrast=\"auto\">Respecto a la efectividad de la TIE, record\u00f3 que en\u00a0la d\u00e9cada de los setenta\u00a0se implement\u00f3 con \u00e9xito para la plaga del gusano barrenador en la regi\u00f3n de Tuxtla Guti\u00e9rrez,\u00a0Chiapas.<\/span><span data-ccp-props=\"{}\">\u00a0<\/span><\/p>\n<p><span data-contrast=\"auto\">\u201cSe logr\u00f3 erradicar al gusano barrenador desde M\u00e9xico hasta Panam\u00e1 y durante alg\u00fan tiempo se exportaron machos est\u00e9riles de este gusano a varios pa\u00edses, entre ellos Libia, donde tambi\u00e9n se logr\u00f3 erradicar esta plaga.\u201d<\/span><span data-ccp-props=\"{&quot;335559731&quot;:720}\">\u00a0<\/span><\/p>\n<p><span data-contrast=\"auto\">Actualmente existen dos plantas, ubicadas en la localidad de\u00a0Metapa\u00a0de Dom\u00ednguez, cerca de Tapachula,\u00a0Chiapas, donde se producen machos\u00a0est\u00e9riles de dos especies: la mosca del Mediterr\u00e1neo y la mosca mexicana de la fruta, en particular la especie\u00a0<\/span><i><span data-contrast=\"auto\">Anastrepha\u00a0ludens<\/span><\/i><span data-contrast=\"auto\">, \u201cambas plagas terribles para la agricultura\u201d, a\u00f1adi\u00f3.<\/span><span data-ccp-props=\"{&quot;335559731&quot;:720}\">\u00a0<\/span><\/p>\n<p><span data-contrast=\"auto\">Dichas plantas son operadas por el gobierno federal y est\u00e1n avaladas por la IAEA para el uso de la energ\u00eda nuclear con fines pac\u00edficos.<\/span><\/p>\n<div id=\"attachment_105092\" style=\"width: 732px\" class=\"wp-caption aligncenter\"><a href=\"https:\/\/www.uv.mx\/prensa\/ciencia\/investigadora-explica-tecnica-para-controlar-plagas-de-insectos\/attachment\/091121-david-diana-perez-inbioteca-en-cop26-3-100k\/\" rel=\"attachment wp-att-105092\"><img aria-describedby=\"caption-attachment-105092\" decoding=\"async\" loading=\"lazy\" class=\"size-full wp-image-105092\" src=\"https:\/\/www.uv.mx\/prensa\/files\/2021\/11\/091121-DAVID-Diana-Perez-Inbioteca-en-COP26-3-100k.jpg\" alt=\"P\u00e9rez Staples consider\u00f3 necesaria una mayor difusi\u00f3n de la t\u00e9cnica para revertir la desconfianza del uso de elementos radioactivos \" width=\"722\" height=\"481\" srcset=\"https:\/\/www.uv.mx\/prensa\/files\/2021\/11\/091121-DAVID-Diana-Perez-Inbioteca-en-COP26-3-100k.jpg 722w, https:\/\/www.uv.mx\/prensa\/files\/2021\/11\/091121-DAVID-Diana-Perez-Inbioteca-en-COP26-3-100k-300x200.jpg 300w\" sizes=\"(max-width: 722px) 100vw, 722px\" \/><\/a><p id=\"caption-attachment-105092\" class=\"wp-caption-text\">P\u00e9rez Staples consider\u00f3 necesaria una mayor difusi\u00f3n de la t\u00e9cnica para revertir la desconfianza del uso de elementos radioactivos<\/p><\/div>\n<p>&nbsp;<\/p>\n<p><span data-contrast=\"auto\">Respecto a la TIE, la investigadora apunt\u00f3 que todav\u00eda no es tan conocida m\u00e1s all\u00e1 del \u00e1mbito cient\u00edfico y genera desconfianza porque se asocia con el cobalto 60, un componente radioactivo.<\/span><span data-ccp-props=\"{&quot;335559731&quot;:720}\">\u00a0<\/span><\/p>\n<p><span data-contrast=\"auto\">\u201cMe he sorprendido por lo relativamente poco conocida que es la\u00a0t\u00e9cnica por\u00a0el p\u00fablico en general porque, por ejemplo, aqu\u00ed en M\u00e9xico\u00a0tenemos muy buenas historias de \u00e9xito e inclusive en\u00a0las mismas personas en el panel\u201d, destac\u00f3 P\u00e9rez Staples.<\/span><span data-ccp-props=\"{&quot;335559731&quot;:720}\">\u00a0<\/span><\/p>\n<p><span data-contrast=\"auto\">Reconoci\u00f3 que\u00a0no obstante las d\u00e9cadas de experiencia, en Veracruz no se\u00a0utiliza\u00a0esta t\u00e9cnica, siendo m\u00e1s com\u00fan su implementaci\u00f3n en los estados del norte\u00a0como Sinaloa y Tamaulipas.<\/span><span data-ccp-props=\"{&quot;335559731&quot;:720}\">\u00a0<\/span><\/p>\n<p><span data-contrast=\"auto\">Consider\u00f3 que es posible que ello sea producto del desconocimiento y la asociaci\u00f3n que se tiene con el procedimiento, \u201cal referir que son\u00a0machos radioactivos porque fueron esterilizados, al igual que un equipo m\u00e9dico que se irradia, pero no es que se convierte en radioactivo, inclusive la comida a veces se tiene que irradiar para descontaminar y no nos ocurre absolutamente nada si se come tal alimento\u201d.<\/span><span data-ccp-props=\"{&quot;335559731&quot;:720}\">\u00a0<\/span><\/p>\n<p><span data-contrast=\"auto\">Puede tenerse la percepci\u00f3n de que se liberan insectos radioactivos, pero\u00a0en realidad son insectos est\u00e9riles porque su esperma no es f\u00e9rtil.<\/span><span data-ccp-props=\"{&quot;335559731&quot;:720}\">\u00a0<\/span><\/p>\n<p><span data-contrast=\"auto\">En su opini\u00f3n, es muy factible aplicar la t\u00e9cnica en beneficio de la producci\u00f3n agr\u00edcola de Veracruz y para\u00a0ello se debe\u00a0organizar un n\u00famero considerable de productores, adem\u00e1s se pueden sumar otras t\u00e9cnicas de control biol\u00f3gico.<\/span><span data-ccp-props=\"{&quot;335559731&quot;:720}\">\u00a0<\/span><\/p>\n<p><span data-contrast=\"auto\">\u201cEl uso de pesticidas e insecticidas deja una huella ecol\u00f3gica muy fuerte,\u00a0son m\u00e1s costosos y no resuelven el problema, al contrario, generan otros\u201d, coment\u00f3 la acad\u00e9mica.<\/span><span data-ccp-props=\"{&quot;335559731&quot;:720}\">\u00a0<\/span><\/p>\n","protected":false},"excerpt":{"rendered":"<p>Diana P\u00e9rez Staples fue invitada por la Agencia Internacional de Energ\u00eda At\u00f3mica para hablar sobre la t\u00e9cnica del insecto est\u00e9ril  <\/p>\n","protected":false},"author":1775,"featured_media":105092,"comment_status":"closed","ping_status":"closed","sticky":false,"template":"","format":"standard","meta":[],"categories":[45],"tags":[523,5253,5255,5256,4159,5252,5258,5257,5254,117,869,1641,5250,5251],"_links":{"self":[{"href":"https:\/\/www.uv.mx\/prensa\/wp-json\/wp\/v2\/posts\/105089"}],"collection":[{"href":"https:\/\/www.uv.mx\/prensa\/wp-json\/wp\/v2\/posts"}],"about":[{"href":"https:\/\/www.uv.mx\/prensa\/wp-json\/wp\/v2\/types\/post"}],"author":[{"embeddable":true,"href":"https:\/\/www.uv.mx\/prensa\/wp-json\/wp\/v2\/users\/1775"}],"replies":[{"embeddable":true,"href":"https:\/\/www.uv.mx\/prensa\/wp-json\/wp\/v2\/comments?post=105089"}],"version-history":[{"count":1,"href":"https:\/\/www.uv.mx\/prensa\/wp-json\/wp\/v2\/posts\/105089\/revisions"}],"predecessor-version":[{"id":105187,"href":"https:\/\/www.uv.mx\/prensa\/wp-json\/wp\/v2\/posts\/105089\/revisions\/105187"}],"wp:featuredmedia":[{"embeddable":true,"href":"https:\/\/www.uv.mx\/prensa\/wp-json\/wp\/v2\/media\/105092"}],"wp:attachment":[{"href":"https:\/\/www.uv.mx\/prensa\/wp-json\/wp\/v2\/media?parent=105089"}],"wp:term":[{"taxonomy":"category","embeddable":true,"href":"https:\/\/www.uv.mx\/prensa\/wp-json\/wp\/v2\/categories?post=105089"},{"taxonomy":"post_tag","embeddable":true,"href":"https:\/\/www.uv.mx\/prensa\/wp-json\/wp\/v2\/tags?post=105089"}],"curies":[{"name":"wp","href":"https:\/\/api.w.org\/{rel}","templated":true}]}}