{"id":104366,"date":"2021-11-04T10:08:16","date_gmt":"2021-11-04T16:08:16","guid":{"rendered":"https:\/\/www.uv.mx\/prensa\/?p=104366"},"modified":"2021-11-04T10:08:16","modified_gmt":"2021-11-04T16:08:16","slug":"iib-realizara-simposio-de-actualizacion-y-discusion-sobre-diabetes-mellitus","status":"publish","type":"post","link":"https:\/\/www.uv.mx\/prensa\/eventos\/iib-realizara-simposio-de-actualizacion-y-discusion-sobre-diabetes-mellitus\/","title":{"rendered":"IIB realizar\u00e1 simposio de actualizaci\u00f3n y discusi\u00f3n sobre diabetes mellitus"},"content":{"rendered":"<ul>\n<li data-leveltext=\"\uf0b7\" data-font=\"Symbol\" data-listid=\"1\" data-aria-posinset=\"0\" data-aria-level=\"1\"><i><span data-contrast=\"none\">La enfermedad cr\u00f3nica est\u00e1 declarada como emergencia sanitaria que afecta a poco m\u00e1s de 500 millones de personas <\/span><\/i><i><span data-contrast=\"none\">en el mundo<\/span><\/i><span data-ccp-props=\"{&quot;134233117&quot;:true,&quot;134233118&quot;:true,&quot;201341983&quot;:0,&quot;335559685&quot;:720,&quot;335559740&quot;:240}\">\u00a0<\/span><\/li>\n<\/ul>\n<p><span data-ccp-props=\"{&quot;134233117&quot;:true,&quot;134233118&quot;:true,&quot;201341983&quot;:0,&quot;335559685&quot;:720,&quot;335559740&quot;:240}\">\u00a0<\/span><\/p>\n<div id=\"attachment_104367\" style=\"width: 732px\" class=\"wp-caption aligncenter\"><a href=\"https:\/\/www.uv.mx\/prensa\/eventos\/iib-realizara-simposio-de-actualizacion-y-discusion-sobre-diabetes-mellitus\/attachment\/031121-8o-simposio-diabetes-1-100k\/\" rel=\"attachment wp-att-104367\"><img aria-describedby=\"caption-attachment-104367\" decoding=\"async\" loading=\"lazy\" class=\"size-full wp-image-104367\" src=\"https:\/\/www.uv.mx\/prensa\/files\/2021\/11\/031121-8o-Simposio-diabetes-1-100k.jpg\" alt=\"El Instituto de Investigaciones Biol\u00f3gicas es el organizador del evento\" width=\"722\" height=\"509\" srcset=\"https:\/\/www.uv.mx\/prensa\/files\/2021\/11\/031121-8o-Simposio-diabetes-1-100k.jpg 722w, https:\/\/www.uv.mx\/prensa\/files\/2021\/11\/031121-8o-Simposio-diabetes-1-100k-300x211.jpg 300w\" sizes=\"(max-width: 722px) 100vw, 722px\" \/><\/a><p id=\"caption-attachment-104367\" class=\"wp-caption-text\">El Instituto de Investigaciones Biol\u00f3gicas es el organizador del evento<\/p><\/div>\n<p>&nbsp;<\/p>\n<p><b><i><span data-contrast=\"none\">Jos\u00e9 Luis\u00a0Couttolenc\u00a0Soto<\/span><\/i><\/b><span data-ccp-props=\"{&quot;134233117&quot;:true,&quot;134233118&quot;:true,&quot;201341983&quot;:0,&quot;335559740&quot;:240}\">\u00a0<\/span><\/p>\n<p><b><i><span data-contrast=\"none\">04\/11\/2021,\u00a0Xalapa,\u00a0Ver.-\u00a0<\/span><\/i><\/b><span data-contrast=\"none\">En el marco del\u00a0D\u00eda\u00a0Mundial de\u00a0la\u00a0Diabetes,\u00a0la Universidad Veracruzana (UV)\u00a0\u2013a trav\u00e9s del Instituto de Investigaciones Biol\u00f3gicas\u2013\u00a0realizar\u00e1 el viernes 12 de noviembre el 8\u00ba Simposio\u00a0\u201cEnfoque multidisciplinario de la diabetes\u201d,\u00a0en\u00a0modalidad virtual, en el que\u00a0cuatro\u00a0especialistas ofrecer\u00e1n charlas de actualizaci\u00f3n.<\/span><span data-ccp-props=\"{&quot;134233117&quot;:true,&quot;134233118&quot;:true,&quot;201341983&quot;:0,&quot;335559740&quot;:240}\">\u00a0<\/span><\/p>\n<p><span data-contrast=\"none\">\u00a0<\/span> <span data-contrast=\"none\">En el evento se discutir\u00e1n\u00a0tambi\u00e9n\u00a0temas relativos a\u00a0la diabetes mellitus,\u00a0enfermedad cr\u00f3nica que afecta a alrededor de 500 personas en el mundo,\u00a0por lo que fue declarada\u00a0emergencia sanitaria,\u00a0siendo la DM tipo 2 (DMT2)\u00a0la m\u00e1s com\u00fan en edad adulta.<\/span><span data-ccp-props=\"{&quot;134233117&quot;:true,&quot;134233118&quot;:true,&quot;201341983&quot;:0,&quot;335559740&quot;:240}\">\u00a0<\/span><\/p>\n<p><span data-contrast=\"none\">Mar\u00eda Luisa\u00a0Moreno Cort\u00e9s, coordinadora del evento acad\u00e9mico\u00a0organizado por el \u00c1rea de Biomedicina del IIB, inform\u00f3\u00a0que entre los diversos factores\u00a0de la DMT2\u00a0se encuentran\u00a0los denominados de riesgo no modificables (carga gen\u00e9tica, sexo, edad) y los de riesgo modificables (alimentaci\u00f3n inadecuada y falta de actividad f\u00edsica),\u00a0por mencionar algunos, siendo estos \u00faltimos los desencadenantes de tan alarmantes cifras epidemiol\u00f3gicas.<\/span><span data-ccp-props=\"{&quot;134233117&quot;:true,&quot;134233118&quot;:true,&quot;201341983&quot;:0,&quot;335559740&quot;:240}\">\u00a0<\/span><\/p>\n<p><span data-contrast=\"none\">A\u00a0pesar de\u00a0las\u00a0campa\u00f1as dirigidas a la contenci\u00f3n de la\u00a0enfermedad, es necesario aumentar la concienciaci\u00f3n sobre\u00a0estilos de vida saludable, que\u00a0incluyen la pr\u00e1ctica de actividad f\u00edsica (al menos 30 minutos diarios), alimentaci\u00f3n balanceada, horarios de descanso establecidos, prevenci\u00f3n de resistencia a la insulina, manejo de emociones\u00a0y\u00a0la calidad del\u00a0sue\u00f1o, entre otros.<\/span><span data-ccp-props=\"{&quot;134233117&quot;:true,&quot;134233118&quot;:true,&quot;201341983&quot;:0,&quot;335559740&quot;:240}\">\u00a0<\/span><\/p>\n<p><span data-contrast=\"none\">Tambi\u00e9n es importante conocer h\u00e1bitos de higiene personal cuando se convive con la enfermedad, por ejemplo: el cuidado de los pies, la salud bucal, el cuidado a la mujer embarazada con diabetes gestacional, temas que con una mirada multi e interdisciplinaria han\u00a0sido\u00a0abordados\u00a0en\u00a0los simposios anteriores.<\/span><\/p>\n<div id=\"attachment_104368\" style=\"width: 359px\" class=\"wp-caption aligncenter\"><a href=\"https:\/\/www.uv.mx\/prensa\/eventos\/iib-realizara-simposio-de-actualizacion-y-discusion-sobre-diabetes-mellitus\/attachment\/031121-8o-simposio-diabetes-2-100k\/\" rel=\"attachment wp-att-104368\"><img aria-describedby=\"caption-attachment-104368\" decoding=\"async\" loading=\"lazy\" class=\"size-full wp-image-104368\" src=\"https:\/\/www.uv.mx\/prensa\/files\/2021\/11\/031121-8o-Simposio-diabetes-2-100k.jpg\" alt=\"Mar\u00eda Luisa Moreno Cort\u00e9s inform\u00f3 sobre la realizaci\u00f3n del 8\u00ba Simposio \u201cEnfoque multidisciplinario de la diabetes\u201d \" width=\"349\" height=\"480\" srcset=\"https:\/\/www.uv.mx\/prensa\/files\/2021\/11\/031121-8o-Simposio-diabetes-2-100k.jpg 349w, https:\/\/www.uv.mx\/prensa\/files\/2021\/11\/031121-8o-Simposio-diabetes-2-100k-218x300.jpg 218w\" sizes=\"(max-width: 349px) 100vw, 349px\" \/><\/a><p id=\"caption-attachment-104368\" class=\"wp-caption-text\">Mar\u00eda Luisa Moreno Cort\u00e9s inform\u00f3 sobre la realizaci\u00f3n del 8\u00ba Simposio \u201cEnfoque multidisciplinario de la diabetes\u201d<\/p><\/div>\n<p>&nbsp;<\/p>\n<p><span data-contrast=\"none\">Moreno Cort\u00e9s precis\u00f3 que desde 2014 el IIB\u00a0realiza\u00a0anualmente\u00a0este tipo de eventos acad\u00e9micos,\u00a0y\u00a0que a la fecha\u00a0tienen\u00a0un registro\u00a0de\u00a0mil 500 personas entre docentes,\u00a0investigadores, estudiantes y profesionistas del \u00e1rea de la salud, personas\u00a0que conviven con la enfermedad.<\/span><span data-ccp-props=\"{&quot;134233117&quot;:true,&quot;134233118&quot;:true,&quot;201341983&quot;:0,&quot;335559740&quot;:240}\">\u00a0<\/span><\/p>\n<p><span data-contrast=\"none\">Se han impartido 60 conferencias y 13 talleres con la\u00a0participaci\u00f3n de investigadores de\u00a0centros e\u00a0institutos de la\u00a0UV, Servicios de Salud de Veracruz\u00a0(<\/span><i><span data-contrast=\"none\">Sesver<\/span><\/i><span data-contrast=\"none\">),\u00a0Instituto de Seguridad y Servicios Sociales de los Trabajadores del Estado (ISSSTE), Hospital General de M\u00e9xico, Universidad Aut\u00f3noma de Sinaloa y\u00a0Universidad\u00a0de\u00a0Guadalajara,\u00a0Centro de Investigaci\u00f3n y de Estudios Avanzados (<\/span><i><span data-contrast=\"none\">Cinvestav<\/span><\/i><span data-contrast=\"none\">),\u00a0Laboratorio Diagn\u00f3stica y Centro\u00a0Ericksoniano\u00a0de Veracruz.<\/span><span data-ccp-props=\"{&quot;134233117&quot;:true,&quot;134233118&quot;:true,&quot;201341983&quot;:0,&quot;335559731&quot;:708,&quot;335559740&quot;:240}\">\u00a0<\/span><\/p>\n<p><span data-contrast=\"none\">Las conferencias\u00a0ser\u00e1n\u00a0de libre acceso\u00a0y\u00a0se podr\u00e1n seguir a trav\u00e9s de la plataforma\u00a0<\/span><i><span data-contrast=\"none\">Zoom\u00a0<\/span><\/i><span data-contrast=\"none\">con el ID 811 4735 7729, contrase\u00f1a 586031.<\/span><span data-ccp-props=\"{&quot;134233117&quot;:true,&quot;134233118&quot;:true,&quot;201341983&quot;:0,&quot;335559731&quot;:708,&quot;335559740&quot;:240}\">\u00a0<\/span><\/p>\n<p><span data-contrast=\"none\">El programa completo puede ser consultado en\u00a0el enlace\u00a0<\/span><a href=\"https:\/\/www.uv.mx\/iib\/general\/8-simposio-virtual-enfoque-multidisciplinario-de-la-diabetes\/\"><span data-contrast=\"none\">https:\/\/www.uv.mx\/iib\/general\/8-simposio-virtual-enfoque-multidisciplinario-de-la-diabetes\/<\/span><\/a><span data-contrast=\"none\">.<\/span><span data-ccp-props=\"{&quot;134233117&quot;:true,&quot;134233118&quot;:true,&quot;201341983&quot;:0,&quot;335559731&quot;:708,&quot;335559740&quot;:240}\">\u00a0<\/span><\/p>\n","protected":false},"excerpt":{"rendered":"<p>El programa completo puede ser consultado en www.uv.mx\/iib\/general\/8-simposio-virtual-enfoque-multidisciplinario-de-la-diabetes\/ <\/p>\n","protected":false},"author":1775,"featured_media":104367,"comment_status":"closed","ping_status":"closed","sticky":false,"template":"","format":"standard","meta":[],"categories":[47],"tags":[5039,4918,792,4162,5040,2137],"_links":{"self":[{"href":"https:\/\/www.uv.mx\/prensa\/wp-json\/wp\/v2\/posts\/104366"}],"collection":[{"href":"https:\/\/www.uv.mx\/prensa\/wp-json\/wp\/v2\/posts"}],"about":[{"href":"https:\/\/www.uv.mx\/prensa\/wp-json\/wp\/v2\/types\/post"}],"author":[{"embeddable":true,"href":"https:\/\/www.uv.mx\/prensa\/wp-json\/wp\/v2\/users\/1775"}],"replies":[{"embeddable":true,"href":"https:\/\/www.uv.mx\/prensa\/wp-json\/wp\/v2\/comments?post=104366"}],"version-history":[{"count":1,"href":"https:\/\/www.uv.mx\/prensa\/wp-json\/wp\/v2\/posts\/104366\/revisions"}],"predecessor-version":[{"id":104370,"href":"https:\/\/www.uv.mx\/prensa\/wp-json\/wp\/v2\/posts\/104366\/revisions\/104370"}],"wp:featuredmedia":[{"embeddable":true,"href":"https:\/\/www.uv.mx\/prensa\/wp-json\/wp\/v2\/media\/104367"}],"wp:attachment":[{"href":"https:\/\/www.uv.mx\/prensa\/wp-json\/wp\/v2\/media?parent=104366"}],"wp:term":[{"taxonomy":"category","embeddable":true,"href":"https:\/\/www.uv.mx\/prensa\/wp-json\/wp\/v2\/categories?post=104366"},{"taxonomy":"post_tag","embeddable":true,"href":"https:\/\/www.uv.mx\/prensa\/wp-json\/wp\/v2\/tags?post=104366"}],"curies":[{"name":"wp","href":"https:\/\/api.w.org\/{rel}","templated":true}]}}