{"id":104149,"date":"2021-10-29T16:19:34","date_gmt":"2021-10-29T21:19:34","guid":{"rendered":"https:\/\/www.uv.mx\/prensa\/?p=104149"},"modified":"2021-10-29T16:19:34","modified_gmt":"2021-10-29T21:19:34","slug":"liliana-cuervo-lopez-asume-vicerrectoria-uv-de-poza-rica-tuxpan","status":"publish","type":"post","link":"https:\/\/www.uv.mx\/prensa\/regiones\/liliana-cuervo-lopez-asume-vicerrectoria-uv-de-poza-rica-tuxpan\/","title":{"rendered":"Liliana Cuervo L\u00f3pez asume Vicerrector\u00eda UV de Poza Rica-Tuxpan\u00a0"},"content":{"rendered":"<ul>\n<li data-leveltext=\"\uf0b7\" data-font=\"Symbol\" data-listid=\"1\" data-aria-posinset=\"1\" data-aria-level=\"1\"><i><span data-contrast=\"auto\">\u201cMe corresponde construir, a trav\u00e9s de la comunidad universitaria y la sociedad, la transformaci\u00f3n que esta realidad nos demanda\u201d, reconoci\u00f3 la nueva Vicerrectora<\/span><\/i><span data-ccp-props=\"{&quot;134233117&quot;:true,&quot;134233118&quot;:true,&quot;201341983&quot;:0,&quot;335559740&quot;:240}\">\u00a0<\/span><\/li>\n<li data-leveltext=\"\uf0b7\" data-font=\"Symbol\" data-listid=\"1\" data-aria-posinset=\"2\" data-aria-level=\"1\"><i><span data-contrast=\"auto\">Coordinar\u00e1 uno de los campos m\u00e1s vigorosos de la Universidad Veracruzana, destac\u00f3 el rector Mart\u00edn Aguilar S\u00e1nchez<\/span><\/i><span data-ccp-props=\"{&quot;134233117&quot;:true,&quot;134233118&quot;:true,&quot;201341983&quot;:0,&quot;335559740&quot;:240}\">\u00a0<\/span><\/li>\n<\/ul>\n<p><span data-ccp-props=\"{&quot;134233117&quot;:true,&quot;134233118&quot;:true,&quot;201341983&quot;:0,&quot;335559740&quot;:240}\">\u00a0<\/span><\/p>\n<div id=\"attachment_104150\" style=\"width: 732px\" class=\"wp-caption aligncenter\"><img loading=\"lazy\" decoding=\"async\" aria-describedby=\"caption-attachment-104150\" class=\"size-full wp-image-104150\" src=\"https:\/\/www.uv.mx\/prensa\/files\/2021\/10\/291021-Vicerrectora-Poza-Rica.jpg\" alt=\"\" width=\"722\" height=\"478\" srcset=\"https:\/\/www.uv.mx\/prensa\/files\/2021\/10\/291021-Vicerrectora-Poza-Rica.jpg 722w, https:\/\/www.uv.mx\/prensa\/files\/2021\/10\/291021-Vicerrectora-Poza-Rica-300x199.jpg 300w\" sizes=\"auto, (max-width: 722px) 100vw, 722px\" \/><p id=\"caption-attachment-104150\" class=\"wp-caption-text\">Liliana Cuervo L\u00f3pez rindi\u00f3 protesta como vicerrectora de la regi\u00f3n Poza Rica-Tuxpan<\/p><\/div>\n<p><span data-ccp-props=\"{&quot;134233117&quot;:true,&quot;134233118&quot;:true,&quot;201341983&quot;:0,&quot;335559740&quot;:240}\">\u00a0<\/span><\/p>\n<p><b><i><span data-contrast=\"auto\">29\/10\/2021, Poza Rica, Ver.-<\/span><\/i><\/b><i><span data-contrast=\"auto\">\u00a0<\/span><\/i><span data-contrast=\"auto\">El rector de la Universidad Veracruzana (UV), Mart\u00edn Gerardo Aguilar S\u00e1nchez,\u00a0tom\u00f3\u00a0protesta\u00a0a\u00a0Liliana Cuervo L\u00f3pez\u00a0como\u00a0nueva\u00a0vicerrectora\u00a0de la regi\u00f3n\u00a0Poza Rica-Tuxpan\u00a0para\u00a0el periodo 2021-2025.<\/span><span data-ccp-props=\"{&quot;201341983&quot;:0,&quot;335559739&quot;:160,&quot;335559740&quot;:240}\">\u00a0<\/span><\/p>\n<p><span data-contrast=\"auto\">En su mensaje, el Rector reconoci\u00f3 la labor del vicerrector saliente,\u00a0Jos\u00e9 Luis\u00a0Alan\u00eds\u00a0M\u00e9ndez,\u00a0y\u00a0dijo que Liliana Cuervo coordinar\u00e1 uno de los campos m\u00e1s vigorosos\u00a0de la UV.<\/span><span data-ccp-props=\"{&quot;201341983&quot;:0,&quot;335559731&quot;:708,&quot;335559739&quot;:160,&quot;335559740&quot;:240}\">\u00a0<\/span><\/p>\n<p><span data-contrast=\"auto\">Le pidi\u00f3 a la nueva funcionaria usar\u00a0la fuerza\u00a0humana e intelectual para fecundar espacios y contextos educativos, inclusivos, sostenibles y gen\u00e9ricamente equitativos, as\u00ed como integrar\u00a0a los acad\u00e9micos en todas las labores de\u00a0la Universidad.<\/span><span data-ccp-props=\"{&quot;201341983&quot;:0,&quot;335559731&quot;:708,&quot;335559739&quot;:160,&quot;335559740&quot;:240}\">\u00a0<\/span><\/p>\n<p><span data-contrast=\"auto\">Para ello,\u00a0la\u00a0exhort\u00f3\u00a0a acudir a la\u00a0propuesta de trabajo\u00a0\u201cPor una\u00a0transformaci\u00f3n integral de la Universidad Veracruzana. Los derechos humanos y la sustentabilidad como ejes rectores del cambio\u201d,\u00a0en donde encontrar\u00e1 descripciones detalladas, elementos de esos ejes\u00a0y muchas estrategias\u00a0\u00fatiles para volverlos praxis.<\/span><span data-ccp-props=\"{&quot;201341983&quot;:0,&quot;335559731&quot;:708,&quot;335559739&quot;:160,&quot;335559740&quot;:240}\">\u00a0<\/span><\/p>\n<p><span data-contrast=\"auto\">\u201cAbrir tales espacios, mantenerlos y experimentar con ellos implica cultivar un compromiso fuerte con la pr\u00e1ctica educativa, creativa y de investigaci\u00f3n\u201d, dijo Aguilar S\u00e1nchez.<\/span><span data-ccp-props=\"{&quot;201341983&quot;:0,&quot;335559731&quot;:708,&quot;335559739&quot;:160,&quot;335559740&quot;:240}\">\u00a0<\/span><\/p>\n<p><span data-contrast=\"auto\">\u201cConozco su compromiso y dedicaci\u00f3n con y por la Universidad y me parece que\u00a0lo\u00a0debemos continuar ahora con mucha intensidad.\u00a0Le deseo muchos\u00a0\u00e9xitos\u00a0que nos lleven a la plenitud, al desarrollo de todas nuestras posibilidades y de todas nuestras capacidades.\u201d<\/span><span data-ccp-props=\"{&quot;201341983&quot;:0,&quot;335559731&quot;:708,&quot;335559739&quot;:160,&quot;335559740&quot;:240}\">\u00a0<\/span><\/p>\n<p><span data-contrast=\"auto\">Liliana Cuervo expres\u00f3 sentirse honrada por la invitaci\u00f3n y encomienda, misma que\u00a0acept\u00f3 con la firme convicci\u00f3n y responsabilidad de cumplir y hacer cumplir la legislaci\u00f3n universitaria, los acuerdos del Consejo Universitario Regional y del Rector.<\/span><span data-ccp-props=\"{&quot;201341983&quot;:0,&quot;335559731&quot;:708,&quot;335559739&quot;:160,&quot;335559740&quot;:240}\">\u00a0<\/span><\/p>\n<p><span data-contrast=\"auto\">\u201cMe integro a un equipo de colaboraci\u00f3n que durante\u00a0ocho\u00a0a\u00f1os fue conducido por\u00a0Jos\u00e9 Luis Alan\u00eds M\u00e9ndez, quien coordin\u00f3 las actividades acad\u00e9micas, administrativas,\u00a0de\u00a0difusi\u00f3n cultural\u00a0y\u00a0extensi\u00f3n universitaria con impacto social en los cinco y tal vez 48 municipios de la regi\u00f3n, ubic\u00e1ndonos como la mejor oportunidad de la sociedad para transformar el futuro a trav\u00e9s\u00a0de la educaci\u00f3n superior.\u00a0Mi respeto, aprecio\u00a0y reconocimiento a su trabajo,\u00a0a su persona.\u201d<\/span><span data-ccp-props=\"{&quot;201341983&quot;:0,&quot;335559731&quot;:708,&quot;335559739&quot;:160,&quot;335559740&quot;:240}\">\u00a0<\/span><\/p>\n<p><span data-contrast=\"auto\">La\u00a0nueva\u00a0Vicerrectora\u00a0reconoci\u00f3 que ahora le corresponde\u00a0construir,\u00a0a trav\u00e9s de la comunidad universitaria y la sociedad,\u00a0\u201cla transformaci\u00f3n que esta realidad nos demanda, retos como\u00a0los\u00a0derechos humanos y la sustentabilidad ser\u00e1n nuestros ejes\u00a0transversales\u00a0de\u00a0cambio\u201d.<\/span><span data-ccp-props=\"{&quot;201341983&quot;:0,&quot;335559731&quot;:708,&quot;335559739&quot;:160,&quot;335559740&quot;:240}\">\u00a0<\/span><\/p>\n<p><span data-contrast=\"auto\">A la comunidad universitaria\u00a0de\u00a0Poza Rica-Tuxpan la invit\u00f3\u00a0para que la\u00a0regi\u00f3n\u00a0\u2013rica en diversidad biocultural y contrastes socioecon\u00f3micos\u2013\u00a0siga destac\u00e1ndose por su compromiso social, por la calidad de la educaci\u00f3n superior\u00a0impartida en sus espacios universitarios, la innovaci\u00f3n acad\u00e9mica y cient\u00edfica,\u00a0con un fuerte sentido de pertenencia y\u00a0respeto a nuestros pueblos originales y de expresiones culturales.<\/span><span data-ccp-props=\"{&quot;201341983&quot;:0,&quot;335559731&quot;:708,&quot;335559739&quot;:160,&quot;335559740&quot;:240}\">\u00a0<\/span><\/p>\n<p><span data-contrast=\"auto\">Cuervo L\u00f3pez\u00a0agreg\u00f3:\u00a0\u201cDesaf\u00edos como la\u00a0cobertura\u00a0y calidad, equidad e igualdad, desarrollo\u00a0regional, curr\u00edculum flexible,\u00a0integraci\u00f3n, financiamiento,\u00a0evaluaci\u00f3n, innovaci\u00f3n,\u00a0gobernabilidad\u00a0y\u00a0pertinencia\u00a0social,\u00a0ser\u00e1n algunas\u00a0de las din\u00e1micas\u00a0de cambio de nuestra casa de estudios.\u00a0Ante las\u00a0demandas sociales y econ\u00f3micas\u00a0que se depositan en la\u00a0ense\u00f1anza superior,\u00a0la adecuaci\u00f3n de la Universidad Veracruzana\u00a0a las exigencias del mundo actual precisa de cambios sustantivos, seamos protagonistas de esta transformaci\u00f3n\u201d.<\/span><span data-ccp-props=\"{&quot;201341983&quot;:0,&quot;335559731&quot;:708,&quot;335559739&quot;:160,&quot;335559740&quot;:240}\">\u00a0<\/span><\/p>\n<p><span data-contrast=\"auto\">La secretaria Acad\u00e9mica, Elena\u00a0Rustri\u00e1n\u00a0Portilla,\u00a0ley\u00f3\u00a0la trayectoria de\u00a0Liliana Cuervo,\u00a0quien es licenciada en Biolog\u00eda\u00a0y\u00a0maestra en Manejo de Ecosistemas Marinos Costeros por la UV,\u00a0especialista\u00a0y doctora\u00a0en\u00a0Ciencias del\u00a0Medio\u00a0Ambiente\u00a0por la\u00a0Universidad\u00a0Polit\u00e9cnica de Valencia, Espa\u00f1a.<\/span><span data-ccp-props=\"{&quot;201341983&quot;:0,&quot;335559731&quot;:708,&quot;335559739&quot;:160,&quot;335559740&quot;:240}\">\u00a0<\/span><\/p>\n<p><span data-contrast=\"auto\">Adem\u00e1s,\u00a0ha\u00a0sido integrante del\u00a0Sistema Universitario de\u00a0Gesti\u00f3n\u00a0Integral\u00a0del Riesgo (SUGIR)\u00a0de\u00a0Poza Rica-Tuxpan,\u00a0y\u00a0Coordinadora de Tutor\u00edas de la Licenciatura en Biolog\u00eda de la Facultad de Ciencias Biol\u00f3gicas y Agropecuarias\u00a0(FCBA)\u00a0de esta regi\u00f3n.<\/span><span data-ccp-props=\"{&quot;201341983&quot;:0,&quot;335559731&quot;:708,&quot;335559739&quot;:160,&quot;335559740&quot;:240}\">\u00a0<\/span><\/p>\n<p><span data-contrast=\"auto\">Durante el periodo 2016-2020 se desempe\u00f1\u00f3 como\u00a0Coordinadora regional de\u00a0Posgrado\u00a0de la regi\u00f3n Poza Rica-Tuxpan y\u00a0Directora de la\u00a0FCBA.<\/span><span data-ccp-props=\"{&quot;201341983&quot;:0,&quot;335559731&quot;:708,&quot;335559739&quot;:160,&quot;335559740&quot;:240}\">\u00a0<\/span><\/p>\n<p><span data-contrast=\"auto\">Ha publicado art\u00edculos, cap\u00edtulos de libros en coautor\u00edas con acad\u00e9micos y estudiantes que cultivan\u00a0la L\u00ednea\u00a0de\u00a0Generaci\u00f3n\u00a0y\u00a0Aplicaci\u00f3n\u00a0del\u00a0Conocimiento\u00a0\u201cestudios de objetos\u00a0de conservaci\u00f3n\u00a0para\u00a0el\u00a0manejo de\u00a0ambientes marinos costeros\u201d.<\/span><span data-ccp-props=\"{&quot;201341983&quot;:0,&quot;335559731&quot;:708,&quot;335559739&quot;:160,&quot;335559740&quot;:240}\">\u00a0<\/span><\/p>\n<p><span data-contrast=\"auto\">Es profesora de tiempo completo\u00a0en la\u00a0FCBA, cuenta con perfil deseable del Programa de Desarrollo Profesional Docente\u00a0(<\/span><i><span data-contrast=\"auto\">Prodep<\/span><\/i><span data-contrast=\"auto\">)\u00a0y ha dirigido trabajos\u00a0recepcionales\u00a0de\u00a0licenciatura y tesis\u00a0de especializaci\u00f3n.<\/span><span data-ccp-props=\"{&quot;201341983&quot;:0,&quot;335559731&quot;:708,&quot;335559739&quot;:160,&quot;335559740&quot;:240}\">\u00a0<\/span><\/p>\n<p><span data-contrast=\"auto\">El acto de toma de protesta y entrega del nombramiento se efectu\u00f3\u00a0en la Unidad de Servicios Bibliotecarios y de Informaci\u00f3n (USBI) Poza Rica-Tuxpan, con la presencia de las m\u00e1ximas autoridades universitarias\u00a0e integrantes del Consejo Universitario Regional.<\/span><span data-ccp-props=\"{&quot;201341983&quot;:0,&quot;335559731&quot;:708,&quot;335559739&quot;:160,&quot;335559740&quot;:240}\">\u00a0<\/span><\/p>\n","protected":false},"excerpt":{"rendered":"<p>Los derechos humanos y la sustentabilidad \u201cser\u00e1n nuestros ejes transversales de cambio\u201d, dijo despu\u00e9s de rendir protesta\u00a0<\/p>\n","protected":false},"author":1869,"featured_media":104151,"comment_status":"closed","ping_status":"closed","sticky":false,"template":"","format":"standard","meta":{"footnotes":""},"categories":[54,61,32],"tags":[],"class_list":["post-104149","post","type-post","status-publish","format-standard","has-post-thumbnail","hentry","category-poza-rica","category-banner","category-regiones"],"_links":{"self":[{"href":"https:\/\/www.uv.mx\/prensa\/wp-json\/wp\/v2\/posts\/104149","targetHints":{"allow":["GET"]}}],"collection":[{"href":"https:\/\/www.uv.mx\/prensa\/wp-json\/wp\/v2\/posts"}],"about":[{"href":"https:\/\/www.uv.mx\/prensa\/wp-json\/wp\/v2\/types\/post"}],"author":[{"embeddable":true,"href":"https:\/\/www.uv.mx\/prensa\/wp-json\/wp\/v2\/users\/1869"}],"replies":[{"embeddable":true,"href":"https:\/\/www.uv.mx\/prensa\/wp-json\/wp\/v2\/comments?post=104149"}],"version-history":[{"count":1,"href":"https:\/\/www.uv.mx\/prensa\/wp-json\/wp\/v2\/posts\/104149\/revisions"}],"predecessor-version":[{"id":104152,"href":"https:\/\/www.uv.mx\/prensa\/wp-json\/wp\/v2\/posts\/104149\/revisions\/104152"}],"wp:featuredmedia":[{"embeddable":true,"href":"https:\/\/www.uv.mx\/prensa\/wp-json\/wp\/v2\/media\/104151"}],"wp:attachment":[{"href":"https:\/\/www.uv.mx\/prensa\/wp-json\/wp\/v2\/media?parent=104149"}],"wp:term":[{"taxonomy":"category","embeddable":true,"href":"https:\/\/www.uv.mx\/prensa\/wp-json\/wp\/v2\/categories?post=104149"},{"taxonomy":"post_tag","embeddable":true,"href":"https:\/\/www.uv.mx\/prensa\/wp-json\/wp\/v2\/tags?post=104149"}],"curies":[{"name":"wp","href":"https:\/\/api.w.org\/{rel}","templated":true}]}}