{"id":104142,"date":"2021-10-29T16:13:42","date_gmt":"2021-10-29T21:13:42","guid":{"rendered":"https:\/\/www.uv.mx\/prensa\/?p=104142"},"modified":"2021-10-29T16:13:42","modified_gmt":"2021-10-29T21:13:42","slug":"daniele-moyal-sharrock-impartira-conferencia-en-la-catedra-wittgenstein-de-la-uv","status":"publish","type":"post","link":"https:\/\/www.uv.mx\/prensa\/banner\/daniele-moyal-sharrock-impartira-conferencia-en-la-catedra-wittgenstein-de-la-uv\/","title":{"rendered":"Dani\u00e8le\u00a0Moyal-Sharrock\u00a0impartir\u00e1 conferencia\u00a0en\u00a0la C\u00e1tedra\u00a0\u201cWittgenstein\u201d\u00a0de la UV\u00a0"},"content":{"rendered":"<p>&nbsp;<\/p>\n<ul>\n<li data-leveltext=\"\uf0b7\" data-font=\"Symbol\" data-listid=\"5\" data-aria-posinset=\"1\" data-aria-level=\"1\"><i><span data-contrast=\"auto\">Se transmitir\u00e1 el 26 de noviembre\u00a0por el\u00a0<\/span><\/i><span data-contrast=\"auto\">Facebook<\/span><i><span data-contrast=\"auto\">\u00a0de\u00a0Tele UV<\/span><\/i><span data-ccp-props=\"{&quot;134233279&quot;:true}\">\u00a0<\/span><\/li>\n<li data-leveltext=\"\uf0b7\" data-font=\"Symbol\" data-listid=\"5\" data-aria-posinset=\"2\" data-aria-level=\"1\"><i><span data-contrast=\"auto\">La\u00a0ponente\u00a0es\u00a0acad\u00e9mica\u00a0de la\u00a0Universidad de Hertfordshire en Reino Unido y presidenta fundadora de la British Wittgenstein\u00a0Society<\/span><\/i><span data-ccp-props=\"{&quot;134233279&quot;:true}\">\u00a0<\/span><\/li>\n<\/ul>\n<p><span data-ccp-props=\"{}\">\u00a0<\/span><\/p>\n<div id=\"attachment_104146\" style=\"width: 732px\" class=\"wp-caption aligncenter\"><img loading=\"lazy\" decoding=\"async\" aria-describedby=\"caption-attachment-104146\" class=\"size-full wp-image-104146\" src=\"https:\/\/www.uv.mx\/prensa\/files\/2021\/10\/271021-Catedra-Wittgenstein.jpg\" alt=\"\" width=\"722\" height=\"377\" srcset=\"https:\/\/www.uv.mx\/prensa\/files\/2021\/10\/271021-Catedra-Wittgenstein.jpg 722w, https:\/\/www.uv.mx\/prensa\/files\/2021\/10\/271021-Catedra-Wittgenstein-300x157.jpg 300w\" sizes=\"auto, (max-width: 722px) 100vw, 722px\" \/><p id=\"caption-attachment-104146\" class=\"wp-caption-text\">El trabajo de\u00a0Moyal-Sharrock\u00a0se centra en lo que llama \u201cel tercer Wittgenstein\u201d<\/p><\/div>\n<p>&nbsp;<\/p>\n<p><b><i><span data-contrast=\"auto\">Carlos Hugo Hermida Rosales<\/span><\/i><\/b><span data-ccp-props=\"{}\">\u00a0<\/span><\/p>\n<p><b><i><span data-contrast=\"auto\">29\/10\/2021, Xalapa, Ver.-\u00a0<\/span><\/i><\/b><span data-contrast=\"auto\">Dani\u00e8le\u00a0Moyal-Sharrock, catedr\u00e1tica de la Universidad de Hertfordshire en Reino Unido y presidenta fundadora de la British Wittgenstein\u00a0Society, impartir\u00e1 el 26 de noviembre la conferencia magistral \u201cTaking\u00a0the\u00a0Wittgenstein\u00a0Turn\u201d, que se transmitir\u00e1 a las 11:00 horas a trav\u00e9s de la p\u00e1gina de\u00a0<\/span><i><span data-contrast=\"auto\">Facebook<\/span><\/i><span data-contrast=\"auto\">\u00a0del\u202fDepartamento de Medios Audiovisuales\u202fde la\u202fUniversidad Veracruzana (Tele\u202fUV).<\/span><span data-ccp-props=\"{}\">\u00a0<\/span><\/p>\n<p><span data-contrast=\"auto\">Este evento\u00a0es\u00a0organizado por la C\u00e1tedra de Excelencia\u00a0\u201cLudwig Wittgenstein\u201d\u00a0de la UV\u00a0y la moderaci\u00f3n estar\u00e1 a cargo de\u00a0Darcy\u00a0Ra\u00fal Mart\u00ednez\u00a0Montor, investigador de la Universidad Aut\u00f3noma de Baja California\u00a0y\u00a0egresado de la Facultad de Ciencias y T\u00e9cnicas de la Comunicaci\u00f3n (<\/span><i><span data-contrast=\"auto\">Facico<\/span><\/i><span data-contrast=\"auto\">).\u00a0<\/span><span data-ccp-props=\"{&quot;335559731&quot;:708}\">\u00a0<\/span><\/p>\n<p><span data-contrast=\"auto\">La mayor parte del trabajo de\u00a0Dani\u00e8le\u00a0Moyal-Sharrock\u00a0se centra en lo que llama\u00a0\u201cel tercer Wittgenstein\u201d,\u00a0cuyo corpus estar\u00eda formado por todas las obras que el fil\u00f3sofo vien\u00e9s escribi\u00f3 con posterioridad a 1946.<\/span><span data-ccp-props=\"{&quot;335559731&quot;:708}\">\u00a0<\/span><\/p>\n<p><span data-contrast=\"auto\">Entre sus m\u00faltiples\u00a0publicaciones destaca la obra\u00a0<\/span><i><span data-contrast=\"auto\">Understanding\u00a0Wittgenstein\u2019s\u00a0On\u00a0Certainty<\/span><\/i><span data-contrast=\"auto\">, cuya traducci\u00f3n al espa\u00f1ol\u00a0constituye el Volumen IX de la\u00a0Colecci\u00f3n Ludwig Wittgenstein editada por la UV.<\/span><span data-ccp-props=\"{&quot;335559731&quot;:708}\">\u00a0<\/span><\/p>\n<p><span data-contrast=\"auto\">Otros de sus trabajos importantes son\u00a0<\/span><i><span data-contrast=\"auto\">The\u00a0Third\u00a0Wittgenstein,\u00a0Perspicuous\u00a0Presentations<\/span><\/i><span data-contrast=\"auto\">, la traducci\u00f3n al franc\u00e9s de\u00a0<\/span><i><span data-contrast=\"auto\">On\u00a0Certainty<\/span><\/i><span data-contrast=\"auto\">,\u00a0y\u00a0<\/span><i><span data-contrast=\"auto\">Wittgenstein\u00a0on\u00a0Language,\u00a0Mind\u00a0and\u00a0Epistemology<\/span><\/i><span data-contrast=\"auto\">,\u202funa cuidadosa selecci\u00f3n de sus ensayos publicada bajo el sello editorial\u00a0Bloomsbury.<\/span><span data-ccp-props=\"{&quot;335559731&quot;:708}\">\u00a0<\/span><\/p>\n<p><span data-contrast=\"auto\">La conferencia ser\u00e1 impartida en ingl\u00e9s, pero se pondr\u00e1 a disposici\u00f3n del auditorio la traducci\u00f3n al espa\u00f1ol a trav\u00e9s de un archivo que podr\u00e1 descargarse el d\u00eda del evento\u00a0en el\u00a0<\/span><i><span data-contrast=\"auto\">Facebook<\/span><\/i><span data-contrast=\"auto\">\u00a0de\u00a0Tele UV.<\/span><span data-ccp-props=\"{&quot;335559731&quot;:708}\">\u00a0<\/span><\/p>\n","protected":false},"excerpt":{"rendered":"<p>La mayor parte de su trabajo se centra en lo que llama \u201cel tercer Wittgenstein\u201d, cuyo corpus estar\u00eda formado por todas las obras que el fil\u00f3sofo vien\u00e9s escribi\u00f3 con posterioridad a 1946\u00a0<\/p>\n","protected":false},"author":1869,"featured_media":104147,"comment_status":"closed","ping_status":"closed","sticky":false,"template":"","format":"standard","meta":{"footnotes":""},"categories":[61],"tags":[],"class_list":["post-104142","post","type-post","status-publish","format-standard","has-post-thumbnail","hentry","category-banner"],"_links":{"self":[{"href":"https:\/\/www.uv.mx\/prensa\/wp-json\/wp\/v2\/posts\/104142","targetHints":{"allow":["GET"]}}],"collection":[{"href":"https:\/\/www.uv.mx\/prensa\/wp-json\/wp\/v2\/posts"}],"about":[{"href":"https:\/\/www.uv.mx\/prensa\/wp-json\/wp\/v2\/types\/post"}],"author":[{"embeddable":true,"href":"https:\/\/www.uv.mx\/prensa\/wp-json\/wp\/v2\/users\/1869"}],"replies":[{"embeddable":true,"href":"https:\/\/www.uv.mx\/prensa\/wp-json\/wp\/v2\/comments?post=104142"}],"version-history":[{"count":1,"href":"https:\/\/www.uv.mx\/prensa\/wp-json\/wp\/v2\/posts\/104142\/revisions"}],"predecessor-version":[{"id":104148,"href":"https:\/\/www.uv.mx\/prensa\/wp-json\/wp\/v2\/posts\/104142\/revisions\/104148"}],"wp:featuredmedia":[{"embeddable":true,"href":"https:\/\/www.uv.mx\/prensa\/wp-json\/wp\/v2\/media\/104147"}],"wp:attachment":[{"href":"https:\/\/www.uv.mx\/prensa\/wp-json\/wp\/v2\/media?parent=104142"}],"wp:term":[{"taxonomy":"category","embeddable":true,"href":"https:\/\/www.uv.mx\/prensa\/wp-json\/wp\/v2\/categories?post=104142"},{"taxonomy":"post_tag","embeddable":true,"href":"https:\/\/www.uv.mx\/prensa\/wp-json\/wp\/v2\/tags?post=104142"}],"curies":[{"name":"wp","href":"https:\/\/api.w.org\/{rel}","templated":true}]}}