{"id":103646,"date":"2021-10-25T20:13:11","date_gmt":"2021-10-26T01:13:11","guid":{"rendered":"https:\/\/www.uv.mx\/prensa\/?p=103646"},"modified":"2021-10-26T09:37:44","modified_gmt":"2021-10-26T14:37:44","slug":"psicologia-de-la-salud-vital-en-tiempos-de-pandemia-claudio-barrales","status":"publish","type":"post","link":"https:\/\/www.uv.mx\/prensa\/regiones\/veracruz\/psicologia-de-la-salud-vital-en-tiempos-de-pandemia-claudio-barrales\/","title":{"rendered":"Psicolog\u00eda de la salud, vital en tiempos  de pandemia: Claudio Barrales"},"content":{"rendered":"<ul>\n<li data-leveltext=\"\uf0b7\" data-font=\"Symbol\" data-listid=\"2\" data-aria-posinset=\"1\" data-aria-level=\"1\"><i><span data-contrast=\"auto\">El acad\u00e9mico de la Universidad Central de Chile destac\u00f3 que el rol de las universidades ante una emergencia es investigar las variables psicosociales, generar nuevos conocimientos en alianza con la comunidad y el Estado<\/span><\/i><span data-ccp-props=\"{&quot;134233279&quot;:true,&quot;201341983&quot;:0,&quot;335559739&quot;:160,&quot;335559740&quot;:240}\">\u00a0<\/span><\/li>\n<li data-leveltext=\"\uf0b7\" data-font=\"Symbol\" data-listid=\"2\" data-aria-posinset=\"2\" data-aria-level=\"1\"><i><span data-contrast=\"auto\">Tambi\u00e9n se debe capacitar a estudiantes y egresados, as\u00ed como a l\u00edderes comunitarios, ayudar desde la prevenci\u00f3n, durante el desastre y la reconstrucci\u00f3n<\/span><\/i><span data-ccp-props=\"{&quot;134233279&quot;:true,&quot;201341983&quot;:0,&quot;335559739&quot;:160,&quot;335559740&quot;:240}\">\u00a0<\/span><\/li>\n<\/ul>\n<p>&nbsp;<\/p>\n<div id=\"attachment_103648\" style=\"width: 732px\" class=\"wp-caption aligncenter\"><a href=\"https:\/\/www.uv.mx\/prensa\/files\/2021\/10\/251021-Claudio-Barrales-1.jpg\"><img loading=\"lazy\" decoding=\"async\" aria-describedby=\"caption-attachment-103648\" class=\"size-full wp-image-103648\" src=\"https:\/\/www.uv.mx\/prensa\/files\/2021\/10\/251021-Claudio-Barrales-1.jpg\" alt=\"\" width=\"722\" height=\"481\" srcset=\"https:\/\/www.uv.mx\/prensa\/files\/2021\/10\/251021-Claudio-Barrales-1.jpg 722w, https:\/\/www.uv.mx\/prensa\/files\/2021\/10\/251021-Claudio-Barrales-1-300x200.jpg 300w\" sizes=\"auto, (max-width: 722px) 100vw, 722px\" \/><\/a><p id=\"caption-attachment-103648\" class=\"wp-caption-text\">Claudio Barrales D\u00edaz, docente en psicolog\u00eda de la salud en la Universidad Central de Chile<\/p><\/div>\n<p>&nbsp;<\/p>\n<p><b><i><span data-contrast=\"auto\">25\/10\/2021, Veracruz, Ver.-<\/span><\/i><\/b> <span data-contrast=\"auto\">Claudio Barrales D\u00edaz, docente en psicolog\u00eda de la salud en la Universidad Central de Chile, present\u00f3 la ponencia magistral \u201cAcciones de la psicolog\u00eda de la salud en emergencias y PAP en Chile en contexto de pandemia Covid-19\u201d, en el III Encuentro Internacional \u201cRetos y desaf\u00edos de la psicolog\u00eda en los \u00e1mbitos actuales y emergentes\u201d.<\/span><span data-ccp-props=\"{&quot;201341983&quot;:0,&quot;335559739&quot;:160,&quot;335559740&quot;:240}\">\u00a0<\/span><\/p>\n<p><span data-contrast=\"auto\">El evento tuvo lugar en el marco del 41 aniversario de la fundaci\u00f3n de las facultades de <a href=\"https:\/\/www.uv.mx\/pozarica\/psicologia\/\" target=\"_blank\" rel=\"noopener\">Psicolog\u00eda<\/a> de la Universidad Veracruzana (UV), <\/span><i><span data-contrast=\"auto\">campus<\/span><\/i><span data-contrast=\"auto\"> Poza Rica y Veracruz.<\/span><span data-ccp-props=\"{&quot;201341983&quot;:0,&quot;335559731&quot;:708,&quot;335559739&quot;:160,&quot;335559740&quot;:240}\">\u00a0<\/span><\/p>\n<p><span data-contrast=\"auto\">Claudio Barrales habl\u00f3 de la parte pr\u00e1ctica de las acciones de la psicolog\u00eda de la salud en emergencias y desastres, en especial de las experiencias con la herramienta primeros auxilios psicol\u00f3gicos (PAP) que se est\u00e1 usando en Chile y otros pa\u00edses en este contexto de la pandemia de Covid-19.<\/span><span data-ccp-props=\"{&quot;201341983&quot;:0,&quot;335559731&quot;:708,&quot;335559739&quot;:160,&quot;335559740&quot;:240}\">\u00a0<\/span><\/p>\n<p><span data-contrast=\"auto\">El acad\u00e9mico defini\u00f3 a la psicolog\u00eda de la salud en emergencias como la rama de la psicolog\u00eda que estudia el comportamiento humano antes, durante y despu\u00e9s de situaciones de emergencias y desastres.<\/span><span data-ccp-props=\"{&quot;201341983&quot;:0,&quot;335559731&quot;:708,&quot;335559739&quot;:160,&quot;335559740&quot;:240}\">\u00a0<\/span><\/p>\n<p><span data-contrast=\"auto\">Destac\u00f3 que el rol de las universidades ante una emergencia es investigar las variables psicosociales, generar nuevos conocimientos en alianza con la comunidad y el Estado, capacitar a sus estudiantes y egresados, as\u00ed como a l\u00edderes comunitarios, ayudar desde la prevenci\u00f3n, durante el desastre y en la reconstrucci\u00f3n.<\/span><span data-ccp-props=\"{&quot;201341983&quot;:0,&quot;335559731&quot;:708,&quot;335559739&quot;:160,&quot;335559740&quot;:240}\">\u00a0<\/span><\/p>\n<p><span data-contrast=\"auto\">Barrales D\u00edaz se\u00f1al\u00f3 que las medidas de restricci\u00f3n sanitaria por la pandemia Covid-19 tienen un fuerte impacto en la salud mental en todas las personas, en especial en los m\u00e1s vulnerables.<\/span><span data-ccp-props=\"{&quot;201341983&quot;:0,&quot;335559731&quot;:708,&quot;335559739&quot;:160,&quot;335559740&quot;:240}\">\u00a0<\/span><\/p>\n<p><span data-contrast=\"auto\">Por \u00faltimo, dijo que el miedo, la incertidumbre y la inestabilidad econ\u00f3mica y laboral generan sufrimiento psicol\u00f3gico, por lo que se requieren centros de atenci\u00f3n en PAP para atender a las personas afectadas.<\/span><span data-ccp-props=\"{&quot;201341983&quot;:0,&quot;335559731&quot;:708,&quot;335559739&quot;:160,&quot;335559740&quot;:240}\">\u00a0<\/span><\/p>\n<p>&nbsp;<\/p>\n<div id=\"attachment_103647\" style=\"width: 732px\" class=\"wp-caption aligncenter\"><a href=\"https:\/\/www.uv.mx\/prensa\/files\/2021\/10\/251021-Claudio-Barrales-2.jpg\"><img loading=\"lazy\" decoding=\"async\" aria-describedby=\"caption-attachment-103647\" class=\"size-full wp-image-103647\" src=\"https:\/\/www.uv.mx\/prensa\/files\/2021\/10\/251021-Claudio-Barrales-2.jpg\" alt=\"\" width=\"722\" height=\"481\" srcset=\"https:\/\/www.uv.mx\/prensa\/files\/2021\/10\/251021-Claudio-Barrales-2.jpg 722w, https:\/\/www.uv.mx\/prensa\/files\/2021\/10\/251021-Claudio-Barrales-2-300x200.jpg 300w\" sizes=\"auto, (max-width: 722px) 100vw, 722px\" \/><\/a><p id=\"caption-attachment-103647\" class=\"wp-caption-text\">El investigador comparti\u00f3 las experiencias con la herramienta PAP que est\u00e1n usando en Chile<\/p><\/div>\n","protected":false},"excerpt":{"rendered":"<p>Destac\u00f3 que el rol de las universidades ante una emergencia es investigar las variables psicosociales, generar nuevos conocimientos en alianza con la comunidad y el Estado<\/p>\n","protected":false},"author":1508,"featured_media":103648,"comment_status":"closed","ping_status":"closed","sticky":false,"template":"","format":"standard","meta":{"footnotes":""},"categories":[55],"tags":[],"class_list":["post-103646","post","type-post","status-publish","format-standard","has-post-thumbnail","hentry","category-veracruz"],"_links":{"self":[{"href":"https:\/\/www.uv.mx\/prensa\/wp-json\/wp\/v2\/posts\/103646","targetHints":{"allow":["GET"]}}],"collection":[{"href":"https:\/\/www.uv.mx\/prensa\/wp-json\/wp\/v2\/posts"}],"about":[{"href":"https:\/\/www.uv.mx\/prensa\/wp-json\/wp\/v2\/types\/post"}],"author":[{"embeddable":true,"href":"https:\/\/www.uv.mx\/prensa\/wp-json\/wp\/v2\/users\/1508"}],"replies":[{"embeddable":true,"href":"https:\/\/www.uv.mx\/prensa\/wp-json\/wp\/v2\/comments?post=103646"}],"version-history":[{"count":1,"href":"https:\/\/www.uv.mx\/prensa\/wp-json\/wp\/v2\/posts\/103646\/revisions"}],"predecessor-version":[{"id":103666,"href":"https:\/\/www.uv.mx\/prensa\/wp-json\/wp\/v2\/posts\/103646\/revisions\/103666"}],"wp:featuredmedia":[{"embeddable":true,"href":"https:\/\/www.uv.mx\/prensa\/wp-json\/wp\/v2\/media\/103648"}],"wp:attachment":[{"href":"https:\/\/www.uv.mx\/prensa\/wp-json\/wp\/v2\/media?parent=103646"}],"wp:term":[{"taxonomy":"category","embeddable":true,"href":"https:\/\/www.uv.mx\/prensa\/wp-json\/wp\/v2\/categories?post=103646"},{"taxonomy":"post_tag","embeddable":true,"href":"https:\/\/www.uv.mx\/prensa\/wp-json\/wp\/v2\/tags?post=103646"}],"curies":[{"name":"wp","href":"https:\/\/api.w.org\/{rel}","templated":true}]}}