{"id":103554,"date":"2021-10-24T08:00:02","date_gmt":"2021-10-24T13:00:02","guid":{"rendered":"https:\/\/www.uv.mx\/prensa\/?p=103554"},"modified":"2021-10-26T10:18:09","modified_gmt":"2021-10-26T15:18:09","slug":"en-pandemia-la-fantasia-ayuda-a-reencontrar-humanidad-perdida","status":"publish","type":"post","link":"https:\/\/www.uv.mx\/prensa\/general\/en-pandemia-la-fantasia-ayuda-a-reencontrar-humanidad-perdida\/","title":{"rendered":"En pandemia, la fantas\u00eda ayuda a\u00a0reencontrar\u00a0humanidad perdida\u00a0"},"content":{"rendered":"<p>&nbsp;<\/p>\n<ul>\n<li data-leveltext=\"\uf0b7\" data-font=\"Symbol\" data-listid=\"2\" data-aria-posinset=\"1\" data-aria-level=\"1\"><i><span data-contrast=\"none\">Rafael Mondrag\u00f3n, profesor de la Facultad de Filosof\u00eda y Letras de la UNAM, reflexion\u00f3\u00a0\u201cSobre la potencia de la fantas\u00eda\u201d<\/span><\/i><span data-ccp-props=\"{&quot;134233279&quot;:true,&quot;201341983&quot;:0,&quot;335559739&quot;:160,&quot;335559740&quot;:240}\">\u00a0<\/span><\/li>\n<li data-leveltext=\"\uf0b7\" data-font=\"Symbol\" data-listid=\"2\" data-aria-posinset=\"2\" data-aria-level=\"1\"><i><span data-contrast=\"none\">Particip\u00f3 en\u00a0el Simposio Internacional\u00a0\u201cDi\u00e1logos: filosof\u00eda y literatura\u201d,\u00a0el jueves 21 de octubre, en el marco de la\u00a0C\u00e1tedra de Excelencia \u201cJos\u00e9 Mart\u00ed\u201d\u00a0de la UV\u00a0<\/span><\/i><span data-ccp-props=\"{&quot;134233279&quot;:true,&quot;201341983&quot;:0,&quot;335559739&quot;:160,&quot;335559740&quot;:240}\">\u00a0<\/span><\/li>\n<\/ul>\n<p><span data-ccp-props=\"{&quot;201341983&quot;:0,&quot;335559739&quot;:160,&quot;335559740&quot;:240}\">\u00a0<\/span><\/p>\n<div id=\"attachment_103555\" style=\"width: 732px\" class=\"wp-caption aligncenter\"><img loading=\"lazy\" decoding=\"async\" aria-describedby=\"caption-attachment-103555\" class=\"size-full wp-image-103555\" src=\"https:\/\/www.uv.mx\/prensa\/files\/2021\/10\/221021-POTENCIA-DE-LA-FANTASIA-1.jpg\" alt=\"\" width=\"722\" height=\"385\" srcset=\"https:\/\/www.uv.mx\/prensa\/files\/2021\/10\/221021-POTENCIA-DE-LA-FANTASIA-1.jpg 722w, https:\/\/www.uv.mx\/prensa\/files\/2021\/10\/221021-POTENCIA-DE-LA-FANTASIA-1-300x160.jpg 300w\" sizes=\"auto, (max-width: 722px) 100vw, 722px\" \/><p id=\"caption-attachment-103555\" class=\"wp-caption-text\">Rafael Mondrag\u00f3n, catedr\u00e1tico de la UNAM,\u00a0reflexion\u00f3\u00a0en la UV\u00a0sobre la potencia de la fantas\u00eda<\/p><\/div>\n<p><b><i><span data-contrast=\"none\">\u00a0<\/span><\/i><\/b><span data-ccp-props=\"{&quot;201341983&quot;:0,&quot;335559739&quot;:160,&quot;335559740&quot;:240}\">\u00a0<\/span><\/p>\n<p><b><i><span data-contrast=\"none\">Claudia Peralta V\u00e1zquez<\/span><\/i><\/b><span data-ccp-props=\"{&quot;201341983&quot;:0,&quot;335559739&quot;:160,&quot;335559740&quot;:240}\">\u00a0<\/span><\/p>\n<p><b><i><span data-contrast=\"none\">24\/10\/2021, Xalapa,\u00a0Ver.-\u00a0<\/span><\/i><\/b><span data-contrast=\"none\">Rafael Mondrag\u00f3n Vel\u00e1zquez, catedr\u00e1tico de la Facultad de Filosof\u00eda y Letras de la Universidad Nacional Aut\u00f3noma de M\u00e9xico (UNAM), reflexion\u00f3 en torno a la fantas\u00eda,\u00a0que durante esta pandemia regala fuerza para reencontrarse con la humanidad perdida, d<\/span><span data-contrast=\"none\">esde lo m\u00e1s profundo de un sentimiento enigm\u00e1tico, po\u00e9tico y figurado.<\/span><span data-ccp-props=\"{&quot;201341983&quot;:0,&quot;335559739&quot;:160,&quot;335559740&quot;:240}\">\u00a0<\/span><\/p>\n<p><span data-contrast=\"none\">En la conferencia que imparti\u00f3 el jueves 21 de octubre, en el Simposio Internacional\u00a0\u201cDi\u00e1logos: filosof\u00eda y literatura\u201d, en el marco de la\u00a0C\u00e1tedra\u00a0de Excelencia\u00a0\u201cJos\u00e9 Mart\u00ed\u201d\u00a0de la <a href=\"https:\/\/www.uv.mx\/\" target=\"_blank\" rel=\"noopener\">Universidad Veracruzana<\/a> (UV), el Doctor en Letras habl\u00f3\u00a0sobre la potencia de la fantas\u00eda, para lo cual puso en di\u00e1logo a algunos pensadores, adem\u00e1s\u00a0de relatos e historias en primera persona.<\/span><span data-ccp-props=\"{&quot;201341983&quot;:0,&quot;335559739&quot;:160,&quot;335559740&quot;:240}\">\u00a0<\/span><\/p>\n<p><span data-contrast=\"none\">Durante su ponencia transmitida por\u00a0<\/span><i><span data-contrast=\"none\">Facebook\u00a0Live<\/span><\/i><span data-contrast=\"none\">,\u00a0el\u00a0investigador del Seminario de Hermen\u00e9utica del Instituto de Investigaciones Filol\u00f3gicas (IIFL)\u00a0dividi\u00f3 su charla en dos partes:\u00a0\u201cRelatos, sue\u00f1os y generaciones\u201d\u00a0y \u201cEl refugio de la fantas\u00eda\u201d.<\/span><span data-ccp-props=\"{&quot;201341983&quot;:0,&quot;335559739&quot;:160,&quot;335559740&quot;:240}\">\u00a0<\/span><\/p>\n<p><span data-contrast=\"none\">Al comienzo comparti\u00f3 recuerdos, pensamientos, experiencias y sensaciones del significado de ser padre, y del inicio del viaje de su hija a este mundo, catalog\u00e1ndola como un ser del cosmos.<\/span><span data-ccp-props=\"{&quot;201341983&quot;:0,&quot;335559739&quot;:160,&quot;335559740&quot;:240}\">\u00a0<\/span><\/p>\n<p><span data-contrast=\"none\">Cit\u00f3 un fragmento del fil\u00f3sofo checo del siglo XX,\u00a0Janusz\u00a0Korczak, quien abandon\u00f3 su profesi\u00f3n para cuidar ni\u00f1os: \u201cA veces,\u00a0hay ni\u00f1os de una sensibilidad especial que se imaginan ser hu\u00e9rfanos en la casa de sus padres. El ni\u00f1o y la eternidad; el ni\u00f1o, una part\u00edcula en el espacio infinito; el ni\u00f1o, un momento en el tiempo\u201d.<\/span><span data-ccp-props=\"{&quot;201341983&quot;:0,&quot;335559739&quot;:160,&quot;335559740&quot;:240}\">\u00a0<\/span><\/p>\n<p><span data-contrast=\"none\">Con relaci\u00f3n a este pensador, Rafael Mondrag\u00f3n abon\u00f3 sobre su legado, pues fue asesinado en un campo de exterminio nazi de\u00a0Treblinka, junto a los ni\u00f1os a los que\u00a0\u00e9l cuid\u00f3\u00a0en un orfanato jud\u00edo de Varsovia.<\/span><span data-ccp-props=\"{&quot;201341983&quot;:0,&quot;335559739&quot;:160,&quot;335559740&quot;:240}\">\u00a0<\/span><\/p>\n<p><span data-contrast=\"none\">Destac\u00f3 que los hijos son llamados por la eternidad y con palabras de personas que habitan en el pasado.<\/span><span data-ccp-props=\"{&quot;201341983&quot;:0,&quot;335559739&quot;:160,&quot;335559740&quot;:240}\">\u00a0<\/span><\/p>\n<p><span data-contrast=\"none\">En la segunda parte, el fil\u00f3sofo comparti\u00f3 con los espectadores\u00a0que antes del nacimiento de su hija anim\u00f3 \u2013durante la pandemia\u2013\u00a0la creaci\u00f3n de un espacio donde se contaban cuentos, se cantaban canciones y compart\u00edan secretos.<\/span><span data-ccp-props=\"{&quot;201341983&quot;:0,&quot;335559739&quot;:160,&quot;335559740&quot;:240}\">\u00a0<\/span><\/p>\n<p><span data-contrast=\"none\">\u201cEra una forma de consolarnos, al mismo tiempo que un proyecto de investigaci\u00f3n-acci\u00f3n participativa sobre la potencia de la literatura\u00a0en contextos de crisis mundial.\u201d<\/span><span data-ccp-props=\"{&quot;201341983&quot;:0,&quot;335559731&quot;:708,&quot;335559739&quot;:160,&quot;335559740&quot;:240}\">\u00a0<\/span><\/p>\n<p><span data-contrast=\"none\">Los c\u00edrculos de lectura se dieron v\u00eda telef\u00f3nica\u00a0con desconocidos de\u00a0distintas partes del mundo,\u00a0quienes\u00a0mutuamente\u00a0intercambiaban\u00a0canciones, poemas y relatos\u00a0\u201cen una relaci\u00f3n de uno a uno\u201d.<\/span><span data-ccp-props=\"{&quot;201341983&quot;:0,&quot;335559731&quot;:708,&quot;335559739&quot;:160,&quot;335559740&quot;:240}\">\u00a0<\/span><\/p>\n<p><span data-contrast=\"none\">A ese experimento lo denomin\u00f3 \u201cCiudades\u00a0invisibles\u201d,\u00a0y comenzaba con una consigna aparentemente sencilla: una carta personal con el obsequio de un\u00a0relato, un poema, una canci\u00f3n, a\u00a0alguien desconocido que pudiera estar necesit\u00e1ndolo.<\/span><span data-ccp-props=\"{&quot;201341983&quot;:0,&quot;335559731&quot;:708,&quot;335559739&quot;:160,&quot;335559740&quot;:240}\">\u00a0<\/span><\/p>\n<p><span data-contrast=\"none\">Su invitaci\u00f3n, dijo,\u00a0llev\u00f3 a que una persona cantara a la mitad de la noche\u00a0a trav\u00e9s del celular;\u00a0a que otra contara el cuento que hac\u00eda fuerte a su\u00a0hijo; a que una m\u00e1s\u00a0recitara un poema, un conjuro de Mar\u00eda Sabina, o leyera\u00a0una historia de dragones.<\/span><span data-ccp-props=\"{&quot;201341983&quot;:0,&quot;335559731&quot;:708,&quot;335559739&quot;:160,&quot;335559740&quot;:240}\">\u00a0<\/span><\/p>\n<p><span data-contrast=\"none\">\u201cYo fung\u00eda como\u00a0mediador, fui trazando\u00a0los puentes que permit\u00edan que el audio de uno le llegara al\u00a0otro, de forma que cada vez que un nuevo desconocido respond\u00eda a su petici\u00f3n, en agradecimiento, yo le promet\u00eda la voz de dos o cuatro desconocidos.\u201d<\/span><span data-ccp-props=\"{&quot;201341983&quot;:0,&quot;335559731&quot;:708,&quot;335559739&quot;:160,&quot;335559740&quot;:240}\">\u00a0<\/span><\/p>\n<p><span data-contrast=\"none\">Rafael Mondrag\u00f3n,\u00a0colaborador en c\u00edrculos de lectura, talleres de educaci\u00f3n popular y experiencias\u00a0de trabajo cultural comunitario,\u00a0guard\u00f3 registro de lo\u00a0ocurrido\u00a0en ese proyecto de\u00a0investigaci\u00f3n-acci\u00f3n\u00a0en el\u00a0que trat\u00f3\u00a0de crear una gigantesca caja de resonancia\u00a0<\/span><span data-contrast=\"none\">para las palabras<\/span><span data-contrast=\"none\">.<\/span><span data-ccp-props=\"{&quot;201341983&quot;:0,&quot;335559731&quot;:708,&quot;335559739&quot;:160,&quot;335559740&quot;:240}\">\u00a0<\/span><\/p>\n<p><span data-contrast=\"none\">\u201cPara curarnos del espanto era necesario crear un espacio gigantesco de escucha donde las palabras pudieran\u00a0resonar, un refugio donde reencontrar lo que una de las personas participantes llam\u00f3:\u00a0la humanidad perdida.\u201d<\/span><span data-ccp-props=\"{&quot;201341983&quot;:0,&quot;335559731&quot;:708,&quot;335559739&quot;:160,&quot;335559740&quot;:240}\">\u00a0<\/span><\/p>\n","protected":false},"excerpt":{"rendered":"<p>Rafael Mondrag\u00f3n, profesor de la Facultad de Filosof\u00eda y Letras de la UNAM,\u00a0cit\u00f3 un fragmento del fil\u00f3sofo checo\u00a0Janusz\u00a0Korczak: \u201cA veces, hay ni\u00f1os de una sensibilidad especial que se imaginan ser hu\u00e9rfanos en la casa de sus padres\u201d\u00a0<\/p>\n","protected":false},"author":1869,"featured_media":103555,"comment_status":"closed","ping_status":"closed","sticky":false,"template":"","format":"standard","meta":{"footnotes":""},"categories":[1],"tags":[],"class_list":["post-103554","post","type-post","status-publish","format-standard","has-post-thumbnail","hentry","category-general"],"_links":{"self":[{"href":"https:\/\/www.uv.mx\/prensa\/wp-json\/wp\/v2\/posts\/103554","targetHints":{"allow":["GET"]}}],"collection":[{"href":"https:\/\/www.uv.mx\/prensa\/wp-json\/wp\/v2\/posts"}],"about":[{"href":"https:\/\/www.uv.mx\/prensa\/wp-json\/wp\/v2\/types\/post"}],"author":[{"embeddable":true,"href":"https:\/\/www.uv.mx\/prensa\/wp-json\/wp\/v2\/users\/1869"}],"replies":[{"embeddable":true,"href":"https:\/\/www.uv.mx\/prensa\/wp-json\/wp\/v2\/comments?post=103554"}],"version-history":[{"count":2,"href":"https:\/\/www.uv.mx\/prensa\/wp-json\/wp\/v2\/posts\/103554\/revisions"}],"predecessor-version":[{"id":103696,"href":"https:\/\/www.uv.mx\/prensa\/wp-json\/wp\/v2\/posts\/103554\/revisions\/103696"}],"wp:featuredmedia":[{"embeddable":true,"href":"https:\/\/www.uv.mx\/prensa\/wp-json\/wp\/v2\/media\/103555"}],"wp:attachment":[{"href":"https:\/\/www.uv.mx\/prensa\/wp-json\/wp\/v2\/media?parent=103554"}],"wp:term":[{"taxonomy":"category","embeddable":true,"href":"https:\/\/www.uv.mx\/prensa\/wp-json\/wp\/v2\/categories?post=103554"},{"taxonomy":"post_tag","embeddable":true,"href":"https:\/\/www.uv.mx\/prensa\/wp-json\/wp\/v2\/tags?post=103554"}],"curies":[{"name":"wp","href":"https:\/\/api.w.org\/{rel}","templated":true}]}}