{"id":1032,"date":"2015-07-03T16:29:24","date_gmt":"2015-07-03T21:29:24","guid":{"rendered":"https:\/\/www.uv.mx\/prensa\/?p=1032"},"modified":"2015-07-03T16:58:01","modified_gmt":"2015-07-03T21:58:01","slug":"23-estudiantes-de-la-uv-seran-becados-por-banamex","status":"publish","type":"post","link":"https:\/\/www.uv.mx\/prensa\/general\/23-estudiantes-de-la-uv-seran-becados-por-banamex\/","title":{"rendered":"23 estudiantes de la UV  ser\u00e1n becados por Banamex"},"content":{"rendered":"<p>&nbsp;<\/p>\n<ul>\n<li><em>En el segundo a\u00f1o de convenio<\/em><\/li>\n<\/ul>\n<ul>\n<li><em>En septiembre concluir\u00e1 el proceso de la primera generaci\u00f3n, conformada por 32 j\u00f3venes<\/em><\/li>\n<li><em>M\u00f3nica Basilio Hazas, estudiante de Ingenier\u00eda Qu\u00edmica del campus Xalapa e integrante de la primera generaci\u00f3n, fue admitida en la Universidad T\u00e9cnica de M\u00fanich, Alemania<\/em><\/li>\n<\/ul>\n<p>&nbsp;<\/p>\n<p><strong><em>Paola Cort\u00e9s P\u00e9rez<\/em><\/strong><\/p>\n<p>&nbsp;<\/p>\n<p>Un total de 23 estudiantes de nivel licenciatura de la Universidad Veracruzana (UV) tendr\u00e1n la oportunidad de cursar una maestr\u00eda en una de las mejores instituciones de educaci\u00f3n superior y\/o programas educativos a nivel internacional, al formar parte de la segunda generaci\u00f3n del proyecto \u201cJ\u00f3venes de excelencia <em>Banamex<\/em>\u201d.<\/p>\n<p>Lo anterior se dio a conocer durante la cuarta sesi\u00f3n ordinaria de este a\u00f1o del consejo t\u00e9cnico de dicho proyecto educativo, que tuvo lugar el jueves 2 de julio en la sala de juntas de la Direcci\u00f3n de las \u00c1reas Acad\u00e9micas de esta casa de estudios.<\/p>\n<p>La reuni\u00f3n fue presidida por Leticia Rodr\u00edguez Audirac, secretaria Acad\u00e9mica de la UV y secretaria T\u00e9cnica del consejo, acompa\u00f1ada de Ver\u00f3nica Solana Mart\u00ednez, en representaci\u00f3n de Andr\u00e9s Albo M\u00e1rquez, director de Compromiso Social <em>Banamex<\/em>.<\/p>\n<div id=\"attachment_1035\" style=\"width: 310px\" class=\"wp-caption aligncenter\"><a href=\"https:\/\/www.uv.mx\/prensa\/files\/2015\/07\/Jovenes-Banamex.jpg\"><img loading=\"lazy\" decoding=\"async\" aria-describedby=\"caption-attachment-1035\" class=\"size-medium wp-image-1035\" src=\"https:\/\/www.uv.mx\/prensa\/files\/2015\/07\/Jovenes-Banamex-300x180.jpg\" alt=\"Sesi\u00f3n ordinaria del consejo t\u00e9cnico del proyecto \u201cJ\u00f3venes de Excelencia Banamex\u201d.\" width=\"300\" height=\"180\" srcset=\"https:\/\/www.uv.mx\/prensa\/files\/2015\/07\/Jovenes-Banamex-300x180.jpg 300w, https:\/\/www.uv.mx\/prensa\/files\/2015\/07\/Jovenes-Banamex.jpg 444w\" sizes=\"auto, (max-width: 300px) 100vw, 300px\" \/><\/a><p id=\"caption-attachment-1035\" class=\"wp-caption-text\">Sesi\u00f3n ordinaria del consejo t\u00e9cnico del proyecto \u201cJ\u00f3venes de Excelencia Banamex\u201d.<\/p><\/div>\n<p>Rodr\u00edguez Audirac dijo que este proyecto representa una estrategia para apoyar e impulsar a aquellos estudiantes de alto rendimiento; \u201cla Universidad Veracruzana se compromete a acompa\u00f1ar a los j\u00f3venes a lo largo del proceso de preparaci\u00f3n.\u201d<\/p>\n<p>Cabe mencionar que desde hace un a\u00f1o, la iniciativa es impulsada por <em>Banamex<\/em>, la Fundaci\u00f3n Mexicana para la Educaci\u00f3n, la Tecnolog\u00eda y la Ciencia (<em>Funed<\/em>) y esta casa de estudios. El objetivo es acompa\u00f1ar econ\u00f3mica y acad\u00e9micamente a los j\u00f3venes que tienen deseos de estudiar un posgrado en el extranjero.<\/p>\n<p>Consiste en una beca-cr\u00e9dito de entre 17 mil y 20 mil d\u00f3lares. Otros de los apoyos que recibir\u00e1n son mil pesos mensuales como est\u00edmulo durante el proceso de preparaci\u00f3n que durar\u00e1 m\u00e1ximo 20 meses; capacitaci\u00f3n para el dominio del idioma ingl\u00e9s en preparaci\u00f3n al examen TOEFL o IELTS; cursos extracurriculares intensivos de matem\u00e1ticas enfocados a la presentaci\u00f3n de ex\u00e1menes estandarizados, entre otros.<\/p>\n<p>En la sesi\u00f3n se dio a conocer que 23 estudiantes universitarios pasaron satisfactoriamente los ex\u00e1menes de razonamiento matem\u00e1tico y comprensi\u00f3n del ingl\u00e9s, as\u00ed como la entrevista. Los nombres de los beneficiados\u00a0se dar\u00e1n a conocer el lunes 6 de julio.<\/p>\n<p>Mencionaron que en agosto iniciar\u00e1 el proceso de preparaci\u00f3n para los j\u00f3venes que integran la segunda generaci\u00f3n, quienes tendr\u00e1n la oportunidad de cursar una maestr\u00eda en una de las 200 mejores universidades y 100 programas educativos a nivel internacional.<\/p>\n<p>Respecto de la primera generaci\u00f3n, precisaron que est\u00e1 conformada por 32 estudiantes universitarios, quienes en la primera semana de septiembre presentar\u00e1n el tercero \u2013y \u00faltimo\u2013 <em>TestPoint<\/em> de ingl\u00e9s y matem\u00e1ticas, con esto concluir\u00e1n su preparaci\u00f3n para ingresar a un posgrado de calidad en el extranjero.<\/p>\n<p>\u201cJ\u00f3venes de excelencia <em>Banamex<\/em>\u201d tuvo presencia en los cinco <em>campus<\/em> de la m\u00e1xima casa de estudios del estado: 20 en el <em>campus<\/em> Xalapa; cinco en Veracruz-Boca del R\u00edo; cuatro en Coatzacoalcos-Minatitl\u00e1n; dos en Orizaba-C\u00f3rdoba, y uno en Poza Rica-Tuxpan.<\/p>\n<p>Asimismo, resaltaron que M\u00f3nica Basilio Hazas, estudiante de Ingenier\u00eda Qu\u00edmica del <em>campus<\/em> Xalapa e integrante de esta primera generaci\u00f3n, logr\u00f3 concluir el proceso de preparaci\u00f3n y ya fue admitida en la Universidad T\u00e9cnica de M\u00fanich, Alemania.<\/p>\n<p>En la sesi\u00f3n estuvo presente Maite Sampieri Croda, directora del \u00c1rea de Formaci\u00f3n B\u00e1sica General, en representaci\u00f3n de Mar\u00eda Magdalena Hern\u00e1ndez Alarc\u00f3n, directora general de Relaciones Internacionales; Roberto Ruiz Ram\u00f3n, en representaci\u00f3n de Pedro Luis Icaza de la Fuente, director regional de Banca <em>Banamex<\/em>.<\/p>\n<p>As\u00ed como Ra\u00fal Alberto de Arc\u00e1ngeles, empresario y consejero del comit\u00e9; Rodrigo Campos Reyero, empresario y consejero, y por videollamada Marcela Caballero, encargada del Programa de Becas <em>Banamex<\/em>; Vanesa Rosales, de Fomento Social <em>Banamex<\/em>, y Jaime Mart\u00ednez, socio-director de <em>TestPoint<\/em>.<\/p>\n<p>&nbsp;<\/p>\n<p>&nbsp;<\/p>\n","protected":false},"excerpt":{"rendered":"<p><strong><em>Paola Cort\u00e9s.-<\/em><\/strong> Un total de 23 estudiantes de nivel licenciatura de la Universidad Veracruzana (UV) tendr\u00e1n la oportunidad de cursar una maestr\u00eda en una de las mejores instituciones de educaci\u00f3n superior y\/o programas educativos a nivel internacional, al formar parte de la segunda generaci\u00f3n del proyecto \u201cJ\u00f3venes de excelencia Banamex\u201d.<\/p>\n","protected":false},"author":1809,"featured_media":1035,"comment_status":"closed","ping_status":"closed","sticky":false,"template":"","format":"standard","meta":{"footnotes":""},"categories":[1],"tags":[2],"class_list":["post-1032","post","type-post","status-publish","format-standard","has-post-thumbnail","hentry","category-general","tag-principal"],"_links":{"self":[{"href":"https:\/\/www.uv.mx\/prensa\/wp-json\/wp\/v2\/posts\/1032","targetHints":{"allow":["GET"]}}],"collection":[{"href":"https:\/\/www.uv.mx\/prensa\/wp-json\/wp\/v2\/posts"}],"about":[{"href":"https:\/\/www.uv.mx\/prensa\/wp-json\/wp\/v2\/types\/post"}],"author":[{"embeddable":true,"href":"https:\/\/www.uv.mx\/prensa\/wp-json\/wp\/v2\/users\/1809"}],"replies":[{"embeddable":true,"href":"https:\/\/www.uv.mx\/prensa\/wp-json\/wp\/v2\/comments?post=1032"}],"version-history":[{"count":0,"href":"https:\/\/www.uv.mx\/prensa\/wp-json\/wp\/v2\/posts\/1032\/revisions"}],"wp:featuredmedia":[{"embeddable":true,"href":"https:\/\/www.uv.mx\/prensa\/wp-json\/wp\/v2\/media\/1035"}],"wp:attachment":[{"href":"https:\/\/www.uv.mx\/prensa\/wp-json\/wp\/v2\/media?parent=1032"}],"wp:term":[{"taxonomy":"category","embeddable":true,"href":"https:\/\/www.uv.mx\/prensa\/wp-json\/wp\/v2\/categories?post=1032"},{"taxonomy":"post_tag","embeddable":true,"href":"https:\/\/www.uv.mx\/prensa\/wp-json\/wp\/v2\/tags?post=1032"}],"curies":[{"name":"wp","href":"https:\/\/api.w.org\/{rel}","templated":true}]}}