{"id":10318,"date":"2016-05-01T07:00:34","date_gmt":"2016-05-01T12:00:34","guid":{"rendered":"https:\/\/www.uv.mx\/prensa\/?p=10318"},"modified":"2016-04-29T13:42:27","modified_gmt":"2016-04-29T18:42:27","slug":"voto-informado-incentiva-la-participacion-ciudadana","status":"publish","type":"post","link":"https:\/\/www.uv.mx\/prensa\/general\/voto-informado-incentiva-la-participacion-ciudadana\/","title":{"rendered":"Voto Informado incentiva la participaci\u00f3n ciudadana"},"content":{"rendered":"<p>&nbsp;<\/p>\n<ul>\n<li><em>Los convoca a responder cuestionario y contrastar sus opiniones con las de los candidatos a gobernador a trav\u00e9s de <\/em>\u201cContesta y compara\u201d<\/li>\n<\/ul>\n<p>&nbsp;<\/p>\n<div id=\"attachment_10320\" style=\"width: 310px\" class=\"wp-caption aligncenter\"><a href=\"https:\/\/www.uv.mx\/prensa\/files\/2016\/04\/Cuestionario-Voto-informado.jpg\"><img loading=\"lazy\" decoding=\"async\" aria-describedby=\"caption-attachment-10320\" class=\"wp-image-10320 size-medium\" src=\"https:\/\/www.uv.mx\/prensa\/files\/2016\/04\/Cuestionario-Voto-informado-300x117.jpg\" alt=\"Cuestionario Voto informado\" width=\"300\" height=\"117\" srcset=\"https:\/\/www.uv.mx\/prensa\/files\/2016\/04\/Cuestionario-Voto-informado-300x117.jpg 300w, https:\/\/www.uv.mx\/prensa\/files\/2016\/04\/Cuestionario-Voto-informado.jpg 808w\" sizes=\"auto, (max-width: 300px) 100vw, 300px\" \/><\/a><p id=\"caption-attachment-10320\" class=\"wp-caption-text\">\u201cContesta y compara\u201d, una herramienta m\u00e1s de Voto Informado Veracruz<\/p><\/div>\n<p>&nbsp;<\/p>\n<p><strong><em>Xalapa, Ver. 01\/05\/2016.-<\/em><\/strong><em>\u00a0<\/em>En la plataforma Voto Informado Veracruz, que est\u00e1 a disposici\u00f3n de los ciudadanos, se pueden conocer las posturas de los candidatos a la gubernatura respecto de algunos temas de inter\u00e9s social, tambi\u00e9n se puede contrastar las respuestas de \u00e9stos y las del ciudadano que conteste el mismo cuestionario.<\/p>\n<p>Los interesados pueden consultar el portal <a href=\"http:\/\/votoinformadoveracruz.uv.mx\/\">http:\/\/votoinformadoveracruz.uv.mx\/<\/a> en su apartado \u201cCuestionario a Gobernador\u201d.<\/p>\n<p>Lo que se busca con la plataforma Voto Informado Veracruz, iniciativa del Centro de Estudios de Opini\u00f3n y An\u00e1lisis de la Universidad Veracruzana y el Centro de Estudios en Opini\u00f3n P\u00fablica de la Universidad Nacional Aut\u00f3noma de M\u00e9xico, es promover la cultura democr\u00e1tica y la participaci\u00f3n ciudadana en el estado de Veracruz.<\/p>\n<p>En particular, el proyecto tiene como objetivo fomentar la participaci\u00f3n de los j\u00f3venes, ya que en los \u00faltimos a\u00f1os \u00e9sta ha disminuido.<\/p>\n<p>Una de las caracter\u00edsticas principales del cuestionario, adaptado por los miembros de los comit\u00e9s de Voto Informado Veracruz, es que tiene preguntas abiertas que los aspirantes respondieron.<\/p>\n<p>A continuaci\u00f3n se muestra un ejemplo de respuestas de los aspirantes a la gubernatura sobre la pregunta: \u00bfQu\u00e9 har\u00eda usted para mejorar la transparencia en el estado de Veracruz?:<\/p>\n<p>\u201cRendici\u00f3n de cuentas cada mes\u201d; \u201cDar apertura total a la informaci\u00f3n en todos los portales de instituciones p\u00fablicas y organismos, sin restricciones ni secrec\u00eda a futuro, ni manejo discrecional\u201d; \u201cSer\u00e1 obligatorio para los funcionarios del gobierno del estado y de los ayuntamientos hacer p\u00fablicas v\u00eda Internet sus declaraciones patrimoniales, fiscales y de conflicto de inter\u00e9s\u201d; \u201cUn gobierno que haga p\u00fablico por ley las declaraciones patrimoniales, fiscales y de intereses de sus funcionarios, de sus hijos y esposas, que le muestra a la ciudadan\u00eda con cu\u00e1nto entra y con cu\u00e1nto sale\u201d.<\/p>\n<p>Tres respuestas m\u00e1s de igual n\u00famero de aspirantes a la gubernatura son: \u201cReformas legales que normen y consideren la obligatoriedad de la rendici\u00f3n de cuentas\u201d; \u201cHacer p\u00fablicos todos los procesos de adquisici\u00f3n del gobierno del estado y los ayuntamientos\u201d, y \u201cHacer cumplir las leyes que existen al respecto\u201d.<\/p>\n<p>Este ejercicio permite conocer las respuestas de varias interrogantes, por ello se invita a los ciudadanos para que participen y comparen su opini\u00f3n con la de los candidatos.<\/p>\n<p>Adem\u00e1s de las respuestas al cuestionario a gobernador, la siguiente etapa ser\u00e1 conocer las respuestas de los aspirantes a diputados locales de los 30 distritos electorales locales de Veracruz, sobre lo cual est\u00e1 trabajando Voto Informado Veracruz para acercar informaci\u00f3n a los ciudadanos, con la finalidad de construir ciudadan\u00eda.<\/p>\n<p>En el portal <a href=\"http:\/\/votoinformadoveracruz.uv.mx\/\">http:\/\/votoinformadoveracruz.uv.mx\/<\/a> y redes sociales Voto Informado Veracruz en <em>Facebook<\/em> y @VotoInfoVer en <em>Twitter<\/em>, podr\u00e1n encontrar m\u00e1s informaci\u00f3n del proyecto.<\/p>\n<p>&nbsp;<\/p>\n","protected":false},"excerpt":{"rendered":"<p>En la plataforma Voto Informado Veracruz, que est\u00e1 a disposici\u00f3n de los ciudadanos, se pueden conocer las posturas de los candidatos a la gubernatura respecto de algunos temas de inter\u00e9s social, tambi\u00e9n se puede contrastar las respuestas de \u00e9stos y las del ciudadano que conteste el mismo cuestionario.<\/p>\n","protected":false},"author":1810,"featured_media":10321,"comment_status":"closed","ping_status":"closed","sticky":false,"template":"","format":"standard","meta":{"footnotes":""},"categories":[1],"tags":[2],"class_list":["post-10318","post","type-post","status-publish","format-standard","has-post-thumbnail","hentry","category-general","tag-principal"],"_links":{"self":[{"href":"https:\/\/www.uv.mx\/prensa\/wp-json\/wp\/v2\/posts\/10318","targetHints":{"allow":["GET"]}}],"collection":[{"href":"https:\/\/www.uv.mx\/prensa\/wp-json\/wp\/v2\/posts"}],"about":[{"href":"https:\/\/www.uv.mx\/prensa\/wp-json\/wp\/v2\/types\/post"}],"author":[{"embeddable":true,"href":"https:\/\/www.uv.mx\/prensa\/wp-json\/wp\/v2\/users\/1810"}],"replies":[{"embeddable":true,"href":"https:\/\/www.uv.mx\/prensa\/wp-json\/wp\/v2\/comments?post=10318"}],"version-history":[{"count":0,"href":"https:\/\/www.uv.mx\/prensa\/wp-json\/wp\/v2\/posts\/10318\/revisions"}],"wp:featuredmedia":[{"embeddable":true,"href":"https:\/\/www.uv.mx\/prensa\/wp-json\/wp\/v2\/media\/10321"}],"wp:attachment":[{"href":"https:\/\/www.uv.mx\/prensa\/wp-json\/wp\/v2\/media?parent=10318"}],"wp:term":[{"taxonomy":"category","embeddable":true,"href":"https:\/\/www.uv.mx\/prensa\/wp-json\/wp\/v2\/categories?post=10318"},{"taxonomy":"post_tag","embeddable":true,"href":"https:\/\/www.uv.mx\/prensa\/wp-json\/wp\/v2\/tags?post=10318"}],"curies":[{"name":"wp","href":"https:\/\/api.w.org\/{rel}","templated":true}]}}