{"id":103151,"date":"2021-10-19T20:05:12","date_gmt":"2021-10-20T01:05:12","guid":{"rendered":"https:\/\/www.uv.mx\/prensa\/?p=103151"},"modified":"2021-10-20T12:24:07","modified_gmt":"2021-10-20T17:24:07","slug":"clinica-juridica-de-la-uv-un-espacio-innovador","status":"publish","type":"post","link":"https:\/\/www.uv.mx\/prensa\/regiones\/poza-rica\/clinica-juridica-de-la-uv-un-espacio-innovador\/","title":{"rendered":"Cl\u00ednica Jur\u00eddica de la UV, un espacio innovador"},"content":{"rendered":"<ul>\n<li data-leveltext=\"\uf0b7\" data-font=\"Symbol\" data-listid=\"1\" data-aria-posinset=\"1\" data-aria-level=\"1\"><i><span data-contrast=\"none\">Los estudiantes aprenden desde la pr\u00e1ctica<\/span><\/i><span data-ccp-props=\"{&quot;134233117&quot;:true,&quot;134233118&quot;:true,&quot;201341983&quot;:0,&quot;335559740&quot;:240}\">\u00a0<\/span><\/li>\n<li data-leveltext=\"\uf0b7\" data-font=\"Symbol\" data-listid=\"1\" data-aria-posinset=\"2\" data-aria-level=\"1\"><i><span data-contrast=\"none\">Se cuenta con el apoyo de un traductor del idioma totonaco\u00a0<\/span><\/i><span data-ccp-props=\"{&quot;134233117&quot;:true,&quot;134233118&quot;:true,&quot;201341983&quot;:0,&quot;335559740&quot;:240}\">\u00a0<\/span><\/li>\n<\/ul>\n<p>&nbsp;<\/p>\n<div id=\"attachment_103155\" style=\"width: 736px\" class=\"wp-caption aligncenter\"><a href=\"https:\/\/www.uv.mx\/prensa\/files\/2021\/10\/101021-derecho-sea-1.jpg\"><img aria-describedby=\"caption-attachment-103155\" decoding=\"async\" loading=\"lazy\" class=\"size-full wp-image-103155\" src=\"https:\/\/www.uv.mx\/prensa\/files\/2021\/10\/101021-derecho-sea-1.jpg\" alt=\"\" width=\"726\" height=\"481\" srcset=\"https:\/\/www.uv.mx\/prensa\/files\/2021\/10\/101021-derecho-sea-1.jpg 726w, https:\/\/www.uv.mx\/prensa\/files\/2021\/10\/101021-derecho-sea-1-300x199.jpg 300w\" sizes=\"(max-width: 726px) 100vw, 726px\" \/><\/a><p id=\"caption-attachment-103155\" class=\"wp-caption-text\"><span data-contrast=\"auto\">Estudiantes y acad\u00e9micos de la Licenciatura en Derecho del SEA Poza Rica integran la Cl\u00ednica Jur\u00eddica<\/span><\/p><\/div>\n<p><b><i><span data-contrast=\"none\">Alma Celia San Mart\u00edn Cruz<\/span><\/i><\/b><span data-ccp-props=\"{&quot;134233117&quot;:true,&quot;134233118&quot;:true,&quot;201341983&quot;:0,&quot;335559740&quot;:240}\">\u00a0<\/span><span data-ccp-props=\"{&quot;134233117&quot;:true,&quot;134233118&quot;:true,&quot;201341983&quot;:0,&quot;335559740&quot;:240}\">\u00a0<\/span><\/p>\n<p><b><i><span data-contrast=\"none\">19\/10\/2021, Poza Rica, Ver.- <\/span><\/i><\/b><span data-contrast=\"none\">La Cl\u00ednica Jur\u00eddica del <a href=\"https:\/\/www.uv.mx\/pozarica\/sea\/\" target=\"_blank\" rel=\"noopener\">Sistema de Ense\u00f1anza Abierta<\/a> (SEA) de la Universidad Veracruzana (UV) es un espacio educativo innovador en que se aprende desde la pr\u00e1ctica y el trabajo multidisciplinar para construir caminos aplicados a los derechos humanos, se\u00f1al\u00f3 Jaime M\u00e9ndez Jim\u00e9nez, acad\u00e9mico del programa educativo de Derecho.<\/span><span data-ccp-props=\"{&quot;134233117&quot;:true,&quot;134233118&quot;:true,&quot;201341983&quot;:0,&quot;335559740&quot;:240}\">\u00a0<\/span><\/p>\n<p><span data-contrast=\"none\">A tres meses de haberse abierto este espacio se ha tenido una buena respuesta por parte de la poblaci\u00f3n, brindando asesor\u00eda jur\u00eddica a la sociedad en general; de esta manera se contribuye en la formaci\u00f3n y desarrollo de competencias profesionales de los estudiantes de la Licenciatura en Derecho.\u00a0<\/span><span data-ccp-props=\"{&quot;134233117&quot;:true,&quot;134233118&quot;:true,&quot;201341983&quot;:0,&quot;335559731&quot;:708,&quot;335559740&quot;:240}\">\u00a0<\/span><\/p>\n<p><span data-contrast=\"none\">Respecto de este proyecto emprendedor disciplinario, que fue aprobado por la comunidad universitaria de Derecho del SEA, M\u00e9ndez Jim\u00e9nez coment\u00f3 que de julio a septiembre se han atendido cinco casos en materia civil, en temas referentes a intestados y laborales por cuestiones de despidos injustificados; los solicitantes son de las regiones Poza Rica-Tuxpan, Xalapa y Veracruz.<\/span><span data-ccp-props=\"{&quot;134233117&quot;:true,&quot;134233118&quot;:true,&quot;201341983&quot;:0,&quot;335559731&quot;:708,&quot;335559740&quot;:240}\">\u00a0<\/span><\/p>\n<p><span data-contrast=\"none\">Explic\u00f3 que a\u00f1os atr\u00e1s se hab\u00eda manejado como un bufete jur\u00eddico en donde se atend\u00eda gratuitamente a personas de escasos recursos; sin embargo, a iniciativa de Dora Alicia Daza Ponce, coordinadora regional del SEA, se formaliz\u00f3 el proyecto como una cl\u00ednica jur\u00eddica que es atendida por un grupo de estudiantes, quienes apoyan a los solicitantes con la asesor\u00eda de los docentes.<\/span><span data-ccp-props=\"{&quot;134233117&quot;:true,&quot;134233118&quot;:true,&quot;201341983&quot;:0,&quot;335559731&quot;:708,&quot;335559740&quot;:240}\">\u00a0<\/span><\/p>\n<p>&nbsp;<\/p>\n<div id=\"attachment_103154\" style=\"width: 736px\" class=\"wp-caption aligncenter\"><a href=\"https:\/\/www.uv.mx\/prensa\/files\/2021\/10\/101021-derecho-sea-2.jpg\"><img aria-describedby=\"caption-attachment-103154\" decoding=\"async\" loading=\"lazy\" class=\"size-full wp-image-103154\" src=\"https:\/\/www.uv.mx\/prensa\/files\/2021\/10\/101021-derecho-sea-2.jpg\" alt=\"\" width=\"726\" height=\"481\" srcset=\"https:\/\/www.uv.mx\/prensa\/files\/2021\/10\/101021-derecho-sea-2.jpg 726w, https:\/\/www.uv.mx\/prensa\/files\/2021\/10\/101021-derecho-sea-2-300x199.jpg 300w\" sizes=\"(max-width: 726px) 100vw, 726px\" \/><\/a><p id=\"caption-attachment-103154\" class=\"wp-caption-text\"><span data-contrast=\"auto\">El vicerrector Jos\u00e9 Luis Alan\u00eds M\u00e9ndez acompa\u00f1ado de los integrantes de la Cl\u00ednica Jur\u00eddica<\/span><span data-ccp-props=\"{&quot;201341983&quot;:0,&quot;335559739&quot;:160,&quot;335559740&quot;:240}\">\u00a0<\/span><\/p><\/div>\n<p>&nbsp;<\/p>\n<p><span data-contrast=\"none\">Mencion\u00f3 que se atienden asuntos en materia laboral, jur\u00eddica, administrativa, fiscal y mercantil, adem\u00e1s de visitas domiciliarias cuando lo requieren las personas, y enfatiz\u00f3 que todos los servicios son gratuitos.<\/span><span data-ccp-props=\"{&quot;134233117&quot;:true,&quot;134233118&quot;:true,&quot;201341983&quot;:0,&quot;335559731&quot;:708,&quot;335559740&quot;:240}\">\u00a0<\/span><\/p>\n<p><span data-contrast=\"none\">\u201cHemos tenido necesidad de apoyar a personas que por su condici\u00f3n de salud no pueden acudir a la Cl\u00ednica Jur\u00eddica, en este caso una alumna tom\u00f3 el caso y yo la acompa\u00f1\u00e9. Gracias a la intervenci\u00f3n se evit\u00f3 el desalojo.\u201d<\/span><span data-ccp-props=\"{&quot;134233117&quot;:true,&quot;134233118&quot;:true,&quot;201341983&quot;:0,&quot;335559731&quot;:708,&quot;335559740&quot;:240}\">\u00a0<\/span><\/p>\n<p><span data-contrast=\"none\">Por su parte, Dora Alicia Daza destac\u00f3 que para extender los servicios a las comunidades de la regi\u00f3n se cuenta con el apoyo de Jos\u00e9 Gaona Zepeta, egresado de la Licenciatura en Derecho del SEA Poza Rica, quien apoya como traductor del idioma totonaco a las personas que no hablan espa\u00f1ol.<\/span><span data-ccp-props=\"{&quot;134233117&quot;:true,&quot;134233118&quot;:true,&quot;201341983&quot;:0,&quot;335559731&quot;:708,&quot;335559740&quot;:240}\">\u00a0<\/span><\/p>\n<p><span data-contrast=\"none\">Derivado de solicitudes de atenci\u00f3n de la Cl\u00ednica Jur\u00eddica, se ha incrementado el n\u00famero de solicitudes gracias a la difusi\u00f3n de los servicios que se prestan.<\/span><span data-ccp-props=\"{&quot;134233117&quot;:true,&quot;134233118&quot;:true,&quot;201341983&quot;:0,&quot;335559731&quot;:708,&quot;335559740&quot;:240}\">\u00a0<\/span><\/p>\n<p><span data-contrast=\"none\">La Cl\u00ednica Jur\u00eddica funciona en las oficinas de la Coordinaci\u00f3n Acad\u00e9mica Regional del SEA, ubicadas en la Calle 12 casi esquina Avenida 20 de Noviembre, Colonia Cazones, en donde brinda servicio de manera presencial los martes, de 10:00 a 14:00 horas.<\/span><span data-ccp-props=\"{&quot;134233117&quot;:true,&quot;134233118&quot;:true,&quot;201341983&quot;:0,&quot;335559731&quot;:708,&quot;335559740&quot;:240}\">\u00a0<\/span><\/p>\n<p>&nbsp;<\/p>\n<div id=\"attachment_103153\" style=\"width: 736px\" class=\"wp-caption aligncenter\"><a href=\"https:\/\/www.uv.mx\/prensa\/files\/2021\/10\/101021-derecho-sea-3.jpg\"><img aria-describedby=\"caption-attachment-103153\" decoding=\"async\" loading=\"lazy\" class=\"size-full wp-image-103153\" src=\"https:\/\/www.uv.mx\/prensa\/files\/2021\/10\/101021-derecho-sea-3.jpg\" alt=\"\" width=\"726\" height=\"481\" srcset=\"https:\/\/www.uv.mx\/prensa\/files\/2021\/10\/101021-derecho-sea-3.jpg 726w, https:\/\/www.uv.mx\/prensa\/files\/2021\/10\/101021-derecho-sea-3-300x199.jpg 300w\" sizes=\"(max-width: 726px) 100vw, 726px\" \/><\/a><p id=\"caption-attachment-103153\" class=\"wp-caption-text\"><span data-contrast=\"auto\">Acad\u00e9micos que asesoran a los estudiantes de Derecho<\/span><span data-ccp-props=\"{&quot;201341983&quot;:0,&quot;335559739&quot;:160,&quot;335559740&quot;:240}\">\u00a0<\/span><\/p><\/div>\n","protected":false},"excerpt":{"rendered":"<p>A tres meses de haberse abierto este espacio se ha tenido una buena respuesta por parte de la poblaci\u00f3n, brindando asesor\u00eda jur\u00eddica a la sociedad en general <\/p>\n","protected":false},"author":1508,"featured_media":103152,"comment_status":"closed","ping_status":"closed","sticky":false,"template":"","format":"standard","meta":[],"categories":[54,61],"tags":[],"_links":{"self":[{"href":"https:\/\/www.uv.mx\/prensa\/wp-json\/wp\/v2\/posts\/103151"}],"collection":[{"href":"https:\/\/www.uv.mx\/prensa\/wp-json\/wp\/v2\/posts"}],"about":[{"href":"https:\/\/www.uv.mx\/prensa\/wp-json\/wp\/v2\/types\/post"}],"author":[{"embeddable":true,"href":"https:\/\/www.uv.mx\/prensa\/wp-json\/wp\/v2\/users\/1508"}],"replies":[{"embeddable":true,"href":"https:\/\/www.uv.mx\/prensa\/wp-json\/wp\/v2\/comments?post=103151"}],"version-history":[{"count":1,"href":"https:\/\/www.uv.mx\/prensa\/wp-json\/wp\/v2\/posts\/103151\/revisions"}],"predecessor-version":[{"id":103252,"href":"https:\/\/www.uv.mx\/prensa\/wp-json\/wp\/v2\/posts\/103151\/revisions\/103252"}],"wp:featuredmedia":[{"embeddable":true,"href":"https:\/\/www.uv.mx\/prensa\/wp-json\/wp\/v2\/media\/103152"}],"wp:attachment":[{"href":"https:\/\/www.uv.mx\/prensa\/wp-json\/wp\/v2\/media?parent=103151"}],"wp:term":[{"taxonomy":"category","embeddable":true,"href":"https:\/\/www.uv.mx\/prensa\/wp-json\/wp\/v2\/categories?post=103151"},{"taxonomy":"post_tag","embeddable":true,"href":"https:\/\/www.uv.mx\/prensa\/wp-json\/wp\/v2\/tags?post=103151"}],"curies":[{"name":"wp","href":"https:\/\/api.w.org\/{rel}","templated":true}]}}