{"id":10302,"date":"2016-04-29T11:52:52","date_gmt":"2016-04-29T16:52:52","guid":{"rendered":"https:\/\/www.uv.mx\/prensa\/?p=10302"},"modified":"2016-04-29T12:28:41","modified_gmt":"2016-04-29T17:28:41","slug":"libros-infantiles-deben-tener-una-funcion-social-christel-guczka","status":"publish","type":"post","link":"https:\/\/www.uv.mx\/prensa\/general\/libros-infantiles-deben-tener-una-funcion-social-christel-guczka\/","title":{"rendered":"Libros infantiles deben tener una funci\u00f3n social: Christel Guczka"},"content":{"rendered":"<p>&nbsp;<\/p>\n<ul>\n<li><em>La escritora de origen canadiense destac\u00f3 que se debe inculcar una lectura de prevenci\u00f3n<\/em><\/li>\n<li><em>Es incongruente pensar que los ni\u00f1os est\u00e1n ajenos a temas como abuso sexual infantil, maltrato o violencia<\/em><\/li>\n<\/ul>\n<p>&nbsp;<\/p>\n<div id=\"attachment_10303\" style=\"width: 310px\" class=\"wp-caption aligncenter\"><a href=\"https:\/\/www.uv.mx\/prensa\/files\/2016\/04\/chirst.jpg\"><img loading=\"lazy\" decoding=\"async\" aria-describedby=\"caption-attachment-10303\" class=\"wp-image-10303 size-medium\" src=\"https:\/\/www.uv.mx\/prensa\/files\/2016\/04\/chirst-300x200.jpg\" alt=\"La escritora Christel Guczka platic\u00f3 con alumnos de la Facultad de Psicolog\u00eda de la UV\" width=\"300\" height=\"200\" srcset=\"https:\/\/www.uv.mx\/prensa\/files\/2016\/04\/chirst-300x200.jpg 300w, https:\/\/www.uv.mx\/prensa\/files\/2016\/04\/chirst.jpg 512w\" sizes=\"auto, (max-width: 300px) 100vw, 300px\" \/><\/a><p id=\"caption-attachment-10303\" class=\"wp-caption-text\">La escritora Christel Guczka platic\u00f3 con alumnos de la Facultad de Psicolog\u00eda de la UV<\/p><\/div>\n<p>&nbsp;<\/p>\n<p><strong><em>Claudia Peralta V\u00e1zquez<\/em><\/strong><\/p>\n<p>&nbsp;<\/p>\n<p><b><i><span lang=\"ES\">Xalapa, Ver. 29\/04\/2016.-<\/span><\/i><\/b><i> <\/i>La escritora Christel Guczka plante\u00f3 que el contenido de los libros infantiles, lejos de plasmar historias de hadas, princesas y aventura, deben tener una funci\u00f3n social y abordar temas que hagan reflexionar y sacudir al lector en torno a situaciones perturbadoras que se viven hoy en d\u00eda.<\/p>\n<p>La creadora literaria de origen canadiense ofreci\u00f3 una charla a estudiantes de la Facultad de Psicolog\u00eda de la Universidad Veracruzana (UV), como parte de las actividades de la XXIII Feria Internacional del Libro Universitario (FILU) 2016.<\/p>\n<p>Destac\u00f3 que ante evidencias de abuso sexual infantil, maltrato, violencia, bullying y otros fen\u00f3menos sociales, se debe inculcar una lectura de prevenci\u00f3n entre este sector.<\/p>\n<p>Guczka expres\u00f3 que es incongruente pensar que los ni\u00f1os son ajenos a estos temas, cuando las cifras son alarmantes en relaci\u00f3n a estos casos; por lo tanto, se ha dado a la tarea de elaborar materiales literarios que no son gozosos como los de cualquier fantas\u00eda, pero que tratan aspectos perturbadores de los que nadie desea hablar.<\/p>\n<p>\u201cLa funci\u00f3n social es ir m\u00e1s all\u00e1 del libro y aplicarlo en nuestro entorno, al final de cuentas todo libro merece llegar hasta esta parte.\u201d<\/p>\n<p>Se refiri\u00f3 a su cuento <em>Las fotos de Caro<\/em>, el cual plasma la historia de una ni\u00f1a que es abusada sexualmente por su t\u00edo. Tanto el di\u00e1logo como la imagen fueron planteados con tal precisi\u00f3n y cuidado, que fue elegido por la Secretar\u00eda de Educaci\u00f3n P\u00fablica (SEP) para su edici\u00f3n y distribuci\u00f3n en todas las escuelas de nivel primario del pa\u00eds, incluso gener\u00f3 un debate.<\/p>\n<p>\u201cHay un resquebrajamiento de la sociedad y de la autoestima que le sucede a cualquiera cuando es violentado.\u201d<\/p>\n<p>Christel Guczka refiri\u00f3 que M\u00e9xico es de los pa\u00edses con estad\u00edsticas altas en cuanto a <em>bullying <\/em>y abuso sexual infantil. Las formas de violencia sexual a menores se presentan a trav\u00e9s de violaci\u00f3n, hostigamiento sexual, pornograf\u00eda, y este problema se manifiesta no s\u00f3lo en casa, sino en espacios donde los ni\u00f1os laboran o estudian.<\/p>\n<div id=\"attachment_10308\" style=\"width: 310px\" class=\"wp-caption aligncenter\"><a href=\"https:\/\/www.uv.mx\/prensa\/files\/2016\/04\/FER_9150.jpg\"><img loading=\"lazy\" decoding=\"async\" aria-describedby=\"caption-attachment-10308\" class=\"wp-image-10308 size-medium\" src=\"https:\/\/www.uv.mx\/prensa\/files\/2016\/04\/FER_9150-300x200.jpg\" alt=\"Christel Guczka comparti\u00f3 cifras y datos con estudiantes\" width=\"300\" height=\"200\" srcset=\"https:\/\/www.uv.mx\/prensa\/files\/2016\/04\/FER_9150-300x200.jpg 300w, https:\/\/www.uv.mx\/prensa\/files\/2016\/04\/FER_9150.jpg 376w\" sizes=\"auto, (max-width: 300px) 100vw, 300px\" \/><\/a><p id=\"caption-attachment-10308\" class=\"wp-caption-text\">Christel Guczka comparti\u00f3 cifras y datos con estudiantes<\/p><\/div>\n<p>En 2012, la SEP revel\u00f3 147 denuncias en escuelas p\u00fablicas de la Ciudad de M\u00e9xico, durante los tres primeros meses del mismo a\u00f1o.<\/p>\n<p>Seg\u00fan el Fondo de las Naciones Unidas para la Infancia (UNICEF), M\u00e9xico ocupa uno de los primeros lugares en violencia sexual infantil, y se considera que por cada caso denunciado \u2013al cual no se le da seguimiento\u2013 existen 100 m\u00e1s que no se registran.<\/p>\n<p>Asimismo, de acuerdo a las estad\u00edsticas del Programa de Prevenci\u00f3n del Maltrato al Menor, de la Red de los Derechos de la Infancia, tambi\u00e9n en nuestro pa\u00eds, el 77 por ciento de las v\u00edctimas son ni\u00f1as, mientras que el resto son ni\u00f1os.<\/p>\n<p>En las ciudades de Tijuana, Distrito Federal, Guadalajara y Ciudad Ju\u00e1rez se registran los m\u00e1s altos \u00edndices de ni\u00f1as explotadas, el 80 por ciento tiene entre 10 y 14 a\u00f1os de edad.<\/p>\n<p>Al menos 250 mil ni\u00f1os est\u00e1n en el comercio sexual y, dentro de esta cifra, ni\u00f1os de meses de edad son de los m\u00e1s demandados en las redes.<\/p>\n<p>Cuando vemos estas cifras, pregunt\u00f3, \u00bfc\u00f3mo asombrarse de que un ni\u00f1o a trav\u00e9s de un libro se acerque a algo que vive a diario y con lo que est\u00e1 familiarizado directa o indirectamente? \u201cA fin de cuentas forma parte de su realidad, de una realidad que en su pa\u00eds se vive\u201d, concluy\u00f3.<\/p>\n","protected":false},"excerpt":{"rendered":"<p><strong><em>Claudia Peralta.-<\/em><\/strong> La escritora Christel Guczka plante\u00f3 que el contenido de los libros infantiles, lejos de plasmar historias de hadas, princesas y aventura, deben tener una funci\u00f3n social y abordar temas que hagan reflexionar y sacudir al lector en torno a situaciones perturbadoras que se viven hoy en d\u00eda.<\/p>\n","protected":false},"author":1810,"featured_media":10306,"comment_status":"closed","ping_status":"closed","sticky":false,"template":"","format":"standard","meta":{"footnotes":""},"categories":[1],"tags":[2],"class_list":["post-10302","post","type-post","status-publish","format-standard","has-post-thumbnail","hentry","category-general","tag-principal"],"_links":{"self":[{"href":"https:\/\/www.uv.mx\/prensa\/wp-json\/wp\/v2\/posts\/10302","targetHints":{"allow":["GET"]}}],"collection":[{"href":"https:\/\/www.uv.mx\/prensa\/wp-json\/wp\/v2\/posts"}],"about":[{"href":"https:\/\/www.uv.mx\/prensa\/wp-json\/wp\/v2\/types\/post"}],"author":[{"embeddable":true,"href":"https:\/\/www.uv.mx\/prensa\/wp-json\/wp\/v2\/users\/1810"}],"replies":[{"embeddable":true,"href":"https:\/\/www.uv.mx\/prensa\/wp-json\/wp\/v2\/comments?post=10302"}],"version-history":[{"count":0,"href":"https:\/\/www.uv.mx\/prensa\/wp-json\/wp\/v2\/posts\/10302\/revisions"}],"wp:featuredmedia":[{"embeddable":true,"href":"https:\/\/www.uv.mx\/prensa\/wp-json\/wp\/v2\/media\/10306"}],"wp:attachment":[{"href":"https:\/\/www.uv.mx\/prensa\/wp-json\/wp\/v2\/media?parent=10302"}],"wp:term":[{"taxonomy":"category","embeddable":true,"href":"https:\/\/www.uv.mx\/prensa\/wp-json\/wp\/v2\/categories?post=10302"},{"taxonomy":"post_tag","embeddable":true,"href":"https:\/\/www.uv.mx\/prensa\/wp-json\/wp\/v2\/tags?post=10302"}],"curies":[{"name":"wp","href":"https:\/\/api.w.org\/{rel}","templated":true}]}}