{"id":102905,"date":"2021-10-13T19:24:25","date_gmt":"2021-10-14T00:24:25","guid":{"rendered":"https:\/\/www.uv.mx\/prensa\/?p=102905"},"modified":"2021-10-13T19:24:25","modified_gmt":"2021-10-14T00:24:25","slug":"coordinadores-de-programas-transversales-presentaron-informes","status":"publish","type":"post","link":"https:\/\/www.uv.mx\/prensa\/regiones\/coordinadores-de-programas-transversales-presentaron-informes\/","title":{"rendered":"Coordinadores de programas transversales presentaron informes"},"content":{"rendered":"<ul>\n<li data-leveltext=\"\uf0b7\" data-font=\"Symbol\" data-listid=\"2\" data-aria-posinset=\"1\" data-aria-level=\"1\"><i><span data-contrast=\"none\">Participaron los titulares de 13 coordinaciones\u00a0de la regi\u00f3n Veracruz<\/span><\/i><span data-ccp-props=\"{}\">\u00a0<\/span><\/li>\n<\/ul>\n<p><span data-ccp-props=\"{}\">\u00a0<\/span><\/p>\n<div id=\"attachment_102906\" style=\"width: 732px\" class=\"wp-caption aligncenter\"><a href=\"https:\/\/www.uv.mx\/prensa\/files\/2021\/10\/131021-Informe_coordinaciones-100k.jpg\"><img aria-describedby=\"caption-attachment-102906\" decoding=\"async\" loading=\"lazy\" class=\"size-full wp-image-102906\" src=\"https:\/\/www.uv.mx\/prensa\/files\/2021\/10\/131021-Informe_coordinaciones-100k.jpg\" alt=\"Titulares de las coordinaciones de programas transversales compartieron con la comunidad universitaria de la regi\u00f3n Veracruz los logros durante el periodo 2020-2021 \" width=\"722\" height=\"406\" srcset=\"https:\/\/www.uv.mx\/prensa\/files\/2021\/10\/131021-Informe_coordinaciones-100k.jpg 722w, https:\/\/www.uv.mx\/prensa\/files\/2021\/10\/131021-Informe_coordinaciones-100k-300x169.jpg 300w\" sizes=\"(max-width: 722px) 100vw, 722px\" \/><\/a><p id=\"caption-attachment-102906\" class=\"wp-caption-text\">Titulares de las coordinaciones de programas transversales compartieron con la comunidad universitaria de la regi\u00f3n Veracruz los logros durante el periodo 2020-2021<\/p><\/div>\n<p>&nbsp;<\/p>\n<p><b><i><span data-contrast=\"none\">Aracely Hern\u00e1ndez,\u00a0Shuguey\u00a0Enr\u00edquez, Francisco Javier\u00a0Cha\u00edn\u00a0y Blanca Gonz\u00e1lez<\/span><\/i><\/b><span data-ccp-props=\"{}\">\u00a0<\/span><\/p>\n<p><b><i><span data-contrast=\"none\">13\/10\/2021, Veracruz,\u00a0Ver.-\u00a0<\/span><\/i><\/b><span data-contrast=\"none\">Las\u00a0coordinaciones\u00a0regionales de\u00a0programas\u00a0transversales,\u00a0adscritas a la Secretar\u00eda\u00a0Acad\u00e9mica y la Coordinaci\u00f3n\u00a0de Desarrollo Institucional\u00a0de la Universidad Veracruzana (UV),\u00a0en la regi\u00f3n Veracruz, presentaron sus informes de\u00a0actividades\u00a0correspondientes al\u00a0periodo 2020-2021,\u00a0el\u00a0pasado\u00a011 de octubre.<\/span><span data-ccp-props=\"{}\">\u00a0<\/span><\/p>\n<p><span data-contrast=\"none\">Atestiguaron la rendici\u00f3n, Rebeca Hern\u00e1ndez Ar\u00e1mburo, encargada de la Secretar\u00eda de Desarrollo Institucional; Alfonso Gerardo P\u00e9rez Morales, vicerrector de la regi\u00f3n Veracruz; Ulises Gonzalo Aguirre Orozco y Juan Pablo Mungu\u00eda<\/span><span data-contrast=\"none\">\u00a0<\/span><span data-contrast=\"none\">Tiburcio, secretarios regionales Acad\u00e9mico, y de Administraci\u00f3n y Finanzas, respectivamente, as\u00ed como Antonia Barranca Enr\u00edquez, coordinadora regional de Desarrollo Institucional.<\/span><span data-ccp-props=\"{&quot;335559731&quot;:720}\">\u00a0<\/span><\/p>\n<p><span data-contrast=\"none\">Rosa Isela Rodr\u00edguez Pena y\u00a0Rodolfo\u00a0Uscanga\u00a0Hermida,\u00a0de la\u00a0Coordinaci\u00f3n de Psicopedagog\u00eda,\u00a0destacaron que durante este a\u00f1o lectivo han tenido una participaci\u00f3n activa en todas las entidades de la regi\u00f3n, dando atenci\u00f3n permanente psicol\u00f3gica y pedag\u00f3gica a 400 alumnos.<\/span><span data-ccp-props=\"{&quot;335559731&quot;:720}\">\u00a0<\/span><\/p>\n<p><span data-contrast=\"none\">Para apoyar en los problemas escolares, se brindaron talleres y\u00a0se dise\u00f1aron carteles e infograf\u00edas de las 24 fortalezas de car\u00e1cter, tambi\u00e9n\u00a0se dio\u00a0atenci\u00f3n orientaci\u00f3n vocacional a 150 alumnos;\u00a0en este sentido,\u00a0destaca\u00a0la\u00a0participaci\u00f3n en Expo\u00a0Orienta con atenci\u00f3n a mil\u00a0600 j\u00f3venes aspirantes\u00a0a ingresar a la UV.\u00a0Adem\u00e1s\u00a0se\u00a0apoy\u00f3\u00a0a docentes\u00a0en\u00a0la implementaci\u00f3n de talleres\u00a0y cursos\u00a0del Programa de Formaci\u00f3n Acad\u00e9mica (<\/span><i><span data-contrast=\"none\">ProFA<\/span><\/i><span data-contrast=\"none\">).<\/span><span data-ccp-props=\"{&quot;335559731&quot;:720}\">\u00a0<\/span><\/p>\n<p><span data-contrast=\"none\">Los acad\u00e9micos comentaron tambi\u00e9n\u00a0el\u00a0\u00e9xito del programa\u00a0\u201cSin Barreras\u201d, que es una colaboraci\u00f3n de tutores y docentes enlaces para detectar a estudiantes con problemas psicopedag\u00f3gicos.<\/span><span data-ccp-props=\"{&quot;335559731&quot;:720}\">\u00a0<\/span><\/p>\n<p><span data-contrast=\"none\">Trabajaron eventos acad\u00e9micos como\u00a0webinarios, dos foros acad\u00e9micos\u00a0y dos eventos para conmemorar el\u00a0D\u00eda del Psicopedag\u00f3gico, talleres\u00a0con atenci\u00f3n a m\u00e1s de mil\u00a0500 estudiantes.<\/span><span data-ccp-props=\"{&quot;335559731&quot;:720}\">\u00a0<\/span><\/p>\n<p><span data-contrast=\"none\">Mar\u00eda\u00a0Esther Barradas Alarc\u00f3n, coordinadora regional de Inclusi\u00f3n, se\u00f1al\u00f3\u00a0que\u00a0en\u00a0la regi\u00f3n Veracruz existen 20 estudiantes\u00a0con alguna discapacidad.\u00a0En este tenor, se ha buscado ofrecer capacitaci\u00f3n a los enlaces por medios de cursos como lengua de se\u00f1as\u00a0mexicana, estrategia de ense\u00f1anza para estudiantes con discapacidad visual y\u00a0educaci\u00f3n inclusiva.<\/span><span data-ccp-props=\"{&quot;335559731&quot;:720}\">\u00a0<\/span><\/p>\n<p><span data-contrast=\"none\">Por otra parte,\u00a0mencion\u00f3\u00a0que\u00a0han\u00a0participado en la elaboraci\u00f3n de materiales y reglamento para la inclusi\u00f3n de estudiantes con discapacidad, tambi\u00e9n\u00a0organizaron\u00a0un foro internacional virtual de inclusi\u00f3n en educaci\u00f3n superior y en diciembre se realizar\u00e1\u00a0el segundo.<\/span><span data-ccp-props=\"{&quot;335559731&quot;:720}\">\u00a0<\/span><\/p>\n<p><span data-contrast=\"none\">Ricardo Flores Rodr\u00edguez, coordinador de Interculturalidad y G\u00e9nero, dijo que con la idea de\u00a0sensibilizar y\u00a0trasversalizar\u00a0el enfoque intercultural y de g\u00e9nero se impartieron experiencias educativas y\u00a0talleres.<\/span><span data-ccp-props=\"{&quot;335559731&quot;:720}\">\u00a0<\/span><\/p>\n<p><span data-contrast=\"none\">Mencion\u00f3\u00a0que se dise\u00f1\u00f3 y coordin\u00f3\u00a0el Diplomado Miradas Interculturales de las Artes, con estudiantes de otros pa\u00edses.\u00a0Tambi\u00e9n coment\u00f3\u00a0que han\u00a0establecido un v\u00ednculo con el Instituto Municipal de la Mujer de Boca del R\u00edo, lo que ha generado 34 pl\u00e1ticas en distintas entidades.<\/span><span data-ccp-props=\"{&quot;335559731&quot;:720}\">\u00a0<\/span><\/p>\n<p><span data-contrast=\"none\">Reyna Lorena Nevero Arriola, coordinadora regional del Sistema Universitario de Gesti\u00f3n Integral del riesgo (SUGIR), habl\u00f3 de\u00a0los trabajos de capacitaci\u00f3n de los enlaces, de la elaboraci\u00f3n de mapas de riesgo y de se\u00f1alizaci\u00f3n, as\u00ed\u00a0como la realizaci\u00f3n de simulacros y videos, todo ello en favor de la seguridad de los estudiantes.<\/span><span data-ccp-props=\"{&quot;335559731&quot;:720}\">\u00a0<\/span><\/p>\n<p><span data-contrast=\"none\">Para esto,\u00a0se realizaron 198 talleres, pl\u00e1ticas y otras actividades\u00a0en las que\u00a0participaron\u00a012\u00a0mil\u00a0722 integrantes de la comunidad universitaria.<\/span><span data-ccp-props=\"{&quot;335559731&quot;:720}\">\u00a0<\/span><\/p>\n<p><span data-contrast=\"none\">Se\u00f1al\u00f3\u00a0que el trabajo de la coordinaci\u00f3n estuvo m\u00e1s comprometido a causa de la pandemia, tanto en las entradas a las entidades como\u00a0en\u00a0el seguimiento de los casos de Covid-19, tambi\u00e9n se trabaj\u00f3\u00a0en coordinaci\u00f3n con Protecci\u00f3n\u00a0Civil de los ayuntamientos.<\/span><span data-ccp-props=\"{&quot;335559731&quot;:720}\">\u00a0<\/span><\/p>\n<p><span data-contrast=\"none\">Jos\u00e9\u00a0de Jes\u00fas Romero\u00a0Uscanga, coordinador regional de\u00a0Actividades\u00a0Deportivas,\u00a0inform\u00f3\u00a0sobre\u00a0los\u00a0trabajos\u00a0en\u00a0el\u00a0\u00c1rea de Formaci\u00f3n de Elecci\u00f3n\u00a0Libre (AFEL),\u00a0de la formaci\u00f3n de los\u00a0equipos representativos de la Universidad,\u00a0as\u00ed\u00a0como\u00a0de la promoci\u00f3n deportiva y del cuidado de la salud.<\/span><span data-ccp-props=\"{&quot;335559731&quot;:720}\">\u00a0<\/span><\/p>\n<p><span data-contrast=\"none\">Por su parte,\u00a0Armando L\u00f3pez Guerrero,\u00a0coordinador regional del Programa Institucional de Seguimiento de Egresados, explic\u00f3\u00a0que los objetivos\u00a0son aplicar encuestas para conocer los puntos de vista de clientes y\u00a0empleadores;\u00a0saber\u00a0si las competencias profesionales de egreso responden a las demandadas; identificar los conocimientos, habilidades y destrezas requeridos para los redise\u00f1os curriculares de los programas educativos (PE) de la UV.<\/span><span data-ccp-props=\"{&quot;335559731&quot;:720}\">\u00a0<\/span><\/p>\n<p><span data-contrast=\"none\">Inform\u00f3\u00a0que a la fecha\u00a0se realizaron 10\u00a0mil\u00a0514 encuestas, y de enero a julio otras mil\u00a017 que permitieron realizar un an\u00e1lisis de opini\u00f3n de estudiantes y empleadores.\u00a0Coment\u00f3\u00a0que realizaron ocho foros\u00a0virtuales\u00a0de egresados, as\u00ed como\u00a015 eventos y pl\u00e1ticas locales con egresados distinguidos.<\/span><span data-ccp-props=\"{&quot;335559731&quot;:720}\">\u00a0<\/span><\/p>\n<p><span data-contrast=\"none\">Yenny\u00a0Paola Carmona Figueroa, coordinadora del Programa de Salud Integral,\u00a0se\u00f1al\u00f3\u00a0que\u00a0la\u00a0vertiente principal\u00a0de este programa es la promoci\u00f3n de la salud desde todos los\u00a0\u00e1mbitos,\u00a0adem\u00e1s de temas como sustentabilidad, equidad de g\u00e9nero, arte, derechos humanos e interculturalidad.<\/span><span data-ccp-props=\"{&quot;335559731&quot;:720}\">\u00a0<\/span><\/p>\n<p><span data-contrast=\"none\">En este sentido,\u00a0se realizaron ocho Ferias de la Salud virtuales,\u00a0dos\u00a0de ellas internacionales con un\u00a0alcance a 34 mil 404 asistentes;\u00a0se\u00a0organiz\u00f3\u00a0el Primer\u00a0Rally Virtual por la Salud, y\u00a0se dieron servicios en cinco\u00a0m\u00f3dulos de atenci\u00f3n permanente en algunas facultades.\u00a0Asimismo, se trabaj\u00f3\u00a0en\u00a0diversas\u00a0campa\u00f1as\u00a0relacionadas con el medio ambiente, h\u00e1bitos saludables,\u00a0Covid-19,\u00a0y se\u00a0sumaron al\u00a0programa\u00a0\u201cConoce tu Universidad\u201d.<\/span><span data-ccp-props=\"{&quot;335559731&quot;:720}\">\u00a0<\/span><\/p>\n<p><span data-contrast=\"none\">Alicia Elena Urbina Gonz\u00e1lez,\u00a0coordinadora regional de Sustentabilidad,\u00a0destac\u00f3\u00a0que\u00a0se form\u00f3\u00a0la Comisi\u00f3n Regional de Sustentabilidad\u00a0y que\u00a0colaboraron en la elaboraci\u00f3n del Plan\u00a0Regional de\u00a0Sustentabilidad 2021-2022;\u00a0dijo que se cuenta con siete alumnos vocales representantes de cada\u00a0\u00e1rea y que forman parte de la Red Universitaria de Huertos de la\u00a0Coordinaci\u00f3n Universitaria de Sustentabilidad (<\/span><i><span data-contrast=\"none\">CoSustenta<\/span><\/i><span data-contrast=\"none\">).<\/span><span data-ccp-props=\"{&quot;335559731&quot;:720}\">\u00a0<\/span><\/p>\n<p><span data-contrast=\"none\">En\u00a0el\u00a0tema del cuidado del medio ambiente,\u00a0se\u00f1al\u00f3\u00a0que por primera vez se realiz\u00f3\u00a0en\u00a0la\u00a0regi\u00f3n la Jornada de Arborizaci\u00f3n\u00a0con la siembra 25 arbolitos en el\u00a0<\/span><i><span data-contrast=\"none\">campus<\/span><\/i><span data-contrast=\"none\">\u00a0universitario.<\/span><span data-ccp-props=\"{&quot;335559731&quot;:720}\">\u00a0<\/span><\/p>\n<p><span data-contrast=\"none\">El coordinador regional de la\u00a0Direcci\u00f3n General de Tecnolog\u00eda de la Informaci\u00f3n,\u00a0Uriel Heriberto Lomel\u00ed\u00a0Dorantes, mencion\u00f3\u00a0que\u00a0la infraestructura tecnol\u00f3gica cuenta con un enlace de\u00a0Internet para brindar una alta disponibilidad en el servicio.\u00a0Cuentan con 136 equipos de\u00a0<\/span><i><span data-contrast=\"none\">Access\u00a0Point<\/span><\/i><span data-contrast=\"none\">\u00a0desplegados en toda la regi\u00f3n para tener una mejor cobertura de red inal\u00e1mbrica.<\/span><span data-ccp-props=\"{&quot;335559731&quot;:720}\">\u00a0<\/span><\/p>\n<p><span data-contrast=\"none\">Destac\u00f3\u00a0que\u00a0por la contingencia\u00a0sanitaria\u00a0se tuvieron que hacer adecuaciones con el objetivo de facilitar el trabajo desde casa, por lo que se configur\u00f3\u00a0el acceso de Red Privada Virtual (VPN) a la comunidad universitaria,\u00a0que da acceso\u00a0al Sistema Integral de Informaci\u00f3n (SIIU)\u00a0desde cualquier conexi\u00f3n de Internet.<\/span><span data-ccp-props=\"{&quot;335559731&quot;:720}\">\u00a0<\/span><\/p>\n<p><span data-contrast=\"none\">Agreg\u00f3\u00a0que en el servicio de atenci\u00f3n t\u00e9cnica se crearon 194 cuentas institucionales y se atendieron 729 servicios,\u00a0se ha\u00a0atendido al personal brindado apoyo trav\u00e9s de las plataformas electr\u00f3nicas y por medio del\u00a0sistema de videoconferencias interactiva, para eventos como\u00a0cursos, talleres,\u00a0webinarios, Ferias de la Salud, congresos, foros, reuniones, comisiones de acreditaci\u00f3n, informes de labores, entregas de notas laudatorias, experiencias educativas, juntas acad\u00e9micas, entre otros,\u00a0atendiendo a un total de 61 mil 582 participantes.<\/span><span data-ccp-props=\"{&quot;335559731&quot;:720}\">\u00a0<\/span><\/p>\n<p><span data-contrast=\"none\">Frank Ram\u00edrez Mar\u00edn,\u00a0c<\/span><span data-contrast=\"none\">oordinador regional de Movilidad e Internacionalizaci\u00f3n,\u00a0destac\u00f3<\/span><span data-contrast=\"none\">\u00a0<\/span><span data-contrast=\"none\">la dimensi\u00f3n internacional que permea en los\u00a0PE\u00a0de la regi\u00f3n y la evidencia de esto es que en los institutos,\u00a0centros y\u00a0facultades\u00a0se llevan a cabo eventos que abordan temas acad\u00e9micos\u00a0que integran aspectos de la internacionalizaci\u00f3n como conferencias con invitados extranjeros, el uso de lenguas extranjeras para la ense\u00f1anza, as\u00ed\u00a0como foros regionales, estatales e internacionales.<\/span><span data-ccp-props=\"{&quot;335559731&quot;:720}\">\u00a0<\/span><\/p>\n<p><span data-contrast=\"none\">Dijo que la movilidad\u00a0mantuvo la tendencia que ya ven\u00eda reflejando en los a\u00f1os anteriores.\u00a0En\u00a0la modalidad virtual internacional, Veracruz particip\u00f3\u00a0con 30 estudiantes\u00a0y\u00a0ya se reflejaron los resultados de estudios de programas implementados\u00a0a trav\u00e9s de la publicaci\u00f3n de un art\u00edculo en una\u00a0revista\u00a0indexada de Colombia, adem\u00e1s de la publicaci\u00f3n de un cap\u00edtulo\u00a0en el segundo libro de la Direcci\u00f3n General de Relaciones Internacionales (DGRI).<\/span><span data-ccp-props=\"{&quot;335559731&quot;:720}\">\u00a0<\/span><\/p>\n<p><span data-contrast=\"none\">Ana Lilia Salda\u00f1a Ortiz, coordinadora regional de Difusi\u00f3n Cultural,\u00a0explic\u00f3\u00a0que las experiencias educativas que se ofrecieron a distancia registraron\u00a0un incremento de 16.40\u00a0por ciento\u00a0en\u00a0relaci\u00f3n\u00a0al periodo anterior.<\/span><span data-ccp-props=\"{&quot;335559731&quot;:720}\">\u00a0<\/span><\/p>\n<p><span data-contrast=\"none\">Coment\u00f3\u00a0que\u00a0a trav\u00e9s de sus 22 promotores culturales, se trabaj\u00f3\u00a0en\u00a0la vinculaci\u00f3n con la Secretar\u00eda de\u00a0Cultura, el Colegio Nacional,\u00a0la\u00a0Academia\u00a0Mexicana de Ciencias,\u00a0Ayuntamiento de Veracruz,\u00a0Secretar\u00eda de\u00a0Turismo y Cultura del Estado de Veracruz;\u00a0Instituto\u00a0Veracruzano de la Cultura\u00a0y\u00a0la empresa\u00a0Tenaris-Tamsa.<\/span><span data-ccp-props=\"{&quot;335559731&quot;:720}\">\u00a0<\/span><\/p>\n<p><span data-contrast=\"none\">Realizaron 170 presentaciones art\u00edsticas tanto presenciales como virtuales,\u00a0llegando a\u00a0823 mil 426 personas y por medio del\u00a0programa\u00a0\u201cArte desde el\u00a0interior\u201d\u00a0los grupos de la regi\u00f3n\u00a0tuvieron 20 presentaciones con un p\u00fablico conformado por 138 mil 840 personas a trav\u00e9s del\u00a0<\/span><i><span data-contrast=\"none\">Facebook<\/span><\/i><span data-contrast=\"none\">\u00a0de\u00a0Difusi\u00f3n\u00a0Cultural.<\/span><span data-ccp-props=\"{&quot;469777462&quot;:[708,1416,2124,2832,3540,4248,4956,5664,6372,7080,7788,8496,9204],&quot;469777927&quot;:[0,0,0,0,0,0,0,0,0,0,0,0,0],&quot;469777928&quot;:[1,1,1,1,1,1,1,1,1,1,1,1,1]}\">\u00a0<\/span><\/p>\n<p><span data-contrast=\"none\">Por\u00a0\u00faltimo,\u00a0Graciela L\u00f3pez Orozco, del\u00a0\u00e1rea\u00a0de Tutor\u00edas,\u00a0mencion\u00f3\u00a0que se establecieron diversas\u00a0estrategias\u00a0y\u00a0campa\u00f1as institucionales para acercarse a los\u00a0estudiantes,\u00a0con apoyo\u00a0de\u00a0las coordinaciones\u00a0regionales de Tutor\u00edas y del\u00a0Psicopedag\u00f3gico.<\/span><span data-ccp-props=\"{&quot;469777462&quot;:[708,1416,2124,2832,3540,4248,4956,5664,6372,7080,7788,8496,9204],&quot;469777927&quot;:[0,0,0,0,0,0,0,0,0,0,0,0,0],&quot;469777928&quot;:[1,1,1,1,1,1,1,1,1,1,1,1,1]}\">\u00a0<\/span><\/p>\n<p><span data-contrast=\"none\">Tambi\u00e9n\u00a0mencion\u00f3\u00a0que se ha conformado una comisi\u00f3n acad\u00e9mica para el fortalecimiento tutorial y human\u00edstico,\u00a0en el marco de los ejes del programa del rector Mart\u00edn Aguilar S\u00e1nchez, el cual\u00a0est\u00e1\u00a0dirigido a fortalecer las competencias tutoriales en los acad\u00e9micos que desempe\u00f1an esta funci\u00f3n.<\/span><span data-ccp-props=\"{&quot;469777462&quot;:[708,1416,2124,2832,3540,4248,4956,5664,6372,7080,7788,8496,9204],&quot;469777927&quot;:[0,0,0,0,0,0,0,0,0,0,0,0,0],&quot;469777928&quot;:[1,1,1,1,1,1,1,1,1,1,1,1,1]}\">\u00a0<\/span><\/p>\n","protected":false},"excerpt":{"rendered":"<p>El com\u00fan denominador fue el fortalecimiento de las relaciones entre los acad\u00e9micos y sus estudiantes <\/p>\n","protected":false},"author":1775,"featured_media":102907,"comment_status":"closed","ping_status":"closed","sticky":false,"template":"","format":"standard","meta":[],"categories":[61,32,55],"tags":[4084,4082,4085,4086,4083,2642,2459],"_links":{"self":[{"href":"https:\/\/www.uv.mx\/prensa\/wp-json\/wp\/v2\/posts\/102905"}],"collection":[{"href":"https:\/\/www.uv.mx\/prensa\/wp-json\/wp\/v2\/posts"}],"about":[{"href":"https:\/\/www.uv.mx\/prensa\/wp-json\/wp\/v2\/types\/post"}],"author":[{"embeddable":true,"href":"https:\/\/www.uv.mx\/prensa\/wp-json\/wp\/v2\/users\/1775"}],"replies":[{"embeddable":true,"href":"https:\/\/www.uv.mx\/prensa\/wp-json\/wp\/v2\/comments?post=102905"}],"version-history":[{"count":1,"href":"https:\/\/www.uv.mx\/prensa\/wp-json\/wp\/v2\/posts\/102905\/revisions"}],"predecessor-version":[{"id":102908,"href":"https:\/\/www.uv.mx\/prensa\/wp-json\/wp\/v2\/posts\/102905\/revisions\/102908"}],"wp:featuredmedia":[{"embeddable":true,"href":"https:\/\/www.uv.mx\/prensa\/wp-json\/wp\/v2\/media\/102907"}],"wp:attachment":[{"href":"https:\/\/www.uv.mx\/prensa\/wp-json\/wp\/v2\/media?parent=102905"}],"wp:term":[{"taxonomy":"category","embeddable":true,"href":"https:\/\/www.uv.mx\/prensa\/wp-json\/wp\/v2\/categories?post=102905"},{"taxonomy":"post_tag","embeddable":true,"href":"https:\/\/www.uv.mx\/prensa\/wp-json\/wp\/v2\/tags?post=102905"}],"curies":[{"name":"wp","href":"https:\/\/api.w.org\/{rel}","templated":true}]}}