{"id":102737,"date":"2021-10-11T11:59:59","date_gmt":"2021-10-11T16:59:59","guid":{"rendered":"https:\/\/www.uv.mx\/prensa\/?p=102737"},"modified":"2021-10-11T13:57:41","modified_gmt":"2021-10-11T18:57:41","slug":"egresado-de-educacion-fisica-cursara-posgrado-en-costa-rica","status":"publish","type":"post","link":"https:\/\/www.uv.mx\/prensa\/regiones\/egresado-de-educacion-fisica-cursara-posgrado-en-costa-rica\/","title":{"rendered":"Egresado de Educaci\u00f3n F\u00edsica cursar\u00e1 posgrado en Costa Rica"},"content":{"rendered":"<style type=\"text\/css\">\n  blockquote p { color: #28519b; font-family: helvetica; font-size: 1.4em; }<br \/><\/style>\n<ul>\n<li data-leveltext=\"\uf0b7\" data-font=\"Symbol\" data-listid=\"2\" data-aria-posinset=\"1\" data-aria-level=\"1\"><i><span data-contrast=\"none\">En el Centro de Investigaciones del Movimiento Humano\u00a0de la Universidad de Costa Rica<\/span><\/i><span data-ccp-props=\"{&quot;201341983&quot;:0,&quot;335559738&quot;:160,&quot;335559740&quot;:240,&quot;469777462&quot;:[720,1440,2160,2880,3600,4320,5040,5760,6480,7200,7920],&quot;469777927&quot;:[0,0,0,0,0,0,0,0,0,0,0],&quot;469777928&quot;:[1,1,1,1,1,1,1,1,1,1,1]}\">\u00a0<\/span><\/li>\n<\/ul>\n<p><span data-ccp-props=\"{&quot;201341983&quot;:0,&quot;335559738&quot;:160,&quot;335559740&quot;:240,&quot;469777462&quot;:[720,1440,2160,2880,3600,4320,5040,5760,6480,7200,7920],&quot;469777927&quot;:[0,0,0,0,0,0,0,0,0,0,0],&quot;469777928&quot;:[1,1,1,1,1,1,1,1,1,1,1]}\">\u00a0<\/span><\/p>\n<div id=\"attachment_102740\" style=\"width: 370px\" class=\"wp-caption aligncenter\"><a href=\"https:\/\/www.uv.mx\/prensa\/files\/2021\/10\/270921-VERACRUZ-Egresado-UV-cursara\u0301-posgrado-en-Costa-Rica-1-100k.jpg\"><img loading=\"lazy\" decoding=\"async\" aria-describedby=\"caption-attachment-102740\" class=\"size-full wp-image-102740\" src=\"https:\/\/www.uv.mx\/prensa\/files\/2021\/10\/270921-VERACRUZ-Egresado-UV-cursara\u0301-posgrado-en-Costa-Rica-1-100k.jpg\" alt=\"\u201cLa Universidad Veracruzana es mi alma mater y me sigue brindando formaci\u00f3n continua\u201d, dijo Eduardo Santiago L\u00f3pez \" width=\"360\" height=\"480\" srcset=\"https:\/\/www.uv.mx\/prensa\/files\/2021\/10\/270921-VERACRUZ-Egresado-UV-cursara\u0301-posgrado-en-Costa-Rica-1-100k.jpg 360w, https:\/\/www.uv.mx\/prensa\/files\/2021\/10\/270921-VERACRUZ-Egresado-UV-cursara\u0301-posgrado-en-Costa-Rica-1-100k-225x300.jpg 225w\" sizes=\"auto, (max-width: 360px) 100vw, 360px\" \/><\/a><p id=\"caption-attachment-102740\" class=\"wp-caption-text\">\u201cLa Universidad Veracruzana es mi alma mater y me sigue brindando formaci\u00f3n continua\u201d, dijo Eduardo Santiago L\u00f3pez<\/p><\/div>\n<p>&nbsp;<\/p>\n<p><span class=\"TextRun Highlight SCXW140432886 BCX8\" lang=\"ES-ES\" xml:lang=\"ES-ES\" data-contrast=\"none\"><span class=\"NormalTextRun SCXW140432886 BCX8\" data-ccp-charstyle=\"Ninguno\" data-ccp-charstyle-defn=\"{&quot;ObjectId&quot;:&quot;c38a566f-5191-49ef-bf7d-f6b58dc47fff|27&quot;,&quot;ClassId&quot;:1073872969,&quot;Properties&quot;:[134233614,&quot;true&quot;,201340122,&quot;1&quot;,335551547,&quot;1034&quot;,469775450,&quot;Ninguno&quot;,469778129,&quot;Ninguno&quot;]}\">\u201c<\/span><span class=\"NormalTextRun SCXW140432886 BCX8\" data-ccp-charstyle=\"Ninguno\">H<\/span><span class=\"NormalTextRun SCXW140432886 BCX8\" data-ccp-charstyle=\"Ninguno\">aber sido seleccionado para cursar un posgrado en el\u00a0<\/span><\/span><span class=\"TextRun Highlight SCXW140432886 BCX8\" lang=\"ES-ES\" xml:lang=\"ES-ES\" data-contrast=\"none\"><span class=\"NormalTextRun SCXW140432886 BCX8\" data-ccp-charstyle=\"Ninguno\">Cimohu<\/span><\/span><span class=\"TextRun Highlight SCXW140432886 BCX8\" lang=\"ES-ES\" xml:lang=\"ES-ES\" data-contrast=\"none\"><span class=\"NormalTextRun SCXW140432886 BCX8\" data-ccp-charstyle=\"Ninguno\">\u00a0<\/span><span class=\"NormalTextRun SCXW140432886 BCX8\" data-ccp-charstyle=\"Ninguno\">es algo que me llena de mucho orgullo<\/span><span class=\"NormalTextRun SCXW140432886 BCX8\" data-ccp-charstyle=\"Ninguno\">\u00a0ya que lo he anhelado mucho<\/span><span class=\"NormalTextRun SCXW140432886 BCX8\" data-ccp-charstyle=\"Ninguno\">;<\/span><span class=\"NormalTextRun SCXW140432886 BCX8\" data-ccp-charstyle=\"Ninguno\">\u00a0<\/span><span class=\"NormalTextRun SCXW140432886 BCX8\" data-ccp-charstyle=\"Ninguno\">el poder aportar a la ciencia<\/span><span class=\"NormalTextRun SCXW140432886 BCX8\" data-ccp-charstyle=\"Ninguno\">\u00a0me genera un grado de responsabilidad\u00a0<\/span><span class=\"NormalTextRun SCXW140432886 BCX8\" data-ccp-charstyle=\"Ninguno\">muy fuerte de que tengo que seguir dando pasos firmes con humildad, disciplina y concentraci<\/span><span class=\"NormalTextRun SCXW140432886 BCX8\" data-ccp-charstyle=\"Ninguno\">\u00f3<\/span><span class=\"NormalTextRun SCXW140432886 BCX8\" data-ccp-charstyle=\"Ninguno\">n<\/span><span class=\"NormalTextRun SCXW140432886 BCX8\" data-ccp-charstyle=\"Ninguno\">\u201d<\/span><span class=\"NormalTextRun SCXW140432886 BCX8\" data-ccp-charstyle=\"Ninguno\">, expres<\/span><span class=\"NormalTextRun SCXW140432886 BCX8\" data-ccp-charstyle=\"Ninguno\">\u00f3<\/span><span class=\"NormalTextRun SCXW140432886 BCX8\" data-ccp-charstyle=\"Ninguno\">.<\/span><\/span><\/p>\n<p>&nbsp;<\/p>\n<p><b><i><span data-contrast=\"none\">Shuguey\u00a0Enr\u00edquez\u00a0Ambell<\/span><\/i><\/b><\/p>\n<p><b><i><span data-contrast=\"none\">11\/10\/2021,\u00a0Veracruz, Ver.-\u00a0<\/span><\/i><\/b><span data-contrast=\"none\">Eduardo Santiago L\u00f3pez, egresado de la <a href=\"https:\/\/www.uv.mx\/veracruz\/edufisica\/\" target=\"_blank\" rel=\"noopener\">Facultad de Educaci\u00f3n F\u00edsica, Deporte y Recreaci\u00f3n<\/a> de la Universidad Veracruzana\u00a0(UV),\u00a0cursar\u00e1\u00a0un\u00a0posgrado en el Centro de Investigaciones del Movimiento Humano (<\/span><i><span data-contrast=\"none\">Cimohu<\/span><\/i><span data-contrast=\"none\">) de la Universidad de Costa Rica (UCR).<\/span><span data-ccp-props=\"{&quot;201341983&quot;:0,&quot;335559739&quot;:160,&quot;335559740&quot;:240}\">\u00a0<\/span><\/p>\n<p><span data-contrast=\"none\">En\u00a0entrevista para\u00a0<\/span><i><span data-contrast=\"none\">Universo<\/span><\/i><span data-contrast=\"none\">, Eduardo comparti\u00f3\u00a0que desde que cursaba el segundo semestre de\u00a0licenciatura tuvo acercamiento\u00a0con la UCR, a trav\u00e9s de la colaboraci\u00f3n en proyectos de investigaci\u00f3n, estancias en otros estados y congresos\u00a0internacionales organizados por la\u00a0Facultad de Educaci\u00f3n F\u00edsica.<\/span><span data-ccp-props=\"{&quot;201341983&quot;:0,&quot;335559731&quot;:708,&quot;335559739&quot;:160,&quot;335559740&quot;:240}\">\u00a0<\/span><\/p>\n<p><span data-contrast=\"none\">\u201cCon ese sue\u00f1o fue que vislumbr\u00e9\u00a0la posibilidad de que alg\u00fan d\u00eda podr\u00eda realizar un posgrado en ese pa\u00eds.\u201d<\/span><span data-ccp-props=\"{&quot;201341983&quot;:0,&quot;335559731&quot;:708,&quot;335559739&quot;:160,&quot;335559740&quot;:240}\">\u00a0<\/span><\/p>\n<p><span data-contrast=\"none\">Destac\u00f3\u00a0que ser egresado de la UV\u00a0es un honor,\u00a0\u201ces mi alma m\u00e1ter y es la que me brind\u00f3\u00a0y me sigue brindando\u00a0formaci\u00f3n continua\u201d.<\/span><span data-ccp-props=\"{&quot;201341983&quot;:0,&quot;335559731&quot;:708,&quot;335559739&quot;:160,&quot;335559740&quot;:240}\">\u00a0<\/span><\/p>\n<p><span data-contrast=\"none\">Eduardo Santiago\u00a0s<\/span><span data-contrast=\"none\">e\u00f1al\u00f3\u00a0que\u00a0el apoyo\u00a0de<\/span><b><span data-contrast=\"none\">\u00a0<\/span><\/b><span data-contrast=\"none\">sus profesores y del\u00a0director de la Facultad, Julio Alejandro G\u00f3mez Figueroa,\u00a0fue fundamental para que su inter\u00e9s y carrera se\u00a0encaminara al mundo de la investigaci\u00f3n.<\/span><span data-ccp-props=\"{&quot;201341983&quot;:0,&quot;335559738&quot;:160,&quot;335559740&quot;:240,&quot;469777462&quot;:[720,1440,2160,2880,3600,4320,5040,5760,6480,7200,7920],&quot;469777927&quot;:[0,0,0,0,0,0,0,0,0,0,0],&quot;469777928&quot;:[1,1,1,1,1,1,1,1,1,1,1]}\">\u00a0<\/span><\/p>\n<p><span data-contrast=\"none\">\u201cA\u00a0punto de egresar\u00a0ya ten\u00eda fija\u00a0la\u00a0meta\u00a0de continuar en la investigaci\u00f3n y\u00a0al\u00a0t\u00e9rmino\u00a0de mi posgrado\u00a0tener la oportunidad de compartir\u00a0ese conocimiento a mi Universidad\u201d, manifest\u00f3.<\/span><span data-ccp-props=\"{&quot;201341983&quot;:0,&quot;335559738&quot;:160,&quot;335559740&quot;:240,&quot;469777462&quot;:[720,1440,2160,2880,3600,4320,5040,5760,6480,7200,7920],&quot;469777927&quot;:[0,0,0,0,0,0,0,0,0,0,0],&quot;469777928&quot;:[1,1,1,1,1,1,1,1,1,1,1]}\">\u00a0<\/span><\/p>\n<p><span data-contrast=\"none\">En este sentido, cabe mencionar\u00a0que\u00a0durante su trayectoria acad\u00e9mica\u00a0Eduardo realiz\u00f3\u00a0dos estancias de investigaci\u00f3n en la Facultad de Deportes\u00a0de Universidad Aut\u00f3noma de Baja California (UABC), campus Tijuana y Ensenada.<\/span><span data-ccp-props=\"{&quot;201341983&quot;:0,&quot;335559738&quot;:160,&quot;335559740&quot;:240,&quot;469777462&quot;:[720,1440,2160,2880,3600,4320,5040,5760,6480,7200,7920],&quot;469777927&quot;:[0,0,0,0,0,0,0,0,0,0,0],&quot;469777928&quot;:[1,1,1,1,1,1,1,1,1,1,1]}\">\u00a0<\/span><\/p>\n<p><span data-contrast=\"none\">\u201cHaber sido seleccionado para cursar un posgrado en el\u00a0<\/span><i><span data-contrast=\"none\">Cimohu<\/span><\/i><span data-contrast=\"none\">\u00a0es algo que me llena de mucho orgullo\u00a0ya que lo he anhelado mucho;\u00a0el poder aportar a la ciencia\u00a0me genera un grado de responsabilidad\u00a0muy fuerte de que tengo que seguir dando pasos firmes con humildad, disciplina y concentraci\u00f3n\u201d, expres\u00f3.<\/span><span data-ccp-props=\"{&quot;201341983&quot;:0,&quot;335559731&quot;:708,&quot;335559739&quot;:160,&quot;335559740&quot;:240}\">\u00a0<\/span><\/p>\n<p><span data-contrast=\"none\">Santiago L\u00f3pez coment\u00f3\u00a0que se preparar\u00e1\u00a0f\u00edsica y mentalmente\u00a0\u201cpara\u00a0desempe\u00f1arme de la mejor forma en los retos\u00a0que se me presenten, aprovechar cada instante y tener una s\u00f3lida preparaci\u00f3n profesional\u201d.<\/span><span data-ccp-props=\"{&quot;201341983&quot;:0,&quot;335559738&quot;:160,&quot;335559740&quot;:240,&quot;469777462&quot;:[720,1440,2160,2880,3600,4320,5040,5760,6480,7200,7920],&quot;469777927&quot;:[0,0,0,0,0,0,0,0,0,0,0],&quot;469777928&quot;:[1,1,1,1,1,1,1,1,1,1,1]}\">\u00a0<\/span><\/p>\n<p><span data-contrast=\"none\">Coment\u00f3\u00a0que le\u00a0emociona el poder adentrarse m\u00e1s al mundo de la investigaci\u00f3n en colaboraciones internacionales.<\/span><span data-ccp-props=\"{&quot;201341983&quot;:0,&quot;335559738&quot;:160,&quot;335559740&quot;:240,&quot;469777462&quot;:[720,1440,2160,2880,3600,4320,5040,5760,6480,7200,7920],&quot;469777927&quot;:[0,0,0,0,0,0,0,0,0,0,0],&quot;469777928&quot;:[1,1,1,1,1,1,1,1,1,1,1]}\">\u00a0<\/span><\/p>\n<p><span data-contrast=\"none\">A\u00a0los\u00a0egresados\u00a0y a los\u00a0estudiantes\u00a0pr\u00f3ximos a egresar\u00a0les aconsej\u00f3\u00a0\u201cque aprovechen todas las oportunidades que brinda la UV,\u00a0as\u00ed\u00a0como\u00a0concentrarse en el perfil que m\u00e1s les agrade y trabajar sobre ello, ya que al estar a punto de\u00a0culminar\u00a0estar\u00e1n\u00a0m\u00e1s\u00a0identificados en la rama\u00a0que eligieron\u201d.<\/span><span data-ccp-props=\"{&quot;201341983&quot;:0,&quot;335559738&quot;:160,&quot;335559740&quot;:240,&quot;469777462&quot;:[720,1440,2160,2880,3600,4320,5040,5760,6480,7200,7920],&quot;469777927&quot;:[0,0,0,0,0,0,0,0,0,0,0],&quot;469777928&quot;:[1,1,1,1,1,1,1,1,1,1,1]}\">\u00a0<\/span><\/p>\n<p><span data-contrast=\"none\">Tambi\u00e9n les recomend\u00f3\u00a0estudiar idiomas,\u00a0\u201cla experiencia que tuve al\u00a0estudiar alem\u00e1n e ingl\u00e9s\u00a0me dio una perspectiva m\u00e1s amplia,\u00a0tambi\u00e9n puedo compartir que la investigaci\u00f3n me dio esa autonom\u00eda al estudiar\u201d.<\/span><span data-ccp-props=\"{&quot;201341983&quot;:0,&quot;335559738&quot;:160,&quot;335559740&quot;:240,&quot;469777462&quot;:[720,1440,2160,2880,3600,4320,5040,5760,6480,7200,7920],&quot;469777927&quot;:[0,0,0,0,0,0,0,0,0,0,0],&quot;469777928&quot;:[1,1,1,1,1,1,1,1,1,1,1]}\">\u00a0<\/span><\/p>\n<p><span data-contrast=\"none\">Por \u00faltimo, les exhort\u00f3 a\u00a0\u201cdirigirse con responsabilidad, humildad, disciplina y concentraci\u00f3n,\u00a0y nunca rendirse a los sue\u00f1os que se propongan\u201d.<\/span><span data-ccp-props=\"{&quot;201341983&quot;:0,&quot;335559738&quot;:160,&quot;335559740&quot;:240,&quot;469777462&quot;:[720,1440,2160,2880,3600,4320,5040,5760,6480,7200,7920],&quot;469777927&quot;:[0,0,0,0,0,0,0,0,0,0,0],&quot;469777928&quot;:[1,1,1,1,1,1,1,1,1,1,1]}\">\u00a0<\/span><\/p>\n","protected":false},"excerpt":{"rendered":"<p>Eduardo Santiago L\u00f3pez destac\u00f3 que ser egresado de la UV es un honor, \u201ces mi alma m\u00e1ter y es la que me brind\u00f3 y me sigue brindando formaci\u00f3n continua\u201d. <\/p>\n","protected":false},"author":1775,"featured_media":102740,"comment_status":"closed","ping_status":"closed","sticky":false,"template":"","format":"standard","meta":{"footnotes":""},"categories":[32,55],"tags":[4051,4052,4050,868,3064,83,4054,4053],"class_list":["post-102737","post","type-post","status-publish","format-standard","has-post-thumbnail","hentry","category-regiones","category-veracruz","tag-centro-de-investigaciones-del-movimiento-humano","tag-cimohu","tag-eduardo-santiago-lopez","tag-egresado","tag-facultad-de-educacion-fisica-deporte-y-recreacion","tag-posgrado","tag-ucr","tag-universidad-de-costa-rica"],"_links":{"self":[{"href":"https:\/\/www.uv.mx\/prensa\/wp-json\/wp\/v2\/posts\/102737","targetHints":{"allow":["GET"]}}],"collection":[{"href":"https:\/\/www.uv.mx\/prensa\/wp-json\/wp\/v2\/posts"}],"about":[{"href":"https:\/\/www.uv.mx\/prensa\/wp-json\/wp\/v2\/types\/post"}],"author":[{"embeddable":true,"href":"https:\/\/www.uv.mx\/prensa\/wp-json\/wp\/v2\/users\/1775"}],"replies":[{"embeddable":true,"href":"https:\/\/www.uv.mx\/prensa\/wp-json\/wp\/v2\/comments?post=102737"}],"version-history":[{"count":1,"href":"https:\/\/www.uv.mx\/prensa\/wp-json\/wp\/v2\/posts\/102737\/revisions"}],"predecessor-version":[{"id":102756,"href":"https:\/\/www.uv.mx\/prensa\/wp-json\/wp\/v2\/posts\/102737\/revisions\/102756"}],"wp:featuredmedia":[{"embeddable":true,"href":"https:\/\/www.uv.mx\/prensa\/wp-json\/wp\/v2\/media\/102740"}],"wp:attachment":[{"href":"https:\/\/www.uv.mx\/prensa\/wp-json\/wp\/v2\/media?parent=102737"}],"wp:term":[{"taxonomy":"category","embeddable":true,"href":"https:\/\/www.uv.mx\/prensa\/wp-json\/wp\/v2\/categories?post=102737"},{"taxonomy":"post_tag","embeddable":true,"href":"https:\/\/www.uv.mx\/prensa\/wp-json\/wp\/v2\/tags?post=102737"}],"curies":[{"name":"wp","href":"https:\/\/api.w.org\/{rel}","templated":true}]}}