{"id":102250,"date":"2021-09-29T11:34:41","date_gmt":"2021-09-29T16:34:41","guid":{"rendered":"https:\/\/www.uv.mx\/prensa\/?p=102250"},"modified":"2021-10-01T12:32:55","modified_gmt":"2021-10-01T17:32:55","slug":"emprender-es-el-primer-paso-para-crecer-y-crear-en-el-mundo-empresarial","status":"publish","type":"post","link":"https:\/\/www.uv.mx\/prensa\/general\/emprender-es-el-primer-paso-para-crecer-y-crear-en-el-mundo-empresarial\/","title":{"rendered":"Emprender es el primer paso para crecer y crear en el mundo empresarial"},"content":{"rendered":"<ul>\n<li data-leveltext=\"\uf0b7\" data-font=\"Symbol\" data-listid=\"1\" data-aria-posinset=\"1\" data-aria-level=\"1\"><i><span data-contrast=\"auto\">El m\u00e1ster en innovaci\u00f3n y liderazgo imparti\u00f3 la conferencia \u201c\u00bfPor qu\u00e9 emprender creativamente?\u201d,\u00a0en\u00a0la 2\u00aa Semana de Emprendimiento en Casa 2021<\/span><\/i><span data-ccp-props=\"{&quot;134233279&quot;:true,&quot;201341983&quot;:0,&quot;335559739&quot;:160,&quot;335559740&quot;:240}\">\u00a0<\/span><\/li>\n<li data-leveltext=\"\uf0b7\" data-font=\"Symbol\" data-listid=\"1\" data-aria-posinset=\"2\" data-aria-level=\"1\"><i><span data-contrast=\"auto\">Catedr\u00e1ticos de la UCM invitaron a estudiantes UV a cursar Diplomado en Emprendimiento, de forma virtual<\/span><\/i><span data-ccp-props=\"{&quot;134233279&quot;:true,&quot;201341983&quot;:0,&quot;335559739&quot;:160,&quot;335559740&quot;:240}\">\u00a0<\/span><\/li>\n<\/ul>\n<p><span data-ccp-props=\"{&quot;201341983&quot;:0,&quot;335559739&quot;:160,&quot;335559740&quot;:240}\">\u00a0<\/span><\/p>\n<div id=\"attachment_102251\" style=\"width: 732px\" class=\"wp-caption aligncenter\"><a href=\"https:\/\/www.uv.mx\/prensa\/files\/2021\/09\/280921-CLAUDIA-Hector-Palavicino-1-100k.jpg\"><img aria-describedby=\"caption-attachment-102251\" decoding=\"async\" loading=\"lazy\" class=\"size-full wp-image-102251\" src=\"https:\/\/www.uv.mx\/prensa\/files\/2021\/09\/280921-CLAUDIA-Hector-Palavicino-1-100k.jpg\" alt=\"H\u00e9ctor Palavicino dict\u00f3 la conferencia \u201c\u00bfPor qu\u00e9 emprender creativamente?\u201d \" width=\"722\" height=\"407\" srcset=\"https:\/\/www.uv.mx\/prensa\/files\/2021\/09\/280921-CLAUDIA-Hector-Palavicino-1-100k.jpg 722w, https:\/\/www.uv.mx\/prensa\/files\/2021\/09\/280921-CLAUDIA-Hector-Palavicino-1-100k-300x169.jpg 300w\" sizes=\"(max-width: 722px) 100vw, 722px\" \/><\/a><p id=\"caption-attachment-102251\" class=\"wp-caption-text\">H\u00e9ctor Palavicino dict\u00f3 la conferencia \u201c\u00bfPor qu\u00e9 emprender creativamente?\u201d<\/p><\/div>\n<p>&nbsp;<\/p>\n<p><b><i><span data-contrast=\"auto\">Claudia Peralta V\u00e1zquez<\/span><\/i><\/b><\/p>\n<p><b><i><span data-contrast=\"auto\">28\/09\/2021, Xalapa,\u00a0Ver.-\u00a0<\/span><\/i><\/b><span data-contrast=\"auto\">Emprender\u00a0es el primer paso para entrar a otro mundo\u00a0y,\u00a0si bien el comienzo no es f\u00e1cil, es necesario tener\u00a0fuerza,\u00a0voluntad\u00a0y\u00a0energ\u00eda positiva para no decaer y\u00a0alcanzar el sue\u00f1o que nos hace crecer y crear\u00a0en el \u00e1mbito empresarial,\u00a0expres\u00f3\u00a0H\u00e9ctor Palavicino,\u00a0consultor en Comunicaci\u00f3n Integral de\u00a0<\/span><i><span data-contrast=\"auto\">Marketing Pymes<\/span><\/i><span data-contrast=\"auto\">.<\/span><span data-ccp-props=\"{&quot;201341983&quot;:0,&quot;335559739&quot;:160,&quot;335559740&quot;:240}\">\u00a0<\/span><\/p>\n<p><span data-contrast=\"auto\">Durante su participaci\u00f3n virtual desde Santiago de Chile, el pasado 24 de septiembre, \u00faltimo d\u00eda de actividades de la\u00a02\u00aa Semana de Emprendimiento en Casa 2021, organizado por la Universidad Veracruzana (UV), a trav\u00e9s de la <a href=\"https:\/\/www.uv.mx\/vinculacion\/tag\/direccion-general-de-vinculacion\/\" target=\"_blank\" rel=\"noopener\">Direcci\u00f3n General de Vinculaci\u00f3n<\/a> (DGV),\u00a0el m\u00e1ster en innovaci\u00f3n y liderazgo imparti\u00f3 la conferencia \u201c\u00bfPor qu\u00e9 emprender creativamente?\u201d.<\/span><span data-ccp-props=\"{&quot;201341983&quot;:0,&quot;335559731&quot;:708,&quot;335559739&quot;:160,&quot;335559740&quot;:240}\">\u00a0<\/span><\/p>\n<p><span data-contrast=\"auto\">Emprender es una instancia importante que cambiar\u00e1 la vida de cualquiera, que llevada de\u00a0forma positiva\u00a0y con\u00a0pasi\u00f3n potencia\u00a0las habilidades y capacidades, se\u00f1al\u00f3 el especialista\u00a0dentro del\u00a0foro impulsado\u00a0tambi\u00e9n\u00a0por el Departamento de Desarrollo Emprendedor e Innovaci\u00f3n, y la Oficina\u00a0de Transferencia de Tecnolog\u00eda\u00a0de\u00a0la UV.<\/span><span data-ccp-props=\"{&quot;201341983&quot;:0,&quot;335559731&quot;:708,&quot;335559739&quot;:160,&quot;335559740&quot;:240}\">\u00a0<\/span><\/p>\n<p><span data-contrast=\"auto\">Subray\u00f3\u00a0que emprender de forma creativa genera nuevas ideas y\u00a0relaciones, no obstante, para ello debe activarse el cerebro y el pensamiento.\u00a0\u201cPor instinto y naturaleza,\u00a0cada mente\u00a0tiene capacidades,\u00a0el ser humano es creativo, nacemos con esa capacidad\u201d; sin embargo, cuando crecemos,\u00a0por razones culturales o sociales,\u00a0la creatividad\u00a0disminuye,\u00a0por ello existen\u00a0ciertas herramientas t\u00e9cnicas que aportan ayuda para potenciarla.<\/span><\/p>\n<div id=\"attachment_102252\" style=\"width: 732px\" class=\"wp-caption aligncenter\"><a href=\"https:\/\/www.uv.mx\/prensa\/files\/2021\/09\/280921-CLAUDIA-Hector-Palavicino-2-100k.jpg\"><img aria-describedby=\"caption-attachment-102252\" decoding=\"async\" loading=\"lazy\" class=\"size-full wp-image-102252\" src=\"https:\/\/www.uv.mx\/prensa\/files\/2021\/09\/280921-CLAUDIA-Hector-Palavicino-2-100k.jpg\" alt=\"Comunidad universitaria presenci\u00f3 la \u00faltima actividad de la 2\u00aa Semana de Emprendimiento en Casa 2021 \" width=\"722\" height=\"453\" srcset=\"https:\/\/www.uv.mx\/prensa\/files\/2021\/09\/280921-CLAUDIA-Hector-Palavicino-2-100k.jpg 722w, https:\/\/www.uv.mx\/prensa\/files\/2021\/09\/280921-CLAUDIA-Hector-Palavicino-2-100k-300x188.jpg 300w, https:\/\/www.uv.mx\/prensa\/files\/2021\/09\/280921-CLAUDIA-Hector-Palavicino-2-100k-200x125.jpg 200w\" sizes=\"(max-width: 722px) 100vw, 722px\" \/><\/a><p id=\"caption-attachment-102252\" class=\"wp-caption-text\">Comunidad universitaria presenci\u00f3 la \u00faltima actividad de la 2\u00aa Semana de Emprendimiento en Casa 2021<\/p><\/div>\n<p><span data-contrast=\"auto\">Un ejemplo\u00a0de lo anterior\u00a0son las lluvias de ideas, mapas mentales,\u00a0SCAMPER, analog\u00edas, o\u00a0Cre-In.<\/span><span data-ccp-props=\"{&quot;201341983&quot;:0,&quot;335559731&quot;:708,&quot;335559739&quot;:160,&quot;335559740&quot;:240}\">\u00a0<\/span><\/p>\n<p><span data-contrast=\"auto\">Desde su experiencia personal, comparti\u00f3 las veces que ha visto fracasar muchos peque\u00f1os, medianos o grandes negocios, mientras otros han sabido mantenerse y perdurar en el tiempo.<\/span><span data-ccp-props=\"{&quot;201341983&quot;:0,&quot;335559731&quot;:708,&quot;335559739&quot;:160,&quot;335559740&quot;:240}\">\u00a0<\/span><\/p>\n<p><span data-contrast=\"auto\">El Licenciado en Ciencias de las Comunicaciones por la Universidad Aut\u00f3noma de Chile\u00a0y\u00a0M\u00e1ster en Gesti\u00f3n de Tecnolog\u00eda de la\u00a0Informaci\u00f3n,\u00a0resalt\u00f3 la importancia de una\u00a0actitud positiva y creativa, buscar soluciones con una visi\u00f3n\u00a0de\u00a0360 grados\u00a0para tener una perspectiva global de la empresa.<\/span><span data-ccp-props=\"{&quot;201341983&quot;:0,&quot;335559731&quot;:708,&quot;335559739&quot;:160,&quot;335559740&quot;:240}\">\u00a0<\/span><\/p>\n<p><span data-contrast=\"auto\">\u201cNo quedarse arraigado o esclavizado en un lugar espec\u00edfico, adaptarse a ciertas situaciones, y tomar decisiones oportunas en el momento adecuado.\u201d<\/span><span data-ccp-props=\"{&quot;201341983&quot;:0,&quot;335559731&quot;:708,&quot;335559739&quot;:160,&quot;335559740&quot;:240}\">\u00a0<\/span><\/p>\n<p><span data-contrast=\"auto\">Por eso, dijo,\u00a0es importante desarrollar la capacidad personal, aprender a pensar,\u00a0analizar,\u00a0jugar con los tiempos y experimentar situaciones nuevas,\u00a0ponerse a prueba, practicar todos los d\u00edas y prepararse para ser el mejor y el m\u00e1s eficiente, dar lo mejor de uno.<\/span><\/p>\n<div id=\"attachment_102253\" style=\"width: 732px\" class=\"wp-caption aligncenter\"><a href=\"https:\/\/www.uv.mx\/prensa\/files\/2021\/09\/280921-CLAUDIA-Hector-Palavicino-3-100k.jpg\"><img aria-describedby=\"caption-attachment-102253\" decoding=\"async\" loading=\"lazy\" class=\"size-full wp-image-102253\" src=\"https:\/\/www.uv.mx\/prensa\/files\/2021\/09\/280921-CLAUDIA-Hector-Palavicino-3-100k.jpg\" alt=\"Gustavo Ra\u00fal Lejarriaga P\u00e9rez de las Vacas habl\u00f3 sobre la C\u00e1tedra de Emprendimiento Social UCM-Santander \" width=\"722\" height=\"407\" srcset=\"https:\/\/www.uv.mx\/prensa\/files\/2021\/09\/280921-CLAUDIA-Hector-Palavicino-3-100k.jpg 722w, https:\/\/www.uv.mx\/prensa\/files\/2021\/09\/280921-CLAUDIA-Hector-Palavicino-3-100k-300x169.jpg 300w\" sizes=\"(max-width: 722px) 100vw, 722px\" \/><\/a><p id=\"caption-attachment-102253\" class=\"wp-caption-text\">Gustavo Ra\u00fal Lejarriaga P\u00e9rez de las Vacas habl\u00f3 sobre la C\u00e1tedra de Emprendimiento Social UCM-Santander<\/p><\/div>\n<p><span data-contrast=\"auto\">Agreg\u00f3 que la relaci\u00f3n interpersonal ayuda a conocer a otras personas en el \u00e1mbito profesional\u00a0y\u00a0social,\u00a0genera conciencia de otros mundos, propicia el intercambio de pareceres y accede a ideas diferentes de otras realidades.<\/span><span data-ccp-props=\"{&quot;201341983&quot;:0,&quot;335559731&quot;:708,&quot;335559739&quot;:160,&quot;335559740&quot;:240}\">\u00a0<\/span><\/p>\n<p><span data-contrast=\"auto\">Tambi\u00e9n es relevante reconocer el esfuerzo de otros, formando parte de\u00a0una agrupaci\u00f3n, de un equipo de emprendedores, de una c\u00e1mara de comercio\u00a0o de una comunidad.\u00a0\u201cEso nos va enriqueciendo hasta generar v\u00ednculos m\u00e1s comerciales\u201d.<\/span><span data-ccp-props=\"{&quot;201341983&quot;:0,&quot;335559731&quot;:708,&quot;335559739&quot;:160,&quot;335559740&quot;:240}\">\u00a0<\/span><\/p>\n<p><span data-contrast=\"auto\">Por otra parte,\u00a0plante\u00f3 que las nuevas tecnolog\u00edas brindan la oportunidad de desarrollar una idea, mediante un\u00a0<\/span><i><span data-contrast=\"auto\">blog<\/span><\/i><span data-contrast=\"auto\">\u00a0o\u00a0<\/span><i><span data-contrast=\"auto\">podcast<\/span><\/i><span data-contrast=\"auto\">; y vender productos y servicios por medio de\u00a0<\/span><i><span data-contrast=\"auto\">e-commerce<\/span><\/i><span data-contrast=\"auto\">\/<\/span><i><span data-contrast=\"auto\">e-business<\/span><\/i><span data-contrast=\"auto\">, o de la\u00a0<\/span><i><span data-contrast=\"auto\">App<\/span><\/i><span data-contrast=\"auto\">\u00a0IOT que genera conexi\u00f3n y comunicaci\u00f3n con las cosas.<\/span><span data-ccp-props=\"{&quot;201341983&quot;:0,&quot;335559731&quot;:708,&quot;335559739&quot;:160,&quot;335559740&quot;:240}\">\u00a0<\/span><\/p>\n<p><span data-contrast=\"auto\">H\u00e9ctor Palavicino habl\u00f3 de la necesidad de capacitarse a medida que el negocio crezca y evolucione.<\/span><\/p>\n<p><b><span data-contrast=\"auto\">Catedr\u00e1ticos de la UCM invitaron a estudiantes UV a cursar Diplomado en Emprendimiento<br \/>\n<\/span><\/b><span data-contrast=\"auto\">Al t\u00e9rmino de la ponencia,\u00a0Gustavo Ra\u00fal\u00a0Lejarriaga\u00a0P\u00e9rez de las Vacas,\u00a0catedr\u00e1tico\u00a0de la Universidad Complutense de Madrid (UCM), destac\u00f3 la relaci\u00f3n que esta instituci\u00f3n mantiene con la UV, a trav\u00e9s de la DGV, en materia de emprendimiento social.<\/span><span data-ccp-props=\"{&quot;201341983&quot;:0,&quot;335559739&quot;:160,&quot;335559740&quot;:240}\">\u00a0<\/span><\/p>\n<p><span data-contrast=\"auto\">Dio a conocer que la\u00a0C\u00e1tedra\u00a0de\u00a0Emprendimiento Social\u00a0UCM-Santander,\u00a0que \u00e9l dirige, desarrolla diversas actividades docentes en materia de investigaci\u00f3n e impulso de nuevos proyectos, medio ambiente, salud, cultura y derechos humanos, entre otros.\u00a0<\/span><\/p>\n<div id=\"attachment_102254\" style=\"width: 732px\" class=\"wp-caption aligncenter\"><a href=\"https:\/\/www.uv.mx\/prensa\/files\/2021\/09\/280921-CLAUDIA-Hector-Palavicino-4-100k.jpg\"><img aria-describedby=\"caption-attachment-102254\" decoding=\"async\" loading=\"lazy\" class=\"size-full wp-image-102254\" src=\"https:\/\/www.uv.mx\/prensa\/files\/2021\/09\/280921-CLAUDIA-Hector-Palavicino-4-100k.jpg\" alt=\"Paloma Bel Dur\u00e1n, de la UCM, invit\u00f3 a estudiantes UV a cursar el Diplomado en Emprendimiento \" width=\"722\" height=\"407\" srcset=\"https:\/\/www.uv.mx\/prensa\/files\/2021\/09\/280921-CLAUDIA-Hector-Palavicino-4-100k.jpg 722w, https:\/\/www.uv.mx\/prensa\/files\/2021\/09\/280921-CLAUDIA-Hector-Palavicino-4-100k-300x169.jpg 300w\" sizes=\"(max-width: 722px) 100vw, 722px\" \/><\/a><p id=\"caption-attachment-102254\" class=\"wp-caption-text\">Paloma Bel Dur\u00e1n, de la UCM, invit\u00f3 a estudiantes UV a cursar el Diplomado en Emprendimiento<\/p><\/div>\n<p><span data-contrast=\"auto\">Dentro de la\u00a0c\u00e1tedra existe el Programa Internacional de Intercambio de Experiencias en Emprendimiento Social. Gracias a esta estrategia, estudiantes de universidades latinoamericanas visitan la UCM para conocer experiencias de emprendimiento social espa\u00f1olas, que pueden ser de inter\u00e9s para\u00a0los proyectos que desarrollan en sus respectivos pa\u00edses.<\/span><span data-ccp-props=\"{&quot;201341983&quot;:0,&quot;335559731&quot;:708,&quot;335559739&quot;:160,&quot;335559740&quot;:240}\">\u00a0<\/span><\/p>\n<p><span data-contrast=\"auto\">Paloma Bel Dur\u00e1n, de la Facultad de Ciencias Econ\u00f3micas y Empresariales\u00a0de la UCM, anunci\u00f3 que dentro de la c\u00e1tedra actualmente se oferta\u00a0el\u00a0Diplomado\u00a0en Emprendimiento,\u00a0de forma remota,\u00a0con el objetivo de estudiar y profundizar en todas las \u00e1reas referentes al modelo de negocios.<\/span><span data-ccp-props=\"{&quot;201341983&quot;:0,&quot;335559731&quot;:708,&quot;335559739&quot;:160,&quot;335559740&quot;:240}\">\u00a0<\/span><\/p>\n<p><span data-contrast=\"auto\">Es as\u00ed como\u00a0pueden elegirse asignaturas optativas\u00a0relacionadas con la innovaci\u00f3n y el emprendimiento social.\u00a0Una de ellas\u00a0es la de Laboratorio de Proyectos con vocaci\u00f3n de presencialidad.<\/span><span data-ccp-props=\"{&quot;201341983&quot;:0,&quot;335559731&quot;:708,&quot;335559739&quot;:160,&quot;335559740&quot;:240}\">\u00a0<\/span><\/p>\n<p><span data-contrast=\"auto\">\u201cCreemos que es atractiva porque pretendemos realizar una inmersi\u00f3n durante un mes en el ecosistema de emprendimiento de la UCM.\u201d<\/span><span data-ccp-props=\"{&quot;201341983&quot;:0,&quot;335559731&quot;:708,&quot;335559739&quot;:160,&quot;335559740&quot;:240}\">\u00a0<\/span><\/p>\n<p><span data-contrast=\"auto\">Detr\u00e1s de esta asignatura hay tanto una red de laboratorios de proyectos\u00a0como de universidades, entre ellas\u00a0la UV, para que los alumnos realicen intercambios y participen en esta actividad.<\/span><span data-ccp-props=\"{&quot;201341983&quot;:0,&quot;335559731&quot;:708,&quot;335559739&quot;:160,&quot;335559740&quot;:240}\">\u00a0<\/span><\/p>\n<p><span data-ccp-props=\"{&quot;201341983&quot;:0,&quot;335559739&quot;:160,&quot;335559740&quot;:240}\">\u00a0<\/span><\/p>\n","protected":false},"excerpt":{"rendered":"<p>Emprender es una instancia importante que cambiar\u00e1 la vida de cualquiera, que llevada de forma positiva y con pasi\u00f3n potencia las habilidades y capacidades: H\u00e9ctor Palavicino <\/p>\n","protected":false},"author":1775,"featured_media":102251,"comment_status":"closed","ping_status":"closed","sticky":false,"template":"","format":"standard","meta":[],"categories":[1],"tags":[3913,3871,3910,591,3909,995,994,3908,3911,3912,454],"_links":{"self":[{"href":"https:\/\/www.uv.mx\/prensa\/wp-json\/wp\/v2\/posts\/102250"}],"collection":[{"href":"https:\/\/www.uv.mx\/prensa\/wp-json\/wp\/v2\/posts"}],"about":[{"href":"https:\/\/www.uv.mx\/prensa\/wp-json\/wp\/v2\/types\/post"}],"author":[{"embeddable":true,"href":"https:\/\/www.uv.mx\/prensa\/wp-json\/wp\/v2\/users\/1775"}],"replies":[{"embeddable":true,"href":"https:\/\/www.uv.mx\/prensa\/wp-json\/wp\/v2\/comments?post=102250"}],"version-history":[{"count":1,"href":"https:\/\/www.uv.mx\/prensa\/wp-json\/wp\/v2\/posts\/102250\/revisions"}],"predecessor-version":[{"id":102386,"href":"https:\/\/www.uv.mx\/prensa\/wp-json\/wp\/v2\/posts\/102250\/revisions\/102386"}],"wp:featuredmedia":[{"embeddable":true,"href":"https:\/\/www.uv.mx\/prensa\/wp-json\/wp\/v2\/media\/102251"}],"wp:attachment":[{"href":"https:\/\/www.uv.mx\/prensa\/wp-json\/wp\/v2\/media?parent=102250"}],"wp:term":[{"taxonomy":"category","embeddable":true,"href":"https:\/\/www.uv.mx\/prensa\/wp-json\/wp\/v2\/categories?post=102250"},{"taxonomy":"post_tag","embeddable":true,"href":"https:\/\/www.uv.mx\/prensa\/wp-json\/wp\/v2\/tags?post=102250"}],"curies":[{"name":"wp","href":"https:\/\/api.w.org\/{rel}","templated":true}]}}