{"id":101982,"date":"2021-09-23T07:00:14","date_gmt":"2021-09-23T12:00:14","guid":{"rendered":"https:\/\/www.uv.mx\/prensa\/?p=101982"},"modified":"2021-09-27T12:14:23","modified_gmt":"2021-09-27T17:14:23","slug":"uv-25-anos-de-vinculacion-historia-de-las-brigadas-universitarias","status":"publish","type":"post","link":"https:\/\/www.uv.mx\/prensa\/banner\/uv-25-anos-de-vinculacion-historia-de-las-brigadas-universitarias\/","title":{"rendered":"UV, 25 a\u00f1os de vinculaci\u00f3n: Historia de las brigadas universitarias"},"content":{"rendered":"<ul>\n<li data-leveltext=\"\uf0b7\" data-font=\"Symbol\" data-listid=\"1\" data-aria-posinset=\"1\" data-aria-level=\"1\"><i><span data-contrast=\"auto\">Se crearon, en marzo de 1993, a iniciativa del rector Emilio Gidi Villarreal, con el objetivo de fortalecer el servicio social<\/span><\/i><span data-ccp-props=\"{&quot;134233279&quot;:true}\">\u00a0<\/span><\/li>\n<li data-leveltext=\"\uf0b7\" data-font=\"Symbol\" data-listid=\"1\" data-aria-posinset=\"2\" data-aria-level=\"1\"><i><span data-contrast=\"auto\">En 1996, tambi\u00e9n se cre\u00f3 la Direcci\u00f3n de Vinculaci\u00f3n con la fusi\u00f3n de diversas entidades universitarias\u00a0<\/span><\/i><span data-ccp-props=\"{&quot;134233279&quot;:true}\">\u00a0<\/span><\/li>\n<\/ul>\n<p>&nbsp;<\/p>\n<div id=\"attachment_101985\" style=\"width: 732px\" class=\"wp-caption aligncenter\"><a href=\"https:\/\/www.uv.mx\/prensa\/files\/2021\/09\/230821-Brigadas.jpg\"><img loading=\"lazy\" decoding=\"async\" aria-describedby=\"caption-attachment-101985\" class=\"size-full wp-image-101985\" src=\"https:\/\/www.uv.mx\/prensa\/files\/2021\/09\/230821-Brigadas.jpg\" alt=\"\" width=\"722\" height=\"481\" srcset=\"https:\/\/www.uv.mx\/prensa\/files\/2021\/09\/230821-Brigadas.jpg 722w, https:\/\/www.uv.mx\/prensa\/files\/2021\/09\/230821-Brigadas-300x200.jpg 300w\" sizes=\"auto, (max-width: 722px) 100vw, 722px\" \/><\/a><p id=\"caption-attachment-101985\" class=\"wp-caption-text\">\u201cHace falta la construcci\u00f3n de ese modelo de educaci\u00f3n superior que necesita la universidad p\u00fablica en M\u00e9xico\u201d: AlejandroMoreno Hern\u00e1ndez, ex<span data-contrast=\"auto\">titular de la Direcci\u00f3n General de Vinculaci\u00f3n<\/span><\/p><\/div>\n<p>&nbsp;<\/p>\n<p><b><i><span data-contrast=\"auto\">Karina de la Paz Reyes D\u00edaz<\/span><\/i><\/b><span data-ccp-props=\"{}\">\u00a0<\/span><\/p>\n<p><b><i><span data-contrast=\"auto\">23\/09\/2021, Xalapa, Ver.- <\/span><\/i><\/b><span data-contrast=\"auto\">Los\u00a0 25 a\u00f1os de vinculaci\u00f3n que la Universidad Veracruzana (UV) ha sostenido con las comunidades veracruzanas, as\u00ed como con los sectores empresarial y de servicios, han permitido que m\u00e1s de siete mil estudiantes interact\u00faen con la sociedad, adecuando lo aprendido en el aula con la vida cotidiana de las familias veracruzanas, inform\u00f3 Alejandro Moreno Hern\u00e1ndez, quien fuera titular de la <a href=\"https:\/\/www.uv.mx\/vinculacion\/tag\/direccion-general-de-vinculacion\/\" target=\"_blank\" rel=\"noopener\">Direcci\u00f3n General de Vinculaci\u00f3n<\/a> de esta casa de estudios.<\/span><span data-ccp-props=\"{}\">\u00a0<\/span><\/p>\n<p><span data-contrast=\"auto\">A prop\u00f3sito de esta celebraci\u00f3n, y para conocer detalles de la conformaci\u00f3n de las brigadas universitarias y en general del trabajo de vinculaci\u00f3n de la UV, se entrevist\u00f3 al antrop\u00f3logo Moreno Hern\u00e1ndez.<\/span><span data-ccp-props=\"{&quot;335559731&quot;:708}\">\u00a0<\/span><\/p>\n<p><span data-ccp-props=\"{}\">\u00a0<\/span><\/p>\n<p><b><span data-contrast=\"auto\">Las Brigadas Universitarias<\/span><\/b><span data-ccp-props=\"{}\">\u00a0<\/span><\/p>\n<p><span data-contrast=\"auto\">En marzo de 1993, a iniciativa del rector de la UV, Emilio Gidi Villarreal, se crean las Brigadas Universitarias en Servicio Social (BUSS), con el objetivo de fortalecer el servicio social universitario en beneficio de la poblaci\u00f3n de las zonas ind\u00edgenas, rurales y urbanas en condiciones de pobreza.<\/span><span data-ccp-props=\"{}\">\u00a0<\/span><\/p>\n<p><span data-contrast=\"auto\">Promover que los universitarios fueran al campo requiri\u00f3 de un presupuesto para costear su estancia por un a\u00f1o en las comunidades, el material y el equipo de trabajo para estar en condiciones de realizar su ejercicio profesional, por lo que se hizo un programa de consecuci\u00f3n de fondos desde la Direcci\u00f3n de Planeaci\u00f3n Institucional que permiti\u00f3 obtener un financiamiento por parte de la Fundaci\u00f3n Kellogg (por 822 mil d\u00f3lares).<\/span><span data-ccp-props=\"{}\">\u00a0<\/span><\/p>\n<p><span data-contrast=\"auto\">Asimismo, apoyos especiales por parte de la Secretar\u00eda de Educaci\u00f3n P\u00fablica (por seis millones de pesos) para facilitar la asistencia de m\u00e1s de 200 acad\u00e9micos en programas de desarrollo comunitario ofertados por diversas universidades del pa\u00eds; y de la Secretar\u00eda de Desarrollo Social (con 500 becas anuales).<\/span><span data-ccp-props=\"{&quot;335559731&quot;:708}\">\u00a0<\/span><\/p>\n<p><span data-contrast=\"auto\">\u201cEn 1996 se cre\u00f3 la Direcci\u00f3n de Vinculaci\u00f3n con la fusi\u00f3n de diversas entidades universitarias, estructurada en tres grandes \u00e1reas: Vinculaci\u00f3n Social, Vinculaci\u00f3n con el Sector Productivo (orientado principalmente a la peque\u00f1a y media a empresa) y la Vinculaci\u00f3n con el Gobierno Municipal\u201d, especific\u00f3 el antrop\u00f3logo.<\/span><span data-ccp-props=\"{&quot;335559731&quot;:708}\">\u00a0<\/span><\/p>\n<p><span data-contrast=\"auto\">\u201cEl primer paso fue realizar foros en cada una de las regiones de la UV, as\u00ed como uno estatal para recuperar la experiencia de vinculaci\u00f3n que los acad\u00e9micos hab\u00edan realizado: recuperar la historia para construir identidad.\u201d<\/span><span data-ccp-props=\"{&quot;335559731&quot;:708}\">\u00a0<\/span><\/p>\n<p><span data-contrast=\"auto\">Alejandro Moreno asegur\u00f3 que la vinculaci\u00f3n social es una de las fortalezas de la UV ya que en su mejor momento m\u00e1s de 500 universitarios de 31 disciplinas de las cinco regiones realizaron estancias anuales en m\u00e1s de 50 municipios del estado; se ganaron seis premios nacionales, uno estatal y el reconocimiento a nivel pa\u00eds.<\/span><span data-ccp-props=\"{&quot;335559731&quot;:708}\">\u00a0<\/span><\/p>\n<p><span data-contrast=\"auto\">As\u00ed, la Universidad fue sede de reuniones nacionales e internacionales en las que las instituciones de educaci\u00f3n superior (IES) compartieron sus experiencias de servicio social e integrantes de equipo se convirtieron en multiplicadores de la experiencia UV en materia de vinculaci\u00f3n.<\/span><span data-ccp-props=\"{&quot;335559731&quot;:708}\">\u00a0<\/span><\/p>\n<p><span data-contrast=\"auto\">\u201cDe tal forma que esta estructura que a\u00fan permanece en la Universidad es la \u00fanica en todo el pa\u00eds. Ninguna otra la tiene.\u201d<\/span><span data-ccp-props=\"{&quot;335559731&quot;:708}\">\u00a0<\/span><\/p>\n<p><b><span data-contrast=\"auto\">Institucionalizaci\u00f3n de la Vinculaci\u00f3n<\/span><\/b><span data-contrast=\"auto\">\u00a0<\/span><span data-ccp-props=\"{}\">\u00a0<\/span><\/p>\n<p><span data-contrast=\"auto\">El entrevistado narr\u00f3 la historia de los inicios de la institucionalizaci\u00f3n de la vinculaci\u00f3n en la UV, aderezada con frases tajantes como: \u201cEn trabajo de comunidad no se improvisa\u201d y \u201cla Universidad no es una agencia de desarrollo, porque no impactamos en la pobreza, no generamos empleo y vivienda, lo que se busca es la profesionalizaci\u00f3n de los universitarios mediante la transferencia de los conocimientos adquiridos en el aula y el laboratorio\u201d.<\/span><span data-ccp-props=\"{}\">\u00a0<\/span><\/p>\n<p><span data-contrast=\"auto\">Subray\u00f3 que la UV fue m\u00e1s all\u00e1 de lo convencional en la institucionalizaci\u00f3n de la vinculaci\u00f3n: se crearon coordinaciones regionales de vinculaci\u00f3n, se design\u00f3 un acad\u00e9mico responsable de la vinculaci\u00f3n en cada una de las entidades acad\u00e9micas; se instaur\u00f3 la experiencia educativa de Vinculaci\u00f3n y se cre\u00f3 el Sistema de Informaci\u00f3n para la Vinculaci\u00f3n Universitaria (SIVU).<\/span><span data-ccp-props=\"{&quot;335559731&quot;:708}\">\u00a0<\/span><\/p>\n<p><span data-ccp-props=\"{}\">\u00a0<\/span><\/p>\n<p><b><span data-contrast=\"auto\">A 25 a\u00f1os de vinculaci\u00f3n, una reflexi\u00f3n<\/span><\/b><span data-ccp-props=\"{}\">\u00a0<\/span><\/p>\n<p><span data-contrast=\"auto\">Alejandro Moreno, quien hace alrededor de una d\u00e9cada se jubil\u00f3 de la UV, expuso que paralelamente a los 25 a\u00f1os de la DGV, la pandemia y la llegada de una nueva administraci\u00f3n al gobierno federal est\u00e1n transformando el pa\u00eds, es decir, \u201cno hay una nueva normalidad, hay una nueva realidad\u201d.<\/span><span data-ccp-props=\"{}\">\u00a0<\/span><\/p>\n<p><span data-contrast=\"auto\">De ah\u00ed que conocer, analizar y explicarla es tarea de la comunidad acad\u00e9mica ya que es necesario construir nuevos marcos conceptuales y metodol\u00f3gicos para poder hacerlo.<\/span><span data-ccp-props=\"{&quot;335559731&quot;:708}\">\u00a0<\/span><\/p>\n<p><span data-contrast=\"auto\">Aclar\u00f3 que la transformaci\u00f3n de la UV no naci\u00f3 de copiar modelos de otras instituciones, sino de su propia historia. La Facultad de Psicolog\u00eda fue la mejor en Am\u00e9rica Latina, de igual manera destacan Derecho, Arquitectura, Arqueolog\u00eda (s\u00f3lo por mencionar algunas) a nivel nacional.<\/span><span data-ccp-props=\"{&quot;335559731&quot;:708}\">\u00a0<\/span><\/p>\n<p><span data-contrast=\"auto\">A ello sum\u00f3 los 25 a\u00f1os de vinculaci\u00f3n que han permitido que m\u00e1s de siete mil estudiantes interact\u00faen con la sociedad, adecuando lo aprendido en el aula con la vida cotidiana de las familias veracruzanas.<\/span><span data-ccp-props=\"{&quot;335559731&quot;:708}\">\u00a0<\/span><\/p>\n<p><span data-contrast=\"auto\">\u201cLa vinculaci\u00f3n contribuy\u00f3 a la formaci\u00f3n de nuevas generaciones de universitarios sensibles a los problemas sociales, especialmente los de la pobreza. Las experiencias de vinculaci\u00f3n ayudaron a los universitarios a humanizar su pr\u00e1ctica profesional.\u201d<\/span><span data-ccp-props=\"{}\">\u00a0<\/span><\/p>\n<p><span data-contrast=\"auto\">En ese contexto, propuso como primer paso evaluar toda la experiencia del Modelo Educativo Integral y Flexible (MEIF) para tener claro lo que se gan\u00f3 y lo que se perdi\u00f3; no obstante, para \u00e9l la oportunidad m\u00e1s importante y enriquecedora de la UV para estar en contacto con la realidad pr\u00e1cticamente se vino abajo, porque el servicio social se convirti\u00f3 en una experiencia educativa que se ten\u00eda que cursar en el aula o cerca de ella.<\/span><span data-ccp-props=\"{}\">\u00a0<\/span><\/p>\n<p><span data-contrast=\"auto\">\u201cAgr\u00f3nomos, bi\u00f3logos, veterinarios, antrop\u00f3logos, soci\u00f3logos, pedagogos, psic\u00f3logos, abogados, ingenieros civiles, mec\u00e1nicos, el\u00e9ctricos y un largo etc\u00e9tera, de s\u00fabito dejaron de ir a la comunidad, con excepci\u00f3n de los egresados de ciencias de la salud, ya que la Ley de Salud los obliga a hacer servicio social, es decir, dejaron de validar los conocimientos adquiridos en el aula con la realidad.<\/span><span data-ccp-props=\"{&quot;335559731&quot;:708}\">\u00a0<\/span><\/p>\n<p><span data-contrast=\"auto\">\u201dSe perdi\u00f3 el contacto con la realidad, que el universitario, como estudiante, pudiera saber que la pobreza tiene nombre y apellido, que la gente tiene valores y una manera de vivir de la cual aprendemos y nos educamos, conocer c\u00f3mo valoran la tierra, la vida, a s\u00ed mismos, y que tambi\u00e9n tienen muchas cosas que cambiar.\u201d<\/span><span data-ccp-props=\"{}\">\u00a0<\/span><\/p>\n<p><span data-contrast=\"auto\">El servicio social es una instituci\u00f3n hist\u00f3rica y de las aportaciones de la universidad p\u00fablica mexicana, que incluso ha sido adoptada por muchos pa\u00edses.<\/span><span data-ccp-props=\"{}\">\u00a0<\/span><\/p>\n<p><span data-contrast=\"auto\">El servicio social, insisti\u00f3, es la estrategia natural de las IES para conocer las formas en que la realidad se expresa en la sociedad; conocer las necesidades de la gente, de la empresa y del gobierno, as\u00ed como el deterioro del medio ambiente, para construir modelos curriculares que formen los profesionistas que la sociedad necesita.<\/span><span data-ccp-props=\"{}\">\u00a0<\/span><\/p>\n<p><span data-contrast=\"auto\">\u201cEl servicio social es la parte m\u00e1s importante de la vinculaci\u00f3n y los resultados de la vinculaci\u00f3n deben actualizar la docencia, al enriquecer el contenido de los planes y programas de estudio, y a partir del descubrimiento de los problemas sociales reorientar la investigaci\u00f3n.\u201d<\/span><span data-ccp-props=\"{}\">\u00a0<\/span><\/p>\n<p><span data-contrast=\"auto\">En sus palabras, la UV para transformarse y tener una mirada de futuro debe considerar el camino andado desde el \u00e1mbito de la vinculaci\u00f3n: \u201cS\u00f3lo se trata de revisar en nuestra propia casa, tenemos los instrumentos, la comunidad acad\u00e9mica, la visi\u00f3n, nos falta la propuesta\u201d; m\u00e1s a\u00fan, \u201chace falta la construcci\u00f3n de ese modelo de educaci\u00f3n superior que necesita la universidad p\u00fablica en M\u00e9xico\u201d, dijo a manera de dejar una reflexi\u00f3n para la comunidad universitaria.<\/span><span data-ccp-props=\"{}\">\u00a0<\/span><\/p>\n","protected":false},"excerpt":{"rendered":"<p>En este tiempo, m\u00e1s de siete mil estudiantes han interactuado con la sociedad, adecuando lo aprendido en el aula con la vida cotidiana de las familias veracruzanas<\/p>\n","protected":false},"author":1508,"featured_media":101986,"comment_status":"closed","ping_status":"closed","sticky":false,"template":"","format":"standard","meta":{"footnotes":""},"categories":[61],"tags":[],"class_list":["post-101982","post","type-post","status-publish","format-standard","has-post-thumbnail","hentry","category-banner"],"_links":{"self":[{"href":"https:\/\/www.uv.mx\/prensa\/wp-json\/wp\/v2\/posts\/101982","targetHints":{"allow":["GET"]}}],"collection":[{"href":"https:\/\/www.uv.mx\/prensa\/wp-json\/wp\/v2\/posts"}],"about":[{"href":"https:\/\/www.uv.mx\/prensa\/wp-json\/wp\/v2\/types\/post"}],"author":[{"embeddable":true,"href":"https:\/\/www.uv.mx\/prensa\/wp-json\/wp\/v2\/users\/1508"}],"replies":[{"embeddable":true,"href":"https:\/\/www.uv.mx\/prensa\/wp-json\/wp\/v2\/comments?post=101982"}],"version-history":[{"count":1,"href":"https:\/\/www.uv.mx\/prensa\/wp-json\/wp\/v2\/posts\/101982\/revisions"}],"predecessor-version":[{"id":102154,"href":"https:\/\/www.uv.mx\/prensa\/wp-json\/wp\/v2\/posts\/101982\/revisions\/102154"}],"wp:featuredmedia":[{"embeddable":true,"href":"https:\/\/www.uv.mx\/prensa\/wp-json\/wp\/v2\/media\/101986"}],"wp:attachment":[{"href":"https:\/\/www.uv.mx\/prensa\/wp-json\/wp\/v2\/media?parent=101982"}],"wp:term":[{"taxonomy":"category","embeddable":true,"href":"https:\/\/www.uv.mx\/prensa\/wp-json\/wp\/v2\/categories?post=101982"},{"taxonomy":"post_tag","embeddable":true,"href":"https:\/\/www.uv.mx\/prensa\/wp-json\/wp\/v2\/tags?post=101982"}],"curies":[{"name":"wp","href":"https:\/\/api.w.org\/{rel}","templated":true}]}}