{"id":101771,"date":"2021-09-15T13:54:21","date_gmt":"2021-09-15T18:54:21","guid":{"rendered":"https:\/\/www.uv.mx\/prensa\/?p=101771"},"modified":"2021-09-17T11:41:45","modified_gmt":"2021-09-17T16:41:45","slug":"rector-de-la-uv-y-directivos-redujeron-sus-compensaciones-mensuales","status":"publish","type":"post","link":"https:\/\/www.uv.mx\/prensa\/banner\/rector-de-la-uv-y-directivos-redujeron-sus-compensaciones-mensuales\/","title":{"rendered":"Rector de la UV y directivos redujeron sus compensaciones mensuales"},"content":{"rendered":"<ul>\n<li><em><span class=\"TextRun SCXW131078506 BCX0\" lang=\"ES-MX\" xml:lang=\"ES-MX\" data-contrast=\"auto\"><span class=\"NormalTextRun SCXW131078506 BCX0\">La medida tambi\u00e9n se aplicar\u00e1 a las compensaciones mensuales de funcionarias y funcionarios entrantes y abarcar\u00e1 hasta el nivel de directoras y directores generales\u00a0<\/span><\/span><span class=\"EOP SCXW131078506 BCX0\" data-ccp-props=\"{&quot;134233279&quot;:true}\">\u00a0<\/span><\/em><\/li>\n<\/ul>\n<p>&nbsp;<\/p>\n<div id=\"attachment_101777\" style=\"width: 732px\" class=\"wp-caption aligncenter\"><a href=\"https:\/\/www.uv.mx\/prensa\/files\/2021\/09\/150921-MAS-Comp-2.jpg\"><img aria-describedby=\"caption-attachment-101777\" decoding=\"async\" loading=\"lazy\" class=\"size-full wp-image-101777\" src=\"https:\/\/www.uv.mx\/prensa\/files\/2021\/09\/150921-MAS-Comp-2.jpg\" alt=\"\" width=\"722\" height=\"480\" srcset=\"https:\/\/www.uv.mx\/prensa\/files\/2021\/09\/150921-MAS-Comp-2.jpg 722w, https:\/\/www.uv.mx\/prensa\/files\/2021\/09\/150921-MAS-Comp-2-300x199.jpg 300w\" sizes=\"(max-width: 722px) 100vw, 722px\" \/><\/a><p id=\"caption-attachment-101777\" class=\"wp-caption-text\">La medida de reducci\u00f3n de compensaciones, aunque en porcentajes menores, se aplicar\u00e1 tambi\u00e9n a las y los funcionarios entrantes<\/p><\/div>\n<p>&nbsp;<\/p>\n<p><em><b>15\/09\/2021, Xalapa, Ver.-<\/b><\/em><span data-contrast=\"auto\"><em>\u00a0<\/em>En cumplimiento a los compromisos adquiridos en el\u00a0Plan de Trabajo Estrat\u00e9gico 2021-2025 \u201cPor una transformaci\u00f3n integral en la <a href=\"https:\/\/www.uv.mx\/\" target=\"_blank\" rel=\"noopener\">Universidad Veracruzana<\/a>\u201d, el rector\u00a0de esta casa de estudios\u00a0Mart\u00edn Aguilar S\u00e1nchez redujo en un 40 por ciento la compensaci\u00f3n mensual que recibe en sus percepciones\u00a0desde el momento de que asumi\u00f3 la responsabilidad,\u00a0este primero de septiembre.\u00a0<\/span><span data-ccp-props=\"{}\">\u00a0<\/span><\/p>\n<p><span data-contrast=\"auto\">\u00c9sta\u00a0es la primera medida que toma su administraci\u00f3n en cuanto al manejo austero, responsable y disciplinado de los recursos p\u00fablicos que recibe la\u00a0UV,\u00a0propuesto\u00a0en el proceso de designaci\u00f3n rectoral para construir una nueva\u00a0Universidad,\u00a0acorde a las circunstancias que vive el estado.\u00a0\u00a0<\/span><span data-ccp-props=\"{&quot;335559731&quot;:708}\">\u00a0<\/span><\/p>\n<p><span data-contrast=\"auto\">La\u00a0Rector\u00eda de la UV tambi\u00e9n inform\u00f3\u00a0que\u00a0la\u00a0medida de reducci\u00f3n de compensaciones, aunque en porcentajes menores, se\u00a0aplicar\u00e1\u00a0a las compensaciones mensuales de las y los funcionarios entrantes y abarcar\u00e1 hasta el nivel de Directores y Directoras Generales de la m\u00e1xima casa de estudios.<\/span><span data-ccp-props=\"{&quot;335559731&quot;:708}\">\u00a0<\/span><\/p>\n<p><span data-contrast=\"auto\">En el caso\u00a0del rector,\u00a0Mart\u00edn Aguilar S\u00e1nchez, la reducci\u00f3n del 40 por ciento ya se aplic\u00f3\u00a0en la\u00a0primera quincena que cobr\u00f3 en ejercicio del cargo.\u00a0<\/span><span data-ccp-props=\"{&quot;335559731&quot;:708}\">\u00a0<\/span><\/p>\n<p><span data-contrast=\"auto\">Cabe precisar que las percepciones del\u00a0Rector se integran por el sueldo tabular autorizado para el puesto en el apartado \u00fanico del anexo de ejecuci\u00f3n al\u00a0\u201cConvenio marco de colaboraci\u00f3n para el apoyo financiero\u201d, que celebraron el\u00a0Ejecutivo\u00a0Federal por conducto de la Secretar\u00eda de Educaci\u00f3n P\u00fablica;\u00a0el\u00a0Ejecutivo\u00a0Estatal y la\u00a0UV\u00a0para el presente ejercicio fiscal 2021, as\u00ed como por las prestaciones que de manera general se otorgan a los trabajadores universitarios.<\/span><span data-ccp-props=\"{&quot;335559731&quot;:708}\">\u00a0<\/span><\/p>\n","protected":false},"excerpt":{"rendered":"<p>Mart\u00edn Aguilar S\u00e1nchez redujo en un 40 por ciento la compensaci\u00f3n mensual que recibe en sus percepciones desde el momento de que asumi\u00f3 la responsabilidad<\/p>\n","protected":false},"author":1777,"featured_media":101778,"comment_status":"closed","ping_status":"closed","sticky":false,"template":"","format":"standard","meta":[],"categories":[61],"tags":[],"_links":{"self":[{"href":"https:\/\/www.uv.mx\/prensa\/wp-json\/wp\/v2\/posts\/101771"}],"collection":[{"href":"https:\/\/www.uv.mx\/prensa\/wp-json\/wp\/v2\/posts"}],"about":[{"href":"https:\/\/www.uv.mx\/prensa\/wp-json\/wp\/v2\/types\/post"}],"author":[{"embeddable":true,"href":"https:\/\/www.uv.mx\/prensa\/wp-json\/wp\/v2\/users\/1777"}],"replies":[{"embeddable":true,"href":"https:\/\/www.uv.mx\/prensa\/wp-json\/wp\/v2\/comments?post=101771"}],"version-history":[{"count":1,"href":"https:\/\/www.uv.mx\/prensa\/wp-json\/wp\/v2\/posts\/101771\/revisions"}],"predecessor-version":[{"id":101800,"href":"https:\/\/www.uv.mx\/prensa\/wp-json\/wp\/v2\/posts\/101771\/revisions\/101800"}],"wp:featuredmedia":[{"embeddable":true,"href":"https:\/\/www.uv.mx\/prensa\/wp-json\/wp\/v2\/media\/101778"}],"wp:attachment":[{"href":"https:\/\/www.uv.mx\/prensa\/wp-json\/wp\/v2\/media?parent=101771"}],"wp:term":[{"taxonomy":"category","embeddable":true,"href":"https:\/\/www.uv.mx\/prensa\/wp-json\/wp\/v2\/categories?post=101771"},{"taxonomy":"post_tag","embeddable":true,"href":"https:\/\/www.uv.mx\/prensa\/wp-json\/wp\/v2\/tags?post=101771"}],"curies":[{"name":"wp","href":"https:\/\/api.w.org\/{rel}","templated":true}]}}