{"id":101503,"date":"2021-09-09T09:51:39","date_gmt":"2021-09-09T14:51:39","guid":{"rendered":"https:\/\/www.uv.mx\/prensa\/?p=101503"},"modified":"2021-09-10T12:05:24","modified_gmt":"2021-09-10T17:05:24","slug":"miguel-flores-director-general-de-artes-recibio-reconocimiento-copaes-2021","status":"publish","type":"post","link":"https:\/\/www.uv.mx\/prensa\/banner\/miguel-flores-director-general-de-artes-recibio-reconocimiento-copaes-2021\/","title":{"rendered":"Miguel Flores, director general de Artes, recibi\u00f3 reconocimiento <em>Copaes<\/em> 2021"},"content":{"rendered":"<style type=\"text\/css\">\n  blockquote p { color: #28519b; font-family: helvetica; font-size: 1.4em; }<br \/><\/style>\n<ul>\n<li data-leveltext=\"\u25cf\" data-font=\"Arial\" data-listid=\"1\" data-aria-posinset=\"1\" data-aria-level=\"1\"><i><span data-contrast=\"auto\">El Consejo para la Acreditaci\u00f3n de la Educaci\u00f3n Superior,\u00a0A.C.\u00a0reconoci\u00f3 la labor del acad\u00e9mico de la UV\u00a0como evaluador y supervisor de los procesos de evaluaci\u00f3n\u00a0<\/span><\/i><span data-ccp-props=\"{&quot;201341983&quot;:0,&quot;335559740&quot;:240}\">\u00a0<\/span><\/li>\n<\/ul>\n<p><span data-ccp-props=\"{&quot;201341983&quot;:0,&quot;335559740&quot;:240}\">\u00a0<\/span><\/p>\n<div id=\"attachment_101512\" style=\"width: 732px\" class=\"wp-caption aligncenter\"><a href=\"https:\/\/www.uv.mx\/prensa\/files\/2021\/09\/080921-Reconocimiento-COPAES-director-de-Artes-1-100k2.jpg\"><img loading=\"lazy\" decoding=\"async\" aria-describedby=\"caption-attachment-101512\" class=\"size-full wp-image-101512\" src=\"https:\/\/www.uv.mx\/prensa\/files\/2021\/09\/080921-Reconocimiento-COPAES-director-de-Artes-1-100k2.jpg\" alt=\"Miguel Flores Covarrubias fue reconocido por su trayectoria en la evaluaci\u00f3n y acreditaci\u00f3n de la educaci\u00f3n superior\" width=\"722\" height=\"495\" srcset=\"https:\/\/www.uv.mx\/prensa\/files\/2021\/09\/080921-Reconocimiento-COPAES-director-de-Artes-1-100k2.jpg 722w, https:\/\/www.uv.mx\/prensa\/files\/2021\/09\/080921-Reconocimiento-COPAES-director-de-Artes-1-100k2-300x206.jpg 300w\" sizes=\"auto, (max-width: 722px) 100vw, 722px\" \/><\/a><p id=\"caption-attachment-101512\" class=\"wp-caption-text\">Miguel Flores Covarrubias fue reconocido por su trayectoria en la evaluaci\u00f3n y acreditaci\u00f3n de la educaci\u00f3n superior<\/p><\/div>\n<p>&nbsp;<\/p>\n<blockquote><p><span data-contrast=\"auto\">En\u00a0su\u00a0primera edici\u00f3n,\u00a0el premio se otorg\u00f3 a 53 evaluadores, quienes fueron postulados por sus respectivas instituciones de educaci\u00f3n superior<\/span><\/p><\/blockquote>\n<p>&nbsp;<\/p>\n<p><b><i><span data-contrast=\"auto\">David Sandoval Rodr\u00edguez<\/span><\/i><\/b><span data-ccp-props=\"{&quot;201341983&quot;:0,&quot;335559740&quot;:240}\">\u00a0<\/span><\/p>\n<p><b><i><span data-contrast=\"auto\">09\/09\/2021,\u00a0Xalapa, Ver.-<\/span><\/i><\/b><span data-contrast=\"auto\">\u00a0El Consejo para la Acreditaci\u00f3n de la Educaci\u00f3n Superior,\u00a0A.C. (<\/span><i><span data-contrast=\"auto\">Copaes<\/span><\/i><span data-contrast=\"auto\">),\u00a0entreg\u00f3 a Miguel Flores Covarrubias, director general del <a href=\"https:\/\/www.uv.mx\/artes\/\" target=\"_blank\" rel=\"noopener\">\u00c1rea Acad\u00e9mica de Artes<\/a> de la Universidad Veracruzana (UV), el Reconocimiento\u00a0<\/span><i><span data-contrast=\"auto\">Copaes<\/span><\/i><span data-contrast=\"auto\">\u00a02021 por su \u201csobresaliente trayectoria e invaluable compromiso como par evaluador en los procesos de acreditaci\u00f3n de\u00a0la educaci\u00f3n superior en M\u00e9xico.<\/span><span data-ccp-props=\"{&quot;201341983&quot;:0,&quot;335559740&quot;:240}\">\u00a0<\/span><\/p>\n<p><span data-contrast=\"auto\">En ceremonia celebrada de manera virtual el pasado 3 de septiembre,\u00a0el acad\u00e9mico fue reconocido en\u00a0la primera edici\u00f3n del premio, que se otorg\u00f3 a un grupo de 53 pares evaluadores,\u00a0quienes\u00a0fueron postulados por sus respectivas instituciones de educaci\u00f3n superior.<\/span><span data-ccp-props=\"{&quot;201341983&quot;:0,&quot;335559740&quot;:240}\">\u00a0<\/span><\/p>\n<p><span data-contrast=\"auto\">\u201cEste reconocimiento se entrega a quienes hemos estado involucrados ampliamente en procesos de acreditaci\u00f3n;\u00a0en mi caso,\u00a0tengo la ventaja de contar con la experiencia de ambos lados\u201d, coment\u00f3 Flores Covarrubias.<\/span><span data-ccp-props=\"{&quot;201341983&quot;:0,&quot;335559740&quot;:240}\">\u00a0<\/span><\/p>\n<p><span data-contrast=\"auto\">\u201cDesde la\u00a0Direcci\u00f3n General del \u00c1rea Acad\u00e9mica de Artes nos abocamos a la tarea de acreditar todos los programas educativos\u00a0e\u00a0involucrar a toda la comunidad ya\u00a0que\u00a0genera una cultura de la evaluaci\u00f3n con fines de acreditaci\u00f3n.\u201d<\/span><\/p>\n<div id=\"attachment_101505\" style=\"width: 732px\" class=\"wp-caption aligncenter\"><a href=\"https:\/\/www.uv.mx\/prensa\/files\/2021\/09\/080921-Reconocimiento-COPAES-director-de-Artes-2-100k.jpg\"><img loading=\"lazy\" decoding=\"async\" aria-describedby=\"caption-attachment-101505\" class=\"size-full wp-image-101505\" src=\"https:\/\/www.uv.mx\/prensa\/files\/2021\/09\/080921-Reconocimiento-COPAES-director-de-Artes-2-100k.jpg\" alt=\"El reconocimiento fue entregado de manera virtual \" width=\"722\" height=\"406\" srcset=\"https:\/\/www.uv.mx\/prensa\/files\/2021\/09\/080921-Reconocimiento-COPAES-director-de-Artes-2-100k.jpg 722w, https:\/\/www.uv.mx\/prensa\/files\/2021\/09\/080921-Reconocimiento-COPAES-director-de-Artes-2-100k-300x169.jpg 300w\" sizes=\"auto, (max-width: 722px) 100vw, 722px\" \/><\/a><p id=\"caption-attachment-101505\" class=\"wp-caption-text\">El reconocimiento fue entregado de manera virtual<\/p><\/div>\n<p><span data-contrast=\"auto\">Durante este tiempo, el directivo se\u00a0percat\u00f3 de la necesidad de formar a los propios acad\u00e9micos de la UV en las cualidades y caracter\u00edsticas para convertirse en evaluadores de los programas educativos.<\/span><span data-ccp-props=\"{&quot;201341983&quot;:0,&quot;335559740&quot;:240}\">\u00a0<\/span><\/p>\n<p><span data-contrast=\"auto\">\u201cTuvimos dos cursos con el Consejo para la Acreditaci\u00f3n de la Educaci\u00f3n Superior de las Artes (CAESA) y se invit\u00f3 a varios docentes de nuestra Universidad para ser evaluadores de programas a lo largo del pa\u00eds, tanto en la etapa prepand\u00e9mica como en la actualidad; al momento han participado docentes de todas las facultades, entre ellos <\/span><span data-contrast=\"auto\">la directora de la Facultad de Artes Pl\u00e1sticas, Ana Gabriela Ram\u00edrez Liz\u00e1rraga; la directora de la Facultad de Danza,\u00a0\u00a0Nahomi Bonilla Sainz, y el director de la Facultad de Teatro, Nerio Gonz\u00e1lez Morales.\u201d<\/span><span data-ccp-props=\"{&quot;201341983&quot;:0,&quot;335559740&quot;:240}\">\u00a0<\/span><\/p>\n<p><span data-contrast=\"auto\">En su labor como miembro del comit\u00e9 de acreditaci\u00f3n, Flores Covarrubias ha participado en varios niveles. Como evaluador ha conocido los programas educativos de casi todo el pa\u00eds,\u00a0y como supervisor ha observado los procesos de acreditaci\u00f3n de varias instituciones,\u00a0as\u00ed como otorgado los resultados finales de las evaluaciones, con excepci\u00f3n de todo lo relacionado con la UV, donde permanece completamente ajeno al proceso.<\/span><span data-ccp-props=\"{&quot;201341983&quot;:0,&quot;335559740&quot;:240}\">\u00a0<\/span><\/p>\n<p><span data-contrast=\"auto\">\u201cSon procesos que enriquecen en ambas direcciones porque,\u00a0a fin de cuentas, al observar la experiencia de los otros y al compartir la experiencia propia ocurre una din\u00e1mica positiva entre ambas instancias, esto\u00a0permite mejorar los propios procesos y\u00a0de los otros, que es una de las ventajas que brinda la evaluaci\u00f3n entre pares, porque se tiene una visi\u00f3n disciplinar, no de funcionario\u201d, explic\u00f3.<\/span><\/p>\n<div id=\"attachment_101506\" style=\"width: 732px\" class=\"wp-caption aligncenter\"><a href=\"https:\/\/www.uv.mx\/prensa\/files\/2021\/09\/080921-Reconocimiento-COPAES-director-de-Artes-3-100k.jpg\"><img loading=\"lazy\" decoding=\"async\" aria-describedby=\"caption-attachment-101506\" class=\"size-full wp-image-101506\" src=\"https:\/\/www.uv.mx\/prensa\/files\/2021\/09\/080921-Reconocimiento-COPAES-director-de-Artes-3-100k.jpg\" alt=\"Flores Covarrubias ha participado en los procesos de evaluaci\u00f3n y acreditaci\u00f3n de CAESA durante siete a\u00f1os \" width=\"722\" height=\"406\" srcset=\"https:\/\/www.uv.mx\/prensa\/files\/2021\/09\/080921-Reconocimiento-COPAES-director-de-Artes-3-100k.jpg 722w, https:\/\/www.uv.mx\/prensa\/files\/2021\/09\/080921-Reconocimiento-COPAES-director-de-Artes-3-100k-300x169.jpg 300w\" sizes=\"auto, (max-width: 722px) 100vw, 722px\" \/><\/a><p id=\"caption-attachment-101506\" class=\"wp-caption-text\">Flores Covarrubias ha participado en los procesos de evaluaci\u00f3n y acreditaci\u00f3n de CAESA durante siete a\u00f1os<\/p><\/div>\n<p><span data-contrast=\"auto\">El reconocimiento es el resultado de siete a\u00f1os de trabajo cuando comenz\u00f3 a involucrarse con CAESA en la revisi\u00f3n de sus reglamentos y estatutos e instrumentos de evaluaci\u00f3n.<\/span><span data-ccp-props=\"{&quot;201341983&quot;:0,&quot;335559740&quot;:240}\">\u00a0<\/span><\/p>\n<p><span data-contrast=\"auto\">\u201cEs tambi\u00e9n una manera de responder a lo que la sociedad nos est\u00e1 pidiendo, que es la Responsabilidad Social Universitaria, al demostrar la pertinencia de los estudios, que el dinero que se invierte en la educaci\u00f3n est\u00e1 siendo bien utilizado y sobre todo en un \u00e1rea que muchas veces es cuestionada: las artes\u201d, apunt\u00f3 Flores Covarrubias.<\/span><span data-ccp-props=\"{&quot;201341983&quot;:0,&quot;335559740&quot;:240}\">\u00a0<\/span><\/p>\n<p><span data-contrast=\"auto\">En todas las instituciones que se someten a estos procesos se busca la mejora de los programas y la rendici\u00f3n de cuentas, agreg\u00f3, \u201cestos procesos\u00a0permitir\u00e1n\u00a0seguir siendo pertinentes y\u00a0un par externo puede hacer sugerencias, por ello es un ejercicio muy saludable a todos los niveles\u201d.<\/span><span data-ccp-props=\"{&quot;201341983&quot;:0,&quot;335559740&quot;:240}\">\u00a0<\/span><\/p>\n<p><span data-contrast=\"auto\">Al evento virtual en que se entreg\u00f3 el reconocimiento asisti\u00f3 la secretaria Acad\u00e9mica,\u00a0Elena\u00a0Rustri\u00e1n\u00a0Portilla, en representaci\u00f3n institucional del rector Mart\u00edn Gerardo Aguilar S\u00e1nchez.<\/span><span data-ccp-props=\"{&quot;201341983&quot;:0,&quot;335559731&quot;:720,&quot;335559740&quot;:240}\">\u00a0<\/span><\/p>\n","protected":false},"excerpt":{"rendered":"<p>El Consejo para la Acreditaci\u00f3n de la Educaci\u00f3n Superior, A.C. reconoci\u00f3 la labor del acad\u00e9mico de la UV como evaluador y supervisor de los procesos de evaluaci\u00f3n <\/p>\n","protected":false},"author":1775,"featured_media":101511,"comment_status":"closed","ping_status":"closed","sticky":false,"template":"","format":"standard","meta":{"footnotes":""},"categories":[61],"tags":[450,3837,3838,988,3839,3840],"class_list":["post-101503","post","type-post","status-publish","format-standard","has-post-thumbnail","hentry","category-banner","tag-area-academica-de-artes","tag-consejo-para-la-acreditacion-de-la-educacion-superior","tag-copaes","tag-director-general","tag-miguel-flores-covarrubias","tag-reconocimiento-copaes-2021"],"_links":{"self":[{"href":"https:\/\/www.uv.mx\/prensa\/wp-json\/wp\/v2\/posts\/101503","targetHints":{"allow":["GET"]}}],"collection":[{"href":"https:\/\/www.uv.mx\/prensa\/wp-json\/wp\/v2\/posts"}],"about":[{"href":"https:\/\/www.uv.mx\/prensa\/wp-json\/wp\/v2\/types\/post"}],"author":[{"embeddable":true,"href":"https:\/\/www.uv.mx\/prensa\/wp-json\/wp\/v2\/users\/1775"}],"replies":[{"embeddable":true,"href":"https:\/\/www.uv.mx\/prensa\/wp-json\/wp\/v2\/comments?post=101503"}],"version-history":[{"count":1,"href":"https:\/\/www.uv.mx\/prensa\/wp-json\/wp\/v2\/posts\/101503\/revisions"}],"predecessor-version":[{"id":101592,"href":"https:\/\/www.uv.mx\/prensa\/wp-json\/wp\/v2\/posts\/101503\/revisions\/101592"}],"wp:featuredmedia":[{"embeddable":true,"href":"https:\/\/www.uv.mx\/prensa\/wp-json\/wp\/v2\/media\/101511"}],"wp:attachment":[{"href":"https:\/\/www.uv.mx\/prensa\/wp-json\/wp\/v2\/media?parent=101503"}],"wp:term":[{"taxonomy":"category","embeddable":true,"href":"https:\/\/www.uv.mx\/prensa\/wp-json\/wp\/v2\/categories?post=101503"},{"taxonomy":"post_tag","embeddable":true,"href":"https:\/\/www.uv.mx\/prensa\/wp-json\/wp\/v2\/tags?post=101503"}],"curies":[{"name":"wp","href":"https:\/\/api.w.org\/{rel}","templated":true}]}}