{"id":101346,"date":"2021-09-06T08:00:48","date_gmt":"2021-09-06T13:00:48","guid":{"rendered":"https:\/\/www.uv.mx\/prensa\/?p=101346"},"modified":"2021-09-09T14:54:47","modified_gmt":"2021-09-09T19:54:47","slug":"manati-animal-protector-de-los-lugares-que-habita-blanca-cortina","status":"publish","type":"post","link":"https:\/\/www.uv.mx\/prensa\/ciencia\/manati-animal-protector-de-los-lugares-que-habita-blanca-cortina\/","title":{"rendered":"Manat\u00ed, animal protector de los lugares  que habita: Blanca Cortina"},"content":{"rendered":"<ul>\n<li data-leveltext=\"\uf0b7\" data-font=\"Symbol\" data-listid=\"5\" data-aria-posinset=\"1\" data-aria-level=\"1\"><i><span data-contrast=\"auto\">El 7 de septiembre se celebra el D\u00eda Nacional de esta especie en M\u00e9xico<\/span><\/i><\/li>\n<li data-leveltext=\"\uf0b7\" data-font=\"Symbol\" data-listid=\"5\" data-aria-posinset=\"1\" data-aria-level=\"1\"><i><span data-contrast=\"auto\">Desde hace 25 a\u00f1os, la UV trabaja con el proyecto \u201cConservaci\u00f3n y recuperaci\u00f3n del manat\u00ed en el Sistema Lagunar de Alvarado\u201d<\/span><\/i><span data-ccp-props=\"{}\">\u00a0<\/span><\/li>\n<\/ul>\n<p>&nbsp;<\/p>\n<div id=\"attachment_101348\" style=\"width: 730px\" class=\"wp-caption aligncenter\"><a href=\"https:\/\/www.uv.mx\/prensa\/files\/2021\/09\/020921-Dia-Nacional-del-Manati-1.jpg\"><img loading=\"lazy\" decoding=\"async\" aria-describedby=\"caption-attachment-101348\" class=\"size-full wp-image-101348\" src=\"https:\/\/www.uv.mx\/prensa\/files\/2021\/09\/020921-Dia-Nacional-del-Manati-1.jpg\" alt=\"\" width=\"720\" height=\"480\" srcset=\"https:\/\/www.uv.mx\/prensa\/files\/2021\/09\/020921-Dia-Nacional-del-Manati-1.jpg 720w, https:\/\/www.uv.mx\/prensa\/files\/2021\/09\/020921-Dia-Nacional-del-Manati-1-300x200.jpg 300w\" sizes=\"auto, (max-width: 720px) 100vw, 720px\" \/><\/a><p id=\"caption-attachment-101348\" class=\"wp-caption-text\">La UV ha contribuido al crecimiento de las poblaciones de manat\u00edes en el Sistema Lagunar de Alvarado<\/p><\/div>\n<p>&nbsp;<\/p>\n<p><b><i><span data-contrast=\"auto\">Carlos Hugo Hermida Rosales<\/span><\/i><\/b><span data-ccp-props=\"{}\">\u00a0<\/span><\/p>\n<p><b><i><span data-contrast=\"auto\">06\/09\/2021,\u00a0Xalapa, Ver.- <\/span><\/i><\/b><span data-contrast=\"auto\">La cacer\u00eda furtiva, contaminaci\u00f3n y destrucci\u00f3n de sus h\u00e1bitats, as\u00ed como los golpes de las h\u00e9lices de las propelas de diversas embarcaciones, amenazan la vida del manat\u00ed, destac\u00f3 Blanca Cortina Julio, investigadora de la <a href=\"https:\/\/www.uv.mx\/\" target=\"_blank\" rel=\"noopener\">Universidad Veracruzana<\/a> (UV) y experta en este mam\u00edfero acu\u00e1tico y herb\u00edvoro.<\/span><span data-ccp-props=\"{}\">\u00a0<\/span><\/p>\n<p><span data-contrast=\"auto\">A prop\u00f3sito del D\u00eda Nacional del Manat\u00ed, que desde 1999 se celebra cada 7 de septiembre, la integrante del Instituto de Investigaciones Biol\u00f3gicas de esta casa de estudios, explic\u00f3 que una de las caracter\u00edsticas de estos animales es su lenta reproducci\u00f3n; las hembras tardan 12 meses en gestar a sus cr\u00edas, les amamantan entre uno y dos a\u00f1os y, en general, viven juntas de dos a cinco a\u00f1os.<\/span><span data-ccp-props=\"{&quot;335559731&quot;:708}\">\u00a0<\/span><\/p>\n<p><span data-contrast=\"auto\">Esta interdependencia es crucial para que sobrevivan, y cuando ello sucede y \u2013adem\u00e1s\u2013 logran sortear las amenazas antes citadas, los manat\u00edes pueden llegar a vivir cerca de 60 a\u00f1os.<\/span><span data-ccp-props=\"{&quot;335551550&quot;:1,&quot;335551620&quot;:1,&quot;335559731&quot;:708,&quot;335559740&quot;:259}\">\u00a0<\/span><\/p>\n<p><span data-contrast=\"auto\">De ah\u00ed la importancia de proyectos como el de \u201cConservaci\u00f3n y recuperaci\u00f3n del manat\u00ed en el Sistema Lagunar de Alvarado\u201d, desarrollado por la UV desde hace 25 a\u00f1os en este lugar y en el que diversas generaciones de estudiantes e investigadores han trabajado con pobladores de la regi\u00f3n, recuperando sus saberes e incentiv\u00e1ndolos a adoptar nuevas pr\u00e1cticas con esta especie en peligro de extinci\u00f3n.<\/span><span data-ccp-props=\"{&quot;335559731&quot;:708}\">\u00a0<\/span><\/p>\n<p><span data-contrast=\"auto\">Cortina Julio destac\u00f3 que el manat\u00ed es un animal protector de los lugares que habita. Se alimenta de mangle, pastos marinos, algas y lirios, por lo que es un excelente reciclador de nutrientes y abona distintas especies de flora que crecen en los humedales.<\/span><span data-ccp-props=\"{&quot;335559731&quot;:708}\">\u00a0<\/span><\/p>\n<p><span data-contrast=\"auto\">Adem\u00e1s de ello, esta especie indica la salud del entorno en donde vive, pues cuando enferma o muere es muestra de que algo se encuentra mal en la zona.<\/span><span data-ccp-props=\"{&quot;335559731&quot;:708}\">\u00a0<\/span><\/p>\n<p><span data-contrast=\"auto\">La bi\u00f3loga relat\u00f3 que en las culturas mesoamericanas el manat\u00ed era considerado la sirena de los humedales, aunque desgraciadamente era cazado y su carne considerada de excelente sabor.\u00a0<\/span><span data-ccp-props=\"{&quot;335559731&quot;:708}\">\u00a0<\/span><\/p>\n<p><span data-contrast=\"auto\">En M\u00e9xico este mam\u00edfero habita en los estados de Campeche, Chiapas, Tabasco, Quintana Roo y Veracruz. En entidades de otros pa\u00edses en los que habita, como Florida en Estados Unidos, no son cazados, pero s<\/span><span data-contrast=\"auto\">\u00ed<\/span><span data-contrast=\"auto\"> hay mucha mortandad debido a las colisiones con las embarcaciones.\u00a0<\/span><span data-ccp-props=\"{&quot;335559731&quot;:708}\">\u00a0<\/span><\/p>\n<p><span data-ccp-props=\"{&quot;335559731&quot;:708}\">\u00a0<\/span><\/p>\n<div id=\"attachment_101349\" style=\"width: 732px\" class=\"wp-caption aligncenter\"><a href=\"https:\/\/www.uv.mx\/prensa\/files\/2021\/09\/020921-Dia-Nacional-del-Manati-2.jpg\"><img loading=\"lazy\" decoding=\"async\" aria-describedby=\"caption-attachment-101349\" class=\"size-full wp-image-101349\" src=\"https:\/\/www.uv.mx\/prensa\/files\/2021\/09\/020921-Dia-Nacional-del-Manati-2.jpg\" alt=\"\" width=\"722\" height=\"481\" srcset=\"https:\/\/www.uv.mx\/prensa\/files\/2021\/09\/020921-Dia-Nacional-del-Manati-2.jpg 722w, https:\/\/www.uv.mx\/prensa\/files\/2021\/09\/020921-Dia-Nacional-del-Manati-2-300x200.jpg 300w\" sizes=\"auto, (max-width: 722px) 100vw, 722px\" \/><\/a><p id=\"caption-attachment-101349\" class=\"wp-caption-text\">Blanca Cortina con una cr\u00eda de manat\u00ed<\/p><\/div>\n<p>&nbsp;<\/p>\n<p><b><span data-contrast=\"auto\">Mucho trabajo por hacer<\/span><\/b><span data-ccp-props=\"{}\">\u00a0<\/span><\/p>\n<p><span data-contrast=\"auto\">Blanca Cortina enfatiz\u00f3 que en M\u00e9xico a\u00fan falta mucho trabajo para proteger al manat\u00ed, y coment\u00f3 que ante ello un grupo de investigadores de diversos centros e instituciones de educaci\u00f3n superior formaron el Comit\u00e9 T\u00e9cnico Consultivo para la Conservaci\u00f3n y Manejo del Manat\u00ed en M\u00e9xico.<\/span><span data-ccp-props=\"{}\">\u00a0<\/span><\/p>\n<p><span data-contrast=\"auto\">Este organismo, en el que la UV tiene presencia, trabaja en los estados donde habita esta especie, sensibilizan y brindan educaci\u00f3n ambiental a personas de las comunidades locales.\u00a0<\/span><span data-ccp-props=\"{&quot;335559731&quot;:708}\">\u00a0<\/span><\/p>\n<p><span data-contrast=\"auto\">La investigadora comparti\u00f3 que en el estado de Veracruz habitan manat\u00edes en el r\u00edo Coatzacoalcos, en la cuenca del Papaloapan y en el Sistema Lagunar de Alvarado, entre otros lugares.<\/span><span data-ccp-props=\"{&quot;335559731&quot;:708}\">\u00a0<\/span><\/p>\n<p><span data-contrast=\"auto\">Es en esta \u00faltima \u00e1rea en donde la UV realiza el proyecto \u201cConservaci\u00f3n y recuperaci\u00f3n del manat\u00ed en el Sistema Lagunar de Alvarado\u201d.<\/span><span data-ccp-props=\"{&quot;335559731&quot;:708}\">\u00a0<\/span><\/p>\n<p><span data-contrast=\"auto\">Gracias a ello, habitantes de localidades de la regi\u00f3n como Nacaxtle, Pajarillo y Costa de San Juan que antes cazaban la especie, comenzaron a entender su importancia ecol\u00f3gica y ahora la protegen.\u00a0<\/span><span data-ccp-props=\"{&quot;335559731&quot;:708}\">\u00a0<\/span><\/p>\n<p><span data-contrast=\"auto\">Estas acciones han logrado que las poblaciones de manat\u00edes en la regi\u00f3n crezcan, y los lugare\u00f1os cada vez ven a m\u00e1s grupos de estos animales reproduci\u00e9ndose y aliment\u00e1ndose, as\u00ed como a madres con sus cr\u00edas.\u00a0<\/span><span data-ccp-props=\"{&quot;335559731&quot;:708}\">\u00a0<\/span><\/p>\n<p><span data-contrast=\"auto\">El \u00e9xito de este proyecto, agreg\u00f3 Cortina, se bas\u00f3 en que al trabajar con pobladores de las localidades mencionadas tambi\u00e9n aprovecharon el conocimiento que ellos tienen sobre el manat\u00ed, cuyos h\u00e1bitos conocen en gran medida debido al contacto que tienen con este herb\u00edvoro.\u00a0<\/span><span data-ccp-props=\"{&quot;335559731&quot;:708}\">\u00a0<\/span><\/p>\n<p><span data-contrast=\"auto\">\u201cLos habitantes de la regi\u00f3n saben identificar cuando hay manat\u00edes cerca, conocen a la perfecci\u00f3n las zonas de pastos acu\u00e1ticos donde se alimentan\u201d, enfatiz\u00f3.\u00a0<\/span><span data-ccp-props=\"{&quot;335559731&quot;:708}\">\u00a0<\/span><\/p>\n<p><span data-contrast=\"auto\">Destac\u00f3 que pobladores de localidades aleda\u00f1as al Sistema Lagunar de Alvarado formaron un grupo local para la conservaci\u00f3n del manat\u00ed, que cuenta con el apoyo de la Procuradur\u00eda Federal de Protecci\u00f3n al Ambiente y la Comisi\u00f3n Nacional de \u00c1reas Naturales Protegidas.\u00a0<\/span><span data-ccp-props=\"{&quot;335559731&quot;:708}\">\u00a0<\/span><\/p>\n<p><span data-contrast=\"auto\">Ellos son los encargados de avisar a las autoridades gubernamentales o al personal de la UV cuando existe alg\u00fan manat\u00ed varado o herido, para que se le brinde la atenci\u00f3n necesaria.<\/span><span data-ccp-props=\"{&quot;335559731&quot;:708}\">\u00a0<\/span><\/p>\n<p><span data-contrast=\"auto\">La bi\u00f3loga comparti\u00f3 que actualmente, a trav\u00e9s del IIB,\u00a0se trabaja con un proyecto de tesis que busca desarrollar un centro de rehabilitaci\u00f3n para la conservaci\u00f3n de manat\u00edes en el humedal de Alvarado, lo que ser<\/span><span data-contrast=\"auto\">\u00ed<\/span><span data-contrast=\"auto\">a un avance fundamental para la preservaci\u00f3n de la especie.\u00a0<\/span><span data-ccp-props=\"{&quot;335559731&quot;:708}\">\u00a0<\/span><\/p>\n","protected":false},"excerpt":{"rendered":"<p>Desde hace 25 a\u00f1os, la UV trabaja con el proyecto \u201cConservaci\u00f3n y recuperaci\u00f3n del manat\u00ed en el Sistema Lagunar de Alvarado\u201d\u00a0<\/p>\n","protected":false},"author":1508,"featured_media":101367,"comment_status":"closed","ping_status":"closed","sticky":false,"template":"","format":"standard","meta":{"footnotes":""},"categories":[45,61],"tags":[],"class_list":["post-101346","post","type-post","status-publish","format-standard","has-post-thumbnail","hentry","category-ciencia","category-banner"],"_links":{"self":[{"href":"https:\/\/www.uv.mx\/prensa\/wp-json\/wp\/v2\/posts\/101346","targetHints":{"allow":["GET"]}}],"collection":[{"href":"https:\/\/www.uv.mx\/prensa\/wp-json\/wp\/v2\/posts"}],"about":[{"href":"https:\/\/www.uv.mx\/prensa\/wp-json\/wp\/v2\/types\/post"}],"author":[{"embeddable":true,"href":"https:\/\/www.uv.mx\/prensa\/wp-json\/wp\/v2\/users\/1508"}],"replies":[{"embeddable":true,"href":"https:\/\/www.uv.mx\/prensa\/wp-json\/wp\/v2\/comments?post=101346"}],"version-history":[{"count":1,"href":"https:\/\/www.uv.mx\/prensa\/wp-json\/wp\/v2\/posts\/101346\/revisions"}],"predecessor-version":[{"id":101524,"href":"https:\/\/www.uv.mx\/prensa\/wp-json\/wp\/v2\/posts\/101346\/revisions\/101524"}],"wp:featuredmedia":[{"embeddable":true,"href":"https:\/\/www.uv.mx\/prensa\/wp-json\/wp\/v2\/media\/101367"}],"wp:attachment":[{"href":"https:\/\/www.uv.mx\/prensa\/wp-json\/wp\/v2\/media?parent=101346"}],"wp:term":[{"taxonomy":"category","embeddable":true,"href":"https:\/\/www.uv.mx\/prensa\/wp-json\/wp\/v2\/categories?post=101346"},{"taxonomy":"post_tag","embeddable":true,"href":"https:\/\/www.uv.mx\/prensa\/wp-json\/wp\/v2\/tags?post=101346"}],"curies":[{"name":"wp","href":"https:\/\/api.w.org\/{rel}","templated":true}]}}