{"id":101199,"date":"2021-08-30T18:01:53","date_gmt":"2021-08-30T23:01:53","guid":{"rendered":"https:\/\/www.uv.mx\/prensa\/?p=101199"},"modified":"2021-09-01T13:37:18","modified_gmt":"2021-09-01T18:37:18","slug":"fispa-inicio-festejos-por-su-25-aniversario","status":"publish","type":"post","link":"https:\/\/www.uv.mx\/prensa\/regiones\/fispa-inicio-festejos-por-su-25-aniversario\/","title":{"rendered":"FISPA inici\u00f3 festejos por su 25 aniversario"},"content":{"rendered":"<div id=\"attachment_101200\" style=\"width: 732px\" class=\"wp-caption aligncenter\"><a href=\"https:\/\/www.uv.mx\/prensa\/files\/2021\/08\/02062021-CECILIA-25-01-100k.jpg\"><img loading=\"lazy\" decoding=\"async\" aria-describedby=\"caption-attachment-101200\" class=\"size-full wp-image-101200\" src=\"https:\/\/www.uv.mx\/prensa\/files\/2021\/08\/02062021-CECILIA-25-01-100k.jpg\" alt=\"Nayib Bechara \u00c1car Mart\u00ednez, director de la FISPA \" width=\"722\" height=\"421\" srcset=\"https:\/\/www.uv.mx\/prensa\/files\/2021\/08\/02062021-CECILIA-25-01-100k.jpg 722w, https:\/\/www.uv.mx\/prensa\/files\/2021\/08\/02062021-CECILIA-25-01-100k-300x175.jpg 300w\" sizes=\"auto, (max-width: 722px) 100vw, 722px\" \/><\/a><p id=\"caption-attachment-101200\" class=\"wp-caption-text\">Nayib Bechara \u00c1car Mart\u00ednez, director de la FISPA<\/p><\/div>\n<p>&nbsp;<\/p>\n<p><b><i><span data-contrast=\"auto\">Cecilia Escribano\u00a0Reyes<\/span><\/i><\/b><span data-ccp-props=\"{&quot;201341983&quot;:0,&quot;335559739&quot;:160,&quot;335559740&quot;:240}\">\u00a0<\/span><\/p>\n<p><b><i><span data-contrast=\"auto\">30\/08\/2021, Coatzacoalcos,\u00a0Ver.-\u00a0<\/span><\/i><\/b><span data-contrast=\"auto\">La\u00a0<a href=\"https:\/\/www.uv.mx\/coatza\/fispa\/\" target=\"_blank\" rel=\"noopener\">Facultad de Ingenier\u00eda en Sistemas de Producci\u00f3n Agropecuaria<\/a> (FISPA)\u00a0de la Universidad Veracruzana,\u00a0regi\u00f3n Coatzacoalcos-Minatitl\u00e1n,\u00a0inici\u00f3\u00a0el\u00a027 de agosto\u00a0los festejos\u00a0por\u00a0sus 25\u00a0aniversario con\u00a0el\u00a0VII Foro\u00a0Acad\u00e9mico \u201c25 a\u00f1os formando profesionales l\u00edderes en Sistemas de Producci\u00f3n Agropecuaria\u201d.<\/span><span data-ccp-props=\"{&quot;201341983&quot;:0,&quot;335559739&quot;:160,&quot;335559740&quot;:240}\">\u00a0<\/span><\/p>\n<p><span data-contrast=\"auto\">A\u00a0la\u00a0inauguraci\u00f3n\u00a0a trav\u00e9s de la plataforma\u00a0<\/span><i><span data-contrast=\"auto\">Zoom-UV<\/span><\/i><span data-contrast=\"auto\">\u00a0se dieron cita:\u00a0Carlos Lamothe Zavaleta, vicerrector;\u00a0Domingo Canales\u00a0Espinosa, director general del \u00c1rea\u00a0Acad\u00e9mica\u00a0de\u00a0Ciencias\u00a0Biol\u00f3gicas\u00a0y\u00a0Agropecuarias; Mar\u00eda In\u00e9s Quevedo L\u00f3pez, secretaria regional de Administraci\u00f3n y Finanzas;\u00a0Nayib\u00a0Bechara\u00a0\u00c1car\u00a0Mart\u00ednez,\u00a0Jos\u00e9 Orlando Ram\u00edrez Valencia\u00a0y\u00a0Mayda\u00a0Liv Rend\u00f3n S\u00e1nchez,\u00a0director,\u00a0secretario\u00a0y\u00a0administradora\u00a0de la FISPA,\u00a0respectivamente\u00a0as\u00ed como\u00a0acad\u00e9micos y estudiantes.<\/span><span data-ccp-props=\"{&quot;201341983&quot;:0,&quot;335559731&quot;:708,&quot;335559739&quot;:160,&quot;335559740&quot;:240}\">\u00a0<\/span><\/p>\n<p><span data-contrast=\"auto\">\u00c1car\u00a0Mart\u00ednez\u00a0dio la bienvenida a la celebraci\u00f3n y\u00a0explic\u00f3 que\u00a0hace 25 a\u00f1os\u00a0se fund\u00f3\u00a0la\u00a0FISPA\u00a0para formar profesionistas\u00a0que\u00a0atendieran\u00a0bajo un enfoque integral todos los elementos que intervienen y favorecen\u00a0el desarrollo de la producci\u00f3n agropecuaria.<\/span><span data-ccp-props=\"{&quot;201341983&quot;:0,&quot;335559731&quot;:708,&quot;335559739&quot;:160,&quot;335559740&quot;:240}\">\u00a0<\/span><\/p>\n<p><span data-contrast=\"auto\">\u201cUn recuento de los \u00faltimos a\u00f1os servir\u00e1 para\u00a0mostrar el crecimiento\u00a0que la Facultad ha tenido,\u00a0fortaleciendo su presencia en Acayucan y reafirmando la pertinencia social en la regi\u00f3n con gran potencial agropecuario.\u201d<\/span><\/p>\n<div id=\"attachment_101201\" style=\"width: 732px\" class=\"wp-caption aligncenter\"><a href=\"https:\/\/www.uv.mx\/prensa\/files\/2021\/08\/02062021-CECILIA-25-02-100k.jpg\"><img loading=\"lazy\" decoding=\"async\" aria-describedby=\"caption-attachment-101201\" class=\"size-full wp-image-101201\" src=\"https:\/\/www.uv.mx\/prensa\/files\/2021\/08\/02062021-CECILIA-25-02-100k.jpg\" alt=\"Domingo Canales Espinosa, director general del \u00c1rea Acad\u00e9mica de Ciencias Biol\u00f3gicas y Agropecuarias \" width=\"722\" height=\"409\" srcset=\"https:\/\/www.uv.mx\/prensa\/files\/2021\/08\/02062021-CECILIA-25-02-100k.jpg 722w, https:\/\/www.uv.mx\/prensa\/files\/2021\/08\/02062021-CECILIA-25-02-100k-300x170.jpg 300w\" sizes=\"auto, (max-width: 722px) 100vw, 722px\" \/><\/a><p id=\"caption-attachment-101201\" class=\"wp-caption-text\">Domingo Canales Espinosa, director general del \u00c1rea Acad\u00e9mica de Ciencias Biol\u00f3gicas y Agropecuarias<\/p><\/div>\n<p><span data-contrast=\"auto\">Agreg\u00f3 que esto ha sido posible gracias a la labor comprometida de la comunidad acad\u00e9mica de la FISPA, por el trabajo colaborativo en aras a la calidad;\u00a0\u201ctambi\u00e9n se debe al permanente apoyo de la\u00a0Vicerrector\u00eda y la Direcci\u00f3n del\u00a0\u00c1rea\u00a0Acad\u00e9mica\u201d.<\/span><span data-ccp-props=\"{&quot;201341983&quot;:0,&quot;335559731&quot;:708,&quot;335559739&quot;:160,&quot;335559740&quot;:240}\">\u00a0<\/span><\/p>\n<p><span data-contrast=\"auto\">En tanto, Domingo Canales\u00a0felicit\u00f3\u00a0a\u00a0esta entidad universitaria\u00a0por\u00a0ganar\u00a0un\u00a0s\u00f3lido\u00a0prestigio\u00a0y una excelente representaci\u00f3n.\u00a0Enfatiz\u00f3\u00a0que\u00a0hoy\u00a0se puede ver una Facultad\u00a0consolidada,\u00a0con\u00a0programas educativos de calidad, uno\u00a0en\u00a0modalidad virtual y un posgrado\u00a0con reconocimiento de calidad.<\/span><span data-ccp-props=\"{&quot;201341983&quot;:0,&quot;335559731&quot;:708,&quot;335559739&quot;:160,&quot;335559740&quot;:240}\">\u00a0<\/span><\/p>\n<p><span data-contrast=\"auto\">En su participaci\u00f3n,\u00a0el Vicerrector\u00a0record\u00f3 los inicios de la\u00a0FISPA:\u00a0\u201cLa facultad naci\u00f3\u00a0a solicitud de\u00a0la\u00a0sociedad,\u00a0que demand\u00f3\u00a0a las\u00a0autoridades\u00a0estatales el espacio y establecimiento de un programa educativo que atendiera las\u00a0necesidades agropecuarias\u201d.<\/span><span data-ccp-props=\"{&quot;201341983&quot;:0,&quot;335559731&quot;:708,&quot;335559739&quot;:160,&quot;335559740&quot;:240}\">\u00a0<\/span><\/p>\n<p><span data-contrast=\"auto\">Dijo\u00a0que las universidades no son espacios cerrados donde se cultiva un conocimiento, sino que se transmite y atiende a las demandas de una poblaci\u00f3n.\u00a0\u201cQuiero destacar el agradecimiento de la UV\u00a0para\u00a0Luis Octavio\u00a0Daccarett\u00a0V\u00e1zquez,\u00a0Aar\u00f3n Bermejo Colmenares\u00a0y\u00a0Jorge Lelo Larrea,\u00a0quienes\u00a0cedieron las hect\u00e1reas\u00a0para la construcci\u00f3n de las instalaciones y el acceso a la FISPA\u201d.<\/span><\/p>\n<div id=\"attachment_101202\" style=\"width: 732px\" class=\"wp-caption aligncenter\"><a href=\"https:\/\/www.uv.mx\/prensa\/files\/2021\/08\/02062021-CECILIA-25-03-100k.jpg\"><img loading=\"lazy\" decoding=\"async\" aria-describedby=\"caption-attachment-101202\" class=\"size-full wp-image-101202\" src=\"https:\/\/www.uv.mx\/prensa\/files\/2021\/08\/02062021-CECILIA-25-03-100k.jpg\" alt=\"Carlos Lamothe Zavaleta, vicerrector de la regi\u00f3n Coatzacoalcos-Minatitl\u00e1n \" width=\"722\" height=\"406\" srcset=\"https:\/\/www.uv.mx\/prensa\/files\/2021\/08\/02062021-CECILIA-25-03-100k.jpg 722w, https:\/\/www.uv.mx\/prensa\/files\/2021\/08\/02062021-CECILIA-25-03-100k-300x169.jpg 300w\" sizes=\"auto, (max-width: 722px) 100vw, 722px\" \/><\/a><p id=\"caption-attachment-101202\" class=\"wp-caption-text\">Carlos Lamothe Zavaleta, vicerrector de la regi\u00f3n Coatzacoalcos-Minatitl\u00e1n<\/p><\/div>\n<p><span data-contrast=\"auto\">Expuso que la sociedad apoya al desarrollo de una universidad p\u00fablica\u00a0y recalc\u00f3 la\u00a0visi\u00f3n de las autoridades que impulsaron la demanda del sector productivo del sur del estado de Veracruz\u00a0para la creaci\u00f3n de\u00a0esta facultad.<\/span><span data-ccp-props=\"{&quot;201341983&quot;:0,&quot;335559731&quot;:708,&quot;335559739&quot;:160,&quot;335559740&quot;:240}\">\u00a0<\/span><\/p>\n<p><span data-contrast=\"auto\">Envi\u00f3 un saludo a los maestros fundadores de la\u00a0FISPA, quienes iniciaron con dos programas educativos: presencial\u00a0y a distancia,\u00a0\u201clo cual represent\u00f3 ser pioneros en la ense\u00f1anza a distancia, as\u00ed que puede enfrentar de mejor manera este paradigma de la ense\u00f1anza.<\/span><span data-ccp-props=\"{&quot;201341983&quot;:0,&quot;335559731&quot;:708,&quot;335559739&quot;:160,&quot;335559740&quot;:240}\">\u00a0<\/span><\/p>\n<p><span data-contrast=\"auto\">\u201dHemos\u00a0cumplido los pron\u00f3sticos de hace 25 a\u00f1os, adem\u00e1s\u00a0hoy se\u00a0est\u00e1 ofreciendo\u00a0el\u00a0programa\u00a0de Agronegocios\u00a0Internacionales, que atiende\u00a0las necesidades del\u00a0Corredor Interoce\u00e1nico.\u201d<\/span><span data-ccp-props=\"{&quot;201341983&quot;:0,&quot;335559731&quot;:708,&quot;335559739&quot;:160,&quot;335559740&quot;:240}\">\u00a0<\/span><\/p>\n<p><span data-contrast=\"auto\">El\u00a0festejo\u00a0por el 25 aniversario de la FISPA\u00a0se desarrolla\u00a0desde\u00a0el 27 de agosto\u00a0hasta\u00a0el 9 de septiembre,\u00a0habr\u00e1:\u00a0conferencias magistrales,\u00a0develaci\u00f3n de placa conmemorativa, eventos con grupos musicales\u00a0de la UV, presentaci\u00f3n de carteles en el marco del programa \u201cVen a la Cultura\u201d\u00a0del\u00a0AFEL,\u00a0Mesas\u00a0redondas\u00a0con\u00a0egresados,\u00a0y eventos deportivos.<\/span><span data-ccp-props=\"{&quot;201341983&quot;:0,&quot;335559731&quot;:708,&quot;335559739&quot;:160,&quot;335559740&quot;:240}\">\u00a0<\/span><\/p>\n<p><span data-contrast=\"auto\">Los eventos se pueden seguir en el\u00a0<\/span><i><span data-contrast=\"auto\">Facebook<\/span><\/i><span data-contrast=\"auto\">:\u00a0@Ingenieriaensistemasdeproduccionagropecuaria<\/span><span data-ccp-props=\"{&quot;201341983&quot;:0,&quot;335559731&quot;:708,&quot;335559739&quot;:160,&quot;335559740&quot;:240}\">\u00a0<\/span><\/p>\n","protected":false},"excerpt":{"rendered":"<p>Se lleva a cabo el VII Foro Acad\u00e9mico \u201c25 a\u00f1os formando profesionales l\u00edderes en Sistemas de Producci\u00f3n Agropecuaria\u201d <\/p>\n","protected":false},"author":1775,"featured_media":101200,"comment_status":"closed","ping_status":"closed","sticky":false,"template":"","format":"standard","meta":{"footnotes":""},"categories":[52,32],"tags":[2719,3782,3656,3657,2798,3781],"class_list":["post-101199","post","type-post","status-publish","format-standard","has-post-thumbnail","hentry","category-coatzacoalcos","category-regiones","tag-25-aniversario","tag-25-anos-formando-profesionales-lideres-en-sistemas-de-produccion-agropecuaria","tag-facultad-de-ingenieria-en-sistemas-de-produccion-agropecuaria","tag-fispa","tag-region-coatzacoalcos-minatitlan","tag-vii-foro-academico"],"_links":{"self":[{"href":"https:\/\/www.uv.mx\/prensa\/wp-json\/wp\/v2\/posts\/101199","targetHints":{"allow":["GET"]}}],"collection":[{"href":"https:\/\/www.uv.mx\/prensa\/wp-json\/wp\/v2\/posts"}],"about":[{"href":"https:\/\/www.uv.mx\/prensa\/wp-json\/wp\/v2\/types\/post"}],"author":[{"embeddable":true,"href":"https:\/\/www.uv.mx\/prensa\/wp-json\/wp\/v2\/users\/1775"}],"replies":[{"embeddable":true,"href":"https:\/\/www.uv.mx\/prensa\/wp-json\/wp\/v2\/comments?post=101199"}],"version-history":[{"count":1,"href":"https:\/\/www.uv.mx\/prensa\/wp-json\/wp\/v2\/posts\/101199\/revisions"}],"predecessor-version":[{"id":101246,"href":"https:\/\/www.uv.mx\/prensa\/wp-json\/wp\/v2\/posts\/101199\/revisions\/101246"}],"wp:featuredmedia":[{"embeddable":true,"href":"https:\/\/www.uv.mx\/prensa\/wp-json\/wp\/v2\/media\/101200"}],"wp:attachment":[{"href":"https:\/\/www.uv.mx\/prensa\/wp-json\/wp\/v2\/media?parent=101199"}],"wp:term":[{"taxonomy":"category","embeddable":true,"href":"https:\/\/www.uv.mx\/prensa\/wp-json\/wp\/v2\/categories?post=101199"},{"taxonomy":"post_tag","embeddable":true,"href":"https:\/\/www.uv.mx\/prensa\/wp-json\/wp\/v2\/tags?post=101199"}],"curies":[{"name":"wp","href":"https:\/\/api.w.org\/{rel}","templated":true}]}}