{"id":101191,"date":"2021-08-30T14:24:18","date_gmt":"2021-08-30T19:24:18","guid":{"rendered":"https:\/\/www.uv.mx\/prensa\/?p=101191"},"modified":"2021-09-01T13:38:35","modified_gmt":"2021-09-01T18:38:35","slug":"martin-aguilar-sanchez-rector-de-la-uv-para-el-periodo-2021-2025","status":"publish","type":"post","link":"https:\/\/www.uv.mx\/prensa\/banner\/martin-aguilar-sanchez-rector-de-la-uv-para-el-periodo-2021-2025\/","title":{"rendered":"Mart\u00edn Aguilar S\u00e1nchez, rector de la UV\u00a0para\u00a0el periodo 2021-2025\u00a0"},"content":{"rendered":"<ul>\n<li data-leveltext=\"\uf0b7\" data-font=\"Symbol\" data-listid=\"1\" data-aria-posinset=\"1\" data-aria-level=\"1\"><i><span data-contrast=\"auto\">La Junta de Gobierno comunic\u00f3 la designaci\u00f3n\u00a0a trav\u00e9s\u00a0del portal\u00a0<\/span><\/i><a href=\"https:\/\/designacionrectoraluv2021.mx\/\" target=\"_blank\" rel=\"noopener\"><i><span data-contrast=\"none\">https:\/\/designacionrectoraluv2021.mx\/<\/span><\/i><\/a><span data-ccp-props=\"{&quot;134233279&quot;:true}\">\u00a0<\/span><\/li>\n<li data-leveltext=\"\uf0b7\" data-font=\"Symbol\" data-listid=\"1\" data-aria-posinset=\"2\" data-aria-level=\"1\"><i><span data-contrast=\"auto\">El Rector tomar\u00e1 posesi\u00f3n el primero de septiembre, en\u00a0sesi\u00f3n de Consejo Universitari<\/span><\/i><em>o\u00a0General<\/em><\/li>\n<\/ul>\n<p><span data-ccp-props=\"{}\">\u00a0<\/span><\/p>\n<div id=\"attachment_101192\" style=\"width: 732px\" class=\"wp-caption aligncenter\"><img loading=\"lazy\" decoding=\"async\" aria-describedby=\"caption-attachment-101192\" class=\"size-full wp-image-101192\" src=\"https:\/\/www.uv.mx\/prensa\/files\/2021\/08\/300821-Martin-Aguilar-Rector.jpg\" alt=\"\" width=\"722\" height=\"482\" srcset=\"https:\/\/www.uv.mx\/prensa\/files\/2021\/08\/300821-Martin-Aguilar-Rector.jpg 722w, https:\/\/www.uv.mx\/prensa\/files\/2021\/08\/300821-Martin-Aguilar-Rector-300x200.jpg 300w\" sizes=\"auto, (max-width: 722px) 100vw, 722px\" \/><p id=\"caption-attachment-101192\" class=\"wp-caption-text\">Mart\u00edn Aguilar S\u00e1nchez, rector de la Universidad Veracruzana<\/p><\/div>\n<p><span data-ccp-props=\"{}\">\u00a0<\/span><\/p>\n<p><b><i><span data-contrast=\"auto\">30\/08\/2021,\u00a0Xalapa,\u00a0Ver.-\u00a0<\/span><\/i><\/b><span data-contrast=\"auto\">La <a href=\"https:\/\/www.uv.mx\/juntagob\/\" target=\"_blank\" rel=\"noopener\">Junta de Gobierno <\/a>de la Universidad Veracruzana (UV) design\u00f3\u00a0por unanimidad\u00a0a Mart\u00edn Aguilar S\u00e1nchez como rector de esta casa de estudios para el periodo 2021-2025, de acuerdo con el comunicado publicado en el portal oficial del proceso de designaci\u00f3n:\u00a0<\/span><a href=\"https:\/\/designacionrectoraluv2021.mx\/\" target=\"_blank\" rel=\"noopener\"><span data-contrast=\"none\">https:\/\/designacionrectoraluv2021.mx\/.<\/span><\/a><\/p>\n<p><span data-contrast=\"auto\">El proceso de designaci\u00f3n curs\u00f3 los puntos\u00a0determinados en la <a href=\"https:\/\/designacionrectoraluv2021.mx\/\" target=\"_blank\" rel=\"noopener\">convocatoria emitida el 30 de junio<\/a><\/span><span data-contrast=\"auto\">: se escucharon las demandas de los universitarios que participaron a trav\u00e9s de la auscultaci\u00f3n,\u00a0que tuvo lugar del 10 al 20 de agosto en las regiones universitarias,\u00a0realizada\u00a0a trav\u00e9s del sistema de videoconferencias\u00a0<\/span><i><span data-contrast=\"auto\">Zoom<\/span><\/i><span data-contrast=\"auto\">\u00a0debido a la contingencia sanitaria.\u00a0<\/span><span data-ccp-props=\"{&quot;335559731&quot;:708}\">\u00a0<\/span><\/p>\n<p><span data-contrast=\"auto\">Los nueve integrantes de la Junta\u00a0de Gobierno\u00a0que realiz\u00f3 la designaci\u00f3n son Leticia Mora Perdomo\u00a0(presidenta),\u00a0Genaro Aguirre Aguilar\u00a0(secretario),\u00a0Laura Ver\u00f3nica Herrera Franco, Jorge Mart\u00ednez Contreras, Jos\u00e9 Luis Mor\u00e1n L\u00f3pez, Enrique Ram\u00edrez\u00a0Nazariega, Alfredo S\u00e1nchez Casta\u00f1eda, Jos\u00e9 Antonio\u00a0Seade\u00a0Kuri y Alma Gloria Vallejo Casar\u00edn.<\/span><span data-ccp-props=\"{&quot;335559731&quot;:708}\">\u00a0<\/span><\/p>\n<p><span data-contrast=\"auto\">Como parte del proceso, el 31 de agosto la Junta\u00a0de Gobierno\u00a0entrevistar\u00e1 a los candidatos a ocupar las secretar\u00edas Acad\u00e9mica y de Administraci\u00f3n y Finanzas, quienes\u00a0ser\u00e1n designados el mismo d\u00eda.<\/span><span data-ccp-props=\"{&quot;335559731&quot;:708}\">\u00a0<\/span><\/p>\n<p><span data-ccp-props=\"{}\">\u00a0<\/span><\/p>\n<p><b><span data-contrast=\"auto\">Curr\u00edculum vitae<\/span><\/b><span data-ccp-props=\"{}\">\u00a0<\/span><\/p>\n<p><span data-contrast=\"auto\">Mart\u00edn Aguilar es investigador del Instituto de Investigaciones Hist\u00f3rico-Sociales de la UV, desde junio de 1997\u00a0a\u00a0la fecha;\u00a0es\u00a0miembro del Sistema Nacional de Investigadores Nivel II,\u00a0y\u00a0presidente de la Red Mexicana de Estudios de los Movimientos Sociales (2020-2022).\u00a0<\/span><span data-ccp-props=\"{}\">\u00a0<\/span><\/p>\n<p><span data-contrast=\"auto\">En la plataforma alojada en la p\u00e1gina oficial de la Junta de Gobierno\u00a0<\/span><a href=\"https:\/\/designacionrectoraluv2021.mx\/\" target=\"_blank\" rel=\"noopener\"><span data-contrast=\"none\">https:\/\/designacionrectoraluv2021.mx\/<\/span><\/a><span data-contrast=\"auto\">\u00a0se puede conocer toda su trayectoria acad\u00e9mica y profesional.<\/span><span data-ccp-props=\"{&quot;335559731&quot;:708}\">\u00a0<\/span><\/p>\n","protected":false},"excerpt":{"rendered":"<p>La Junta de Gobierno comunic\u00f3 la designaci\u00f3n\u00a0a trav\u00e9s del portal\u00a0<a href=\"https:\/\/designacionrectoraluv2021.mx\/\" target=\"_blank\" rel=\"noopener\">https:\/\/designacionrectoraluv2021.mx\/<\/a><\/p>\n","protected":false},"author":1869,"featured_media":101193,"comment_status":"closed","ping_status":"closed","sticky":false,"template":"","format":"standard","meta":{"footnotes":""},"categories":[61],"tags":[],"class_list":["post-101191","post","type-post","status-publish","format-standard","has-post-thumbnail","hentry","category-banner"],"_links":{"self":[{"href":"https:\/\/www.uv.mx\/prensa\/wp-json\/wp\/v2\/posts\/101191","targetHints":{"allow":["GET"]}}],"collection":[{"href":"https:\/\/www.uv.mx\/prensa\/wp-json\/wp\/v2\/posts"}],"about":[{"href":"https:\/\/www.uv.mx\/prensa\/wp-json\/wp\/v2\/types\/post"}],"author":[{"embeddable":true,"href":"https:\/\/www.uv.mx\/prensa\/wp-json\/wp\/v2\/users\/1869"}],"replies":[{"embeddable":true,"href":"https:\/\/www.uv.mx\/prensa\/wp-json\/wp\/v2\/comments?post=101191"}],"version-history":[{"count":1,"href":"https:\/\/www.uv.mx\/prensa\/wp-json\/wp\/v2\/posts\/101191\/revisions"}],"predecessor-version":[{"id":101247,"href":"https:\/\/www.uv.mx\/prensa\/wp-json\/wp\/v2\/posts\/101191\/revisions\/101247"}],"wp:featuredmedia":[{"embeddable":true,"href":"https:\/\/www.uv.mx\/prensa\/wp-json\/wp\/v2\/media\/101193"}],"wp:attachment":[{"href":"https:\/\/www.uv.mx\/prensa\/wp-json\/wp\/v2\/media?parent=101191"}],"wp:term":[{"taxonomy":"category","embeddable":true,"href":"https:\/\/www.uv.mx\/prensa\/wp-json\/wp\/v2\/categories?post=101191"},{"taxonomy":"post_tag","embeddable":true,"href":"https:\/\/www.uv.mx\/prensa\/wp-json\/wp\/v2\/tags?post=101191"}],"curies":[{"name":"wp","href":"https:\/\/api.w.org\/{rel}","templated":true}]}}