{"id":10113,"date":"2016-04-26T13:43:32","date_gmt":"2016-04-26T18:43:32","guid":{"rendered":"https:\/\/www.uv.mx\/prensa\/?p=10113"},"modified":"2016-04-26T14:16:20","modified_gmt":"2016-04-26T19:16:20","slug":"artesanas-veracruzanas-presentan-productos-en-la-filu","status":"publish","type":"post","link":"https:\/\/www.uv.mx\/prensa\/general\/artesanas-veracruzanas-presentan-productos-en-la-filu\/","title":{"rendered":"Artesanas veracruzanas  presentan productos en la FILU"},"content":{"rendered":"<p>&nbsp;<\/p>\n<ul>\n<li><em>Respaldadas por el Voluntariado de la UV<\/em><\/li>\n<li><em>Son originarias de los municipios San Juan Texhuacan, Tlaquilpa, Mixtla de Altamirano, Ixhuac\u00e1n de los Reyes y Las Vigas<\/em><\/li>\n<\/ul>\n<p>&nbsp;<\/p>\n<p><strong><em>Claudia Peralta V\u00e1zquez<\/em><\/strong><\/p>\n<p>&nbsp;<\/p>\n<p>Alrededor de 12 artesanas veracruzanas, procedentes de zonas serranas e ind\u00edgenas, exponen sus productos en la Feria Internacional del Libro Universitario (FILU) que se desarrolla en el Complejo Deportivo Omega, desde el 22 de abril y hasta el 1 de mayo, organizada por la Universidad Veracruzana (UV).<\/p>\n<p>El grupo de creadoras proviene de los municipios San Juan Texhuacan, Tlaquilpa, Mixtla de Altamirano, Ixhuac\u00e1n de los Reyes y Las Vigas de Ram\u00edrez, dio a conocer Elia Beltr\u00e1n Coronel, titular del Voluntariado de esta casa de estudios.<\/p>\n<p>Se\u00f1al\u00f3 que por tercer a\u00f1o consecutivo, la Universidad, a trav\u00e9s de la entidad que ella coordina, apoya a las artesanas para que den a conocer y comercialicen sus productos en este foro, al cual asisten visitantes locales, nacionales y extranjeros.<\/p>\n<p>Es un trabajo coordinado en el que tambi\u00e9n interviene la vicerrector\u00eda Orizaba-C\u00f3rdoba y la Direcci\u00f3n General de Vinculaci\u00f3n, asever\u00f3.<\/p>\n<p>Adem\u00e1s del beneficio econ\u00f3mico que se busca para las productoras, el inter\u00e9s de la Universidad es preservar el trabajo artesanal, presente de generaci\u00f3n en generaci\u00f3n y \u201cdel que todos debemos estar orgullosos por representar nuestras ra\u00edces\u201d.<\/p>\n<p>Con este prop\u00f3sito, el Voluntariado de la UV les brinda hospedaje y alimentaci\u00f3n durante estos d\u00edas, as\u00ed como facilidades para realizar su labor.<\/p>\n<p>Coment\u00f3 que inicialmente permanecer\u00e1n las artesanas de las altas monta\u00f1as, y a partir del viernes 29 de abril arribar\u00e1n al recinto de la FILU 2016 las creadoras de la localidad El Paisano, municipio de Las Vigas de Ram\u00edrez, as\u00ed como de Atecaxil y Coyopolan, del municipio de Ixhuac\u00e1n de los Reyes.<\/p>\n<p>Estas \u00faltimas expondr\u00e1n productos gastron\u00f3micos de la regi\u00f3n, como el mole y bebidas elaboradas a base de mora, que el a\u00f1o pasado tuvo mucho \u00e9xito.<\/p>\n<div id=\"attachment_10115\" style=\"width: 210px\" class=\"wp-caption aligncenter\"><a href=\"https:\/\/www.uv.mx\/prensa\/files\/2016\/04\/FILU-artesanas.jpg\"><img loading=\"lazy\" decoding=\"async\" aria-describedby=\"caption-attachment-10115\" class=\"size-medium wp-image-10115\" src=\"https:\/\/www.uv.mx\/prensa\/files\/2016\/04\/FILU-artesanas-200x300.jpg\" alt=\"Candelaria Apan\u00e9catl Tzanahua, artesana de San Juan Texhuacan\" width=\"200\" height=\"300\" srcset=\"https:\/\/www.uv.mx\/prensa\/files\/2016\/04\/FILU-artesanas-200x300.jpg 200w, https:\/\/www.uv.mx\/prensa\/files\/2016\/04\/FILU-artesanas.jpg 352w\" sizes=\"auto, (max-width: 200px) 100vw, 200px\" \/><\/a><p id=\"caption-attachment-10115\" class=\"wp-caption-text\">Candelaria Apan\u00e9catl Tzanahua, artesana de San Juan Texhuacan<\/p><\/div>\n<p>Tambi\u00e9n se les dar\u00e1 oportunidad a algunos emprendedores universitarios para que presenten sus trabajos, durante los d\u00edas 30 de abril y 1 de mayo.<\/p>\n<p>Candelaria Apan\u00e9catl Tzanahua, originaria del municipio San Juan Texhuacan, situado en la sierra de Zongolica, dijo sentirse feliz de participar en este evento, que le permite obtener ingresos econ\u00f3micos para ella y su familia.<\/p>\n<p>Coment\u00f3 que a sus 76 a\u00f1os de edad, tiene las fuerzas suficientes para seguir dedic\u00e1ndose a la elaboraci\u00f3n y bordado de blusas, juguetes y adornos, labor que ha realizado desde muy peque\u00f1a.<\/p>\n<p>\u201cPrimero aprend\u00ed a tejer manguitas y de ah\u00ed empec\u00e9 a bordar bolsas de diferentes tama\u00f1os, bufandas, rebozos, as\u00ed como manta.\u201d<\/p>\n<p>Narr\u00f3 que su esposo, dedicado a la agricultura, le dio su consentimiento para trabajar, pues siempre estuvo consciente que lo que ganaba en el campo \u2013donde cosecha ma\u00edz\u2013 no era suficiente para sostener a sus hijos.<\/p>\n<p>\u201cYo siempre le dije que a m\u00ed me gustaba trabajar y as\u00ed nos hemos ayudado para comer, por eso me dio permiso y cuando tengo que salir me anima y encamina\u201d, dijo Candelaria, quien agradeci\u00f3 al Voluntariado de la UV el apoyo recibido.<\/p>\n","protected":false},"excerpt":{"rendered":"<p><strong><em>Claudia Peralta.-<\/em><\/strong>Alrededor de 12 artesanas veracruzanas, procedentes de zonas serranas e ind\u00edgenas, exponen sus productos en la Feria Internacional del Libro Universitario (FILU) que se desarrolla en el Complejo Deportivo Omega, desde el 22 de abril y hasta el 1 de mayo, organizada por la Universidad Veracruzana (UV).<\/p>\n","protected":false},"author":1810,"featured_media":10114,"comment_status":"closed","ping_status":"closed","sticky":false,"template":"","format":"standard","meta":{"footnotes":""},"categories":[1],"tags":[3],"class_list":["post-10113","post","type-post","status-publish","format-standard","has-post-thumbnail","hentry","category-general","tag-secundarias"],"_links":{"self":[{"href":"https:\/\/www.uv.mx\/prensa\/wp-json\/wp\/v2\/posts\/10113","targetHints":{"allow":["GET"]}}],"collection":[{"href":"https:\/\/www.uv.mx\/prensa\/wp-json\/wp\/v2\/posts"}],"about":[{"href":"https:\/\/www.uv.mx\/prensa\/wp-json\/wp\/v2\/types\/post"}],"author":[{"embeddable":true,"href":"https:\/\/www.uv.mx\/prensa\/wp-json\/wp\/v2\/users\/1810"}],"replies":[{"embeddable":true,"href":"https:\/\/www.uv.mx\/prensa\/wp-json\/wp\/v2\/comments?post=10113"}],"version-history":[{"count":0,"href":"https:\/\/www.uv.mx\/prensa\/wp-json\/wp\/v2\/posts\/10113\/revisions"}],"wp:featuredmedia":[{"embeddable":true,"href":"https:\/\/www.uv.mx\/prensa\/wp-json\/wp\/v2\/media\/10114"}],"wp:attachment":[{"href":"https:\/\/www.uv.mx\/prensa\/wp-json\/wp\/v2\/media?parent=10113"}],"wp:term":[{"taxonomy":"category","embeddable":true,"href":"https:\/\/www.uv.mx\/prensa\/wp-json\/wp\/v2\/categories?post=10113"},{"taxonomy":"post_tag","embeddable":true,"href":"https:\/\/www.uv.mx\/prensa\/wp-json\/wp\/v2\/tags?post=10113"}],"curies":[{"name":"wp","href":"https:\/\/api.w.org\/{rel}","templated":true}]}}