{"id":101100,"date":"2021-08-26T19:44:13","date_gmt":"2021-08-27T00:44:13","guid":{"rendered":"https:\/\/www.uv.mx\/prensa\/?p=101100"},"modified":"2021-09-01T14:36:50","modified_gmt":"2021-09-01T19:36:50","slug":"uv-publico-nuevo-tomo-de-gaceta-con-la-actualizacion-de-su-legislacion","status":"publish","type":"post","link":"https:\/\/www.uv.mx\/prensa\/banner\/uv-publico-nuevo-tomo-de-gaceta-con-la-actualizacion-de-su-legislacion\/","title":{"rendered":"UV public\u00f3 nuevo tomo de <em>Gaceta<\/em>, con la actualizaci\u00f3n de su legislaci\u00f3n"},"content":{"rendered":"<style type=\"text\/css\">\n  blockquote p { color: #28519b; font-family: helvetica; font-size: 1.4em; }<br \/><\/style>\n<ul>\n<li data-leveltext=\"\uf0b7\" data-font=\"Symbol\" data-listid=\"1\" data-aria-posinset=\"1\" data-aria-level=\"1\"><i><span data-contrast=\"auto\">Es producto de la dedicaci\u00f3n y el esfuerzo de los titulares de las entidades acad\u00e9micas y dependencias para mantener actualizados sus ordenamientos<\/span><\/i><span data-ccp-props=\"{&quot;134233279&quot;:true}\">\u00a0<\/span><\/li>\n<li data-leveltext=\"\uf0b7\" data-font=\"Symbol\" data-listid=\"1\" data-aria-posinset=\"2\" data-aria-level=\"1\"><i><span data-contrast=\"auto\">La Comisi\u00f3n de Reglamentos del Consejo Universitario redobl\u00f3 esfuerzos durante la pandemia y continu\u00f3\u00a0con la atenci\u00f3n, revisi\u00f3n y dictamen de los temas<\/span><\/i><span data-ccp-props=\"{&quot;134233279&quot;:true}\">\u00a0<\/span><\/li>\n<\/ul>\n<p><span data-ccp-props=\"{}\">\u00a0<\/span><\/p>\n<div id=\"attachment_101101\" style=\"width: 595px\" class=\"wp-caption aligncenter\"><a href=\"https:\/\/www.uv.mx\/prensa\/files\/2021\/08\/260821-Gaceta-2021-100k.jpg\"><img aria-describedby=\"caption-attachment-101101\" decoding=\"async\" loading=\"lazy\" class=\"wp-image-101101 size-full\" src=\"https:\/\/www.uv.mx\/prensa\/files\/2021\/08\/260821-Gaceta-2021-100k-e1630025496471.jpg\" alt=\"El nuevo tomo de la Gaceta se traduce en certeza jur\u00eddica para la comunidad universitaria \" width=\"585\" height=\"481\" \/><\/a><p id=\"caption-attachment-101101\" class=\"wp-caption-text\">El nuevo tomo de la Gaceta se traduce en certeza jur\u00eddica para la comunidad universitaria<\/p><\/div>\n<p>&nbsp;<\/p>\n<blockquote><p><span class=\"TextRun Highlight BCX8 SCXW40395956\" lang=\"ES-MX\" xml:lang=\"ES-MX\" data-contrast=\"auto\"><span class=\"NormalTextRun BCX8 SCXW40395956\">El nuevo tomo de la\u00a0<\/span><\/span><span class=\"TextRun Highlight BCX8 SCXW40395956\" lang=\"ES-MX\" xml:lang=\"ES-MX\" data-contrast=\"auto\"><span class=\"NormalTextRun BCX8 SCXW40395956\">Gaceta<\/span><\/span><span class=\"TextRun Highlight BCX8 SCXW40395956\" lang=\"ES-MX\" xml:lang=\"ES-MX\" data-contrast=\"auto\"><span class=\"NormalTextRun BCX8 SCXW40395956\">\u00a0es\u00a0<\/span><span class=\"NormalTextRun BCX8 SCXW40395956\">producto de la dedicaci\u00f3n y el esfuerzo de los titulares de las entidades acad\u00e9micas y dependencias para mantener actualizados sus ordenamientos<\/span><\/span><span class=\"TextRun BCX8 SCXW40395956\" lang=\"ES-MX\" xml:lang=\"ES-MX\" data-contrast=\"auto\"><span class=\"NormalTextRun BCX8 SCXW40395956\">.<\/span><\/span><\/p><\/blockquote>\n<p>&nbsp;<\/p>\n<p><b><i><span data-contrast=\"auto\">Edgar Onofre<\/span><\/i><\/b><span data-ccp-props=\"{}\">\u00a0<\/span><\/p>\n<p><b><i><span data-contrast=\"auto\">26\/08\/2021\/ Xalapa,\u00a0Ver.-<\/span><\/i><\/b><span data-contrast=\"auto\">\u00a0La <a href=\"https:\/\/www.uv.mx\/\" target=\"_blank\" rel=\"noopener\">Universidad Veracruzana<\/a> (UV) compil\u00f3 y\u00a0public\u00f3\u00a0en un solo tomo\u00a0especial de la\u00a0<\/span><i><span data-contrast=\"auto\">Gaceta. \u00d3rgano Oficial de Comunicaci\u00f3n<\/span><\/i><span data-contrast=\"auto\">\u00a0su legislaci\u00f3n actualizada, misma que regula su\u00a0organizaci\u00f3n y funcionamiento.<\/span><span data-ccp-props=\"{}\">\u00a0<\/span><\/p>\n<p><span data-contrast=\"auto\">La edici\u00f3n compendia la\u00a0Ley de Autonom\u00eda,\u00a0la\u00a0Ley Org\u00e1nica\u00a0y\u00a0tres estatutos:\u00a0el General, el del Personal Acad\u00e9mico y el de los Alumnos, emanados todos del Consejo Universitario General\u00a0(CUG). Asimismo, incluye los\u00a036 reglamentos por materia, tambi\u00e9n\u00a0emanados\u00a0del\u00a0CUG, y\u00a068 reglamentos internos de entidades acad\u00e9micas.<\/span><span data-ccp-props=\"{}\">\u00a0<\/span><\/p>\n<p><span data-contrast=\"auto\">Durante el periodo 2017-2021 fueron actualizados los tres estatutos, en los cuales\u00a0se incorporaron temas como\u00a0derechos humanos, perspectiva de g\u00e9nero, enfoques de interculturalidad,\u00a0interseccionalidad\u00a0y\u00a0el principio\u00a0pro\u00a0persona, as\u00ed como\u00a0la posibilidad de proponer ajustes razonables\u00a0en los casos que proceda.<\/span><span data-ccp-props=\"{&quot;335559731&quot;:708}\">\u00a0<\/span><\/p>\n<p><span data-contrast=\"auto\">Entre\u00a0los reglamentos por materia aprobados\u00a0recientemente se cuentan:\u00a0Reglamento de Responsabilidades Administrativas;\u00a0Reglamento del Comit\u00e9 de Adquisiciones, Arrendamientos y Servicios;\u00a0Reglamento para la Seguridad de la Informaci\u00f3n;\u00a0Reglamento del Comit\u00e9 de Obras;\u00a0Reglamento para la Comunicaci\u00f3n Universitaria;\u00a0Reglamento de Especialidades M\u00e9dicas;\u00a0y\u00a0Reglamento para la Inclusi\u00f3n de las Personas con Discapacidad.<\/span><span data-ccp-props=\"{&quot;335559731&quot;:708}\">\u00a0<\/span><\/p>\n<p><span data-contrast=\"auto\">De acuerdo con los responsables de la edici\u00f3n,\u00a0la Oficina del Abogado General y la Direcci\u00f3n General de Comunicaci\u00f3n Universitaria, entre otras,\u00a0el nuevo tomo de la\u00a0<\/span><i><span data-contrast=\"auto\">Gaceta<\/span><\/i><span data-contrast=\"auto\">\u00a0se traduce en certeza jur\u00eddica para la comunidad universitaria. As\u00ed, a\u00a0partir de la difusi\u00f3n de\u00a0las\u00a0disposiciones legales se comprende, adopta y acepta la normativa, mientras que el\u00a0respeto irrestricto a la ley como pr\u00e1ctica cotidiana de valores \u00e9ticos universales\u00a0se convierte en\u00a0forma de vida\u00a0institucional y cotidiana.<\/span><span data-ccp-props=\"{&quot;335559731&quot;:708}\">\u00a0<\/span><\/p>\n<p><span data-contrast=\"auto\">Para alcanzar este objetivo es necesario difundir la legislaci\u00f3n universitaria,\u00a0a decir de los responsables de la edici\u00f3n. No basta con que la legislaci\u00f3n exista y que est\u00e9 actualizada, es necesaria su aplicaci\u00f3n,\u00a0s\u00f3lo entonces podr\u00e1 consolidarse la cultura de respeto a la legalidad.<\/span><span data-ccp-props=\"{&quot;335559731&quot;:708}\">\u00a0<\/span><\/p>\n<p><span data-contrast=\"auto\">En consecuencia,\u00a0este compendio de la legislaci\u00f3n universitaria\u00a0tambi\u00e9n\u00a0constituye una invitaci\u00f3n a reflexionar sobre estos ocho a\u00f1os de un trabajo que claramente ha abonado al fortalecimiento de una cultura de la legalidad al interior de nuestra casa de estudios, y que se refleja en el cumplimiento franco y cabal de los derechos y las obligaciones de los universitarios, con lo que se garantiza la plena y sana convivencia del conjunto de nuestra comunidad.<\/span><span data-ccp-props=\"{&quot;335559731&quot;:708}\">\u00a0<\/span><\/p>\n<p><span data-contrast=\"auto\">El nuevo tomo de la\u00a0<\/span><i><span data-contrast=\"auto\">Gaceta<\/span><\/i><span data-contrast=\"auto\">\u00a0es\u00a0producto de la dedicaci\u00f3n y el esfuerzo de los titulares de las entidades acad\u00e9micas y dependencias para mantener actualizados sus ordenamientos<\/span><span data-contrast=\"auto\">.\u00a0Los\u00a0proyectos fueron revisados y dictaminados por los integrantes de la Comisi\u00f3n de Reglamentos del\u00a0Consejo, quienes redoblaron esfuerzos durante la actual contingencia sanitaria derivada de la pandemia\u00a0y\u00a0continuaron con la atenci\u00f3n, revisi\u00f3n y dictamen de los temas.<\/span><span data-ccp-props=\"{&quot;335559731&quot;:708}\">\u00a0<\/span><\/p>\n<p><span data-contrast=\"auto\">La edici\u00f3n fue posible\u00a0gracias al trabajo de\u00a0los\u00a0secretarios Acad\u00e9mico, de Administraci\u00f3n y Finanzas,\u00a0y de Desarrollo Institucional;\u00a0de\u00a0la\u00a0Abogada General,\u00a0Ana Lilia Ulloa Cu\u00e9llar;\u00a0del\u00a0director\u00a0general de Comunicaci\u00f3n Universitaria,\u00a0Raciel\u00a0Mart\u00ednez G\u00f3mez; la\u00a0Direcci\u00f3n de Normatividad,\u00a0a cargo de Laura Rodr\u00edguez P\u00e9rez;\u00a0la coordinadora Editorial,\u00a0Dunia\u00a0Salas Rivera;\u00a0Mariana G\u00f3mez Guerrero, responsable de la diagramaci\u00f3n, y la\u00a0colaboraci\u00f3n de Daniela Velasco Guzm\u00e1n y Juan de Dios Acosta\u00a0Caiceros.<\/span><span data-ccp-props=\"{&quot;335559731&quot;:708}\">\u00a0<\/span><\/p>\n","protected":false},"excerpt":{"rendered":"<p>La edici\u00f3n compendia la Ley de Autonom\u00eda, la Ley Org\u00e1nica y tres estatutos: el General, el del Personal Acad\u00e9mico y el de los Alumnos <\/p>\n","protected":false},"author":1775,"featured_media":101102,"comment_status":"closed","ping_status":"closed","sticky":false,"template":"","format":"standard","meta":[],"categories":[61],"tags":[3755,3756,3754],"_links":{"self":[{"href":"https:\/\/www.uv.mx\/prensa\/wp-json\/wp\/v2\/posts\/101100"}],"collection":[{"href":"https:\/\/www.uv.mx\/prensa\/wp-json\/wp\/v2\/posts"}],"about":[{"href":"https:\/\/www.uv.mx\/prensa\/wp-json\/wp\/v2\/types\/post"}],"author":[{"embeddable":true,"href":"https:\/\/www.uv.mx\/prensa\/wp-json\/wp\/v2\/users\/1775"}],"replies":[{"embeddable":true,"href":"https:\/\/www.uv.mx\/prensa\/wp-json\/wp\/v2\/comments?post=101100"}],"version-history":[{"count":1,"href":"https:\/\/www.uv.mx\/prensa\/wp-json\/wp\/v2\/posts\/101100\/revisions"}],"predecessor-version":[{"id":101262,"href":"https:\/\/www.uv.mx\/prensa\/wp-json\/wp\/v2\/posts\/101100\/revisions\/101262"}],"wp:featuredmedia":[{"embeddable":true,"href":"https:\/\/www.uv.mx\/prensa\/wp-json\/wp\/v2\/media\/101102"}],"wp:attachment":[{"href":"https:\/\/www.uv.mx\/prensa\/wp-json\/wp\/v2\/media?parent=101100"}],"wp:term":[{"taxonomy":"category","embeddable":true,"href":"https:\/\/www.uv.mx\/prensa\/wp-json\/wp\/v2\/categories?post=101100"},{"taxonomy":"post_tag","embeddable":true,"href":"https:\/\/www.uv.mx\/prensa\/wp-json\/wp\/v2\/tags?post=101100"}],"curies":[{"name":"wp","href":"https:\/\/api.w.org\/{rel}","templated":true}]}}