{"id":101095,"date":"2021-08-26T19:38:36","date_gmt":"2021-08-27T00:38:36","guid":{"rendered":"https:\/\/www.uv.mx\/prensa\/?p=101095"},"modified":"2021-09-01T14:39:40","modified_gmt":"2021-09-01T19:39:40","slug":"tele-uv-y-rtv-estrenaran-la-serie-documental-veracruz-afrodescendiente","status":"publish","type":"post","link":"https:\/\/www.uv.mx\/prensa\/banner\/tele-uv-y-rtv-estrenaran-la-serie-documental-veracruz-afrodescendiente\/","title":{"rendered":"Tele UV y RTV estrenar\u00e1n la serie documental <em>Veracruz afrodescendiente<\/em>"},"content":{"rendered":"<ul>\n<li data-leveltext=\"\uf0b7\" data-font=\"Symbol\" data-listid=\"2\" data-aria-posinset=\"1\" data-aria-level=\"1\"><i><span data-contrast=\"auto\">Se presentar\u00e1 un cap\u00edtulo semanal a partir del 27 de agosto, por\u00a0<\/span><\/i><a href=\"http:\/\/www.uv.mx\/television\"><i><span data-contrast=\"none\">www.uv.mx\/television<\/span><\/i><\/a><i><span data-contrast=\"auto\">,\u00a0a las 10:00, 15:00 y 20:00 horas<\/span><\/i><span data-ccp-props=\"{&quot;134233279&quot;:true,&quot;201341983&quot;:0,&quot;335559739&quot;:200,&quot;335559740&quot;:240}\">\u00a0<\/span><\/li>\n<li data-leveltext=\"\uf0b7\" data-font=\"Symbol\" data-listid=\"2\" data-aria-posinset=\"2\" data-aria-level=\"1\"><i><span data-contrast=\"auto\">Tambi\u00e9n se podr\u00e1 ver\u00a0por\u00a0la p\u00e1gina de\u00a0<\/span><\/i><span data-contrast=\"auto\">Facebook<\/span><i><span data-contrast=\"auto\">\u00a0de Tele UV,\u00a0a las 20:00 horas\u00a0y\u00a0en RTV a las 18:00 horas<\/span><\/i><span data-ccp-props=\"{&quot;134233279&quot;:true,&quot;201341983&quot;:0,&quot;335559739&quot;:200,&quot;335559740&quot;:240}\">\u00a0<\/span><\/li>\n<\/ul>\n<p><span data-ccp-props=\"{&quot;335559740&quot;:240}\">\u00a0<\/span><\/p>\n<div id=\"attachment_101096\" style=\"width: 732px\" class=\"wp-caption aligncenter\"><a href=\"https:\/\/www.uv.mx\/prensa\/files\/2021\/08\/110821-KARINA-Veracruz-Afro-1-100k.jpg\"><img aria-describedby=\"caption-attachment-101096\" decoding=\"async\" loading=\"lazy\" class=\"size-full wp-image-101096\" src=\"https:\/\/www.uv.mx\/prensa\/files\/2021\/08\/110821-KARINA-Veracruz-Afro-1-100k.jpg\" alt=\"La serie est\u00e1 conformada por nueve cap\u00edtulos, donde se abarca el norte, centro y sur de Veracruz \" width=\"722\" height=\"539\" srcset=\"https:\/\/www.uv.mx\/prensa\/files\/2021\/08\/110821-KARINA-Veracruz-Afro-1-100k.jpg 722w, https:\/\/www.uv.mx\/prensa\/files\/2021\/08\/110821-KARINA-Veracruz-Afro-1-100k-300x224.jpg 300w\" sizes=\"(max-width: 722px) 100vw, 722px\" \/><\/a><p id=\"caption-attachment-101096\" class=\"wp-caption-text\">La serie est\u00e1 conformada por nueve cap\u00edtulos, donde se abarca el norte, centro y sur de Veracruz<\/p><\/div>\n<p>&nbsp;<\/p>\n<p><b><i><span data-contrast=\"auto\">Karina de la Paz Reyes D\u00edaz<\/span><\/i><\/b><span data-ccp-props=\"{}\">\u00a0<\/span><\/p>\n<p><b><i><span data-contrast=\"auto\">26\/08\/2021, Xalapa,\u00a0Ver.-\u00a0<\/span><\/i><\/b><span data-contrast=\"auto\">El <a href=\"https:\/\/www.uv.mx\/television\/noticias\/departamento-de-medios-audiovisuales\/\" target=\"_blank\" rel=\"noopener\">Departamento de\u00a0Medios Audiovisuales<\/a> de la Universidad Veracruzana (Tele UV)\u00a0y Radio Televisi\u00f3n de Veracruz\u00a0(RTV)\u00a0estrenar\u00e1n\u00a0la\u00a0serie\u00a0documental\u00a0<\/span><i><span data-contrast=\"auto\">Veracruz\u00a0afrodescendiente<\/span><\/i><span data-contrast=\"auto\">\u00a0a partir\u00a0del\u00a0viernes\u00a027\u00a0de agosto,\u00a0la cual\u00a0abarca desde 1519, con las tres expediciones de la pen\u00ednsula de Yucat\u00e1n,\u00a0hasta la actualidad.<\/span><span data-ccp-props=\"{}\">\u00a0<\/span><\/p>\n<p><span data-contrast=\"auto\">Uno de los prop\u00f3sitos\u00a0de esta propuesta audiovisual es aportar elementos para inducir a la reflexi\u00f3n sobre la importancia de reconocer la ra\u00edz africana en una amplia gama de manifestaciones culturales y sociales que forman parte de la cotidianidad del M\u00e9xico actual, particularmente del estado de Veracruz.<\/span><span data-ccp-props=\"{&quot;335559731&quot;:708}\">\u00a0<\/span><\/p>\n<p><span data-contrast=\"auto\">Se presentar\u00e1 un\u00a0cap\u00edtulo semanal\u00a0<\/span><span data-contrast=\"auto\">a partir del\u00a027 de agosto, por\u00a0Tele\u00a0UV en\u00a0<\/span><i><span data-contrast=\"auto\">streaming<\/span><\/i><span data-contrast=\"auto\">\u00a0<\/span><a href=\"http:\/\/www.uv.mx\/television\"><span data-contrast=\"none\">www.uv.mx\/television<\/span><\/a><span data-contrast=\"auto\">\u00a0a las\u00a010:00, 15:00\u00a0y\u00a020:00 horas,\u00a0y\u00a0simulta\u0301neamente\u00a0por el\u00a0<\/span><i><span data-contrast=\"auto\">Facebook\u00a0Live<\/span><\/i><span data-contrast=\"auto\">\u00a0de Tele\u00a0UV a las 20:00 horas; mientras en RTV\u00a0ser\u00e1\u00a0a las 18:00\u00a0horas.<\/span><span data-ccp-props=\"{&quot;335559731&quot;:708}\">\u00a0<\/span><\/p>\n<p><span data-contrast=\"auto\">El productor de esta\u00a0serie\u00a0es\u00a0Homero Bibiano Fern\u00e1ndez, adscrito a Tele UV,\u00a0quien\u00a0explic\u00f3 que est\u00e1n en la b\u00fasqueda de poder compartirle a la poblaci\u00f3n de\u00a0la entidad\u00a0d\u00f3nde\u00a0est\u00e1\u00a0la llamada\u00a0\u201ctercera ra\u00edz\u201d.<\/span><span data-ccp-props=\"{&quot;335559731&quot;:708}\">\u00a0<\/span><\/p>\n<p><span data-contrast=\"auto\">Por ello,\u00a0uno de los prop\u00f3sitos\u00a0es\u00a0despertar la sensibilidad hacia el racismo, la clase o la discriminaci\u00f3n, as\u00ed como conocer datos hist\u00f3ricos relevantes. Todo ello a trav\u00e9s de narraciones, descripciones y escenas que muestran la riqueza resultante de una fusi\u00f3n racial y cultural que se dio en\u00a0el estado\u00a0a partir de la llegada de los europeos.<\/span><span data-ccp-props=\"{&quot;335559731&quot;:708}\">\u00a0<\/span><\/p>\n<p><span data-contrast=\"auto\">Adem\u00e1s, los\u00a0objetivos son<\/span><b><span data-contrast=\"auto\">\u00a0<\/span><\/b><span data-contrast=\"auto\">abonar a una cultura de paz a partir del reconocimiento de la diversidad cultural que incluye la ra\u00edz negra, identificar la herencia afrodescendiente en las expresiones sociales, culturales y econ\u00f3micas del Veracruz actual,\u00a0y brindar informaci\u00f3n para fundamentar las reformas constitucionales necesarias para reconocer legalmente a los pueblos\u00a0afromestizos\u00a0en M\u00e9xico.<\/span><\/p>\n<div id=\"attachment_101097\" style=\"width: 732px\" class=\"wp-caption aligncenter\"><a href=\"https:\/\/www.uv.mx\/prensa\/files\/2021\/08\/110821-KARINA-Veracruz-Afro-2-100k.jpg\"><img aria-describedby=\"caption-attachment-101097\" decoding=\"async\" loading=\"lazy\" class=\"size-full wp-image-101097\" src=\"https:\/\/www.uv.mx\/prensa\/files\/2021\/08\/110821-KARINA-Veracruz-Afro-2-100k.jpg\" alt=\"El objetivo es abonar a una cultura de paz, a partir del reconocimiento de la diversidad cultural \" width=\"722\" height=\"542\" srcset=\"https:\/\/www.uv.mx\/prensa\/files\/2021\/08\/110821-KARINA-Veracruz-Afro-2-100k.jpg 722w, https:\/\/www.uv.mx\/prensa\/files\/2021\/08\/110821-KARINA-Veracruz-Afro-2-100k-300x225.jpg 300w\" sizes=\"(max-width: 722px) 100vw, 722px\" \/><\/a><p id=\"caption-attachment-101097\" class=\"wp-caption-text\">El objetivo es abonar a una cultura de paz, a partir del reconocimiento de la diversidad cultural<\/p><\/div>\n<p><b><span data-contrast=\"auto\">La tercera ra\u00edz est\u00e1 en todo el territorio veracruzano<\/span><\/b><span data-ccp-props=\"{}\"><br \/>\n<\/span><span data-contrast=\"auto\">La serie est\u00e1 conformada por\u00a0nueve\u00a0cap\u00edtulos, cada uno con duraci\u00f3n de 27 minutos.<\/span><b><span data-contrast=\"auto\">\u00a0<\/span><\/b><span data-contrast=\"auto\">La tem\u00e1tica de cada\u00a0uno\u00a0tom\u00f3 como criterio principal la regionalizaci\u00f3n,\u00a0aunque\u00a0siempre tendr\u00e1n una correlaci\u00f3n con el resto de la serie.\u00a0A manera de ejemplo, el productor de Tele UV coment\u00f3 sobre\u00a0las pr\u00e1cticas de pesca\u00a0de tradici\u00f3n afrodescendiente\u00a0que a\u00fan se conservan\u00a0en la regi\u00f3n de\u00a0Tamiahua,\u00a0ubicada al norte de Veracruz.\u00a0As\u00ed, en toda\u00a0la entidad est\u00e1 en la\u00a0gastronom\u00eda y la m\u00fasica.<\/span><span data-ccp-props=\"{}\">\u00a0<\/span><\/p>\n<p><span data-contrast=\"auto\">En los cap\u00edtulos se\u00a0hablar\u00e1\u00a0de\u00a0la ciudad y puerto de Veracruz y en ellos se expondr\u00e1 la base hist\u00f3rica del tema; de\u00a0la regi\u00f3n del barlovento veracruzano, desde la costa norte del Golfo de M\u00e9xico, pasando por Xalapa, hasta la zona de las altas monta\u00f1as;\u00a0del\u00a0norte, particularmente de la zona de\u00a0Tamiahua; del\u00a0sur, desde\u00a0Cosoleacaque, Minatitl\u00e1n y Coatzacoalcos hasta la frontera con Tabasco; y\u00a0del sotavento,\u00a0partiendo de\u00a0Alvarado y los municipios cercanos hasta Catemaco, incluyendo toda la\u00a0regi\u00f3n de Los Tuxtlas.<\/span><span data-ccp-props=\"{}\">\u00a0<\/span><\/p>\n<p><span data-contrast=\"auto\">En espec\u00edfico, los carnavales de\u00a0Coyolillo,\u00a0Almolonga, Alto\u00a0T\u00edo Diego y el son jarocho.<\/span><span data-ccp-props=\"{}\">\u00a0<\/span><\/p>\n<p><span data-contrast=\"auto\">Adem\u00e1s,\u00a0para este trabajo se escribi\u00f3 letra y m\u00fasica original con referencia a la presencia negra en nuestro pa\u00eds, a cargo de Jos\u00e9 Miguel Flores.\u00a0La\u00a0mu\u0301sica\u00a0instrumental\u00a0estuvo\u00a0a cargo de\u00a0Randall C. Kohl y Rafael Cameras Myers, en la producci\u00f3n; mientras los compositores\u00a0fueron:\u00a0Tim Mayer, Jorge\u00a0O\u0301scar\u00a0Gonza\u0301lez\u00a0y\u00a0Leandro Luis Rey.<\/span><span data-ccp-props=\"{&quot;335559731&quot;:708}\">\u00a0<\/span><\/p>\n<p><span data-contrast=\"auto\">El\u00a0guion\u00a0de la serie fue elaborado a partir de fuentes documentales, cinematogr\u00e1ficas y videogr\u00e1ficas, publicaciones de reconocidos investigadores de las instituciones participantes, y entrevistas a acad\u00e9micos y ciudadanos en general.<\/span><span data-ccp-props=\"{&quot;335559731&quot;:708}\">\u00a0<\/span><\/p>\n<p><span data-contrast=\"auto\">Entre las instituciones que colaboran en la realizaci\u00f3n de esta serie se encuentran el Instituto de Antropolog\u00eda de la UV, el Centro de Investigaci\u00f3n y Documentaci\u00f3n sobre la Universidad Veracruzana, el Instituto de Investigaciones Hist\u00f3rico-Sociales, la Direcci\u00f3n de Difusi\u00f3n Cultural y el \u00c1rea Acad\u00e9mica de Artes. Tambi\u00e9n participan el Instituto Veracruzano de la Cultura, a trav\u00e9s de la Unidad de Culturas Populares, y la Secretar\u00eda de Cultura, a trav\u00e9s de la Direcci\u00f3n General de Culturas Populares, Ind\u00edgenas y Urbanas.<\/span><span data-ccp-props=\"{&quot;335559731&quot;:708}\">\u00a0<\/span><\/p>\n<p><span data-contrast=\"auto\">A manera de\u00a0invitar a ver esta\u00a0serie documental, Homero Bibiano expuso\u00a0que\u00a0si\u00a0cre\u00edamos que el uso de la hoja de pl\u00e1tano\u00a0para cocinar\u00a0o conservar alimentos\u00a0era una herencia prehisp\u00e1nica,\u00a0hemos estado\u00a0en una\u00a0equivocaci\u00f3n. \u201cHay m\u00e1s costumbres\u00a0de las que nosotros pensamos\u00a0que no son de influencia ind\u00edgena sino\u00a0afrodescendiente\u201d.<\/span><span data-ccp-props=\"{}\">\u00a0<\/span><\/p>\n","protected":false},"excerpt":{"rendered":"<p>Uno de los objetivos de esta propuesta audiovisual es aportar elementos para la reflexi\u00f3n y el reconocimiento de la ra\u00edz africana y su influencia en Veracruz <\/p>\n","protected":false},"author":1775,"featured_media":101098,"comment_status":"closed","ping_status":"closed","sticky":false,"template":"","format":"standard","meta":[],"categories":[61],"tags":[1266,2042,2043,3753,2202,2064],"_links":{"self":[{"href":"https:\/\/www.uv.mx\/prensa\/wp-json\/wp\/v2\/posts\/101095"}],"collection":[{"href":"https:\/\/www.uv.mx\/prensa\/wp-json\/wp\/v2\/posts"}],"about":[{"href":"https:\/\/www.uv.mx\/prensa\/wp-json\/wp\/v2\/types\/post"}],"author":[{"embeddable":true,"href":"https:\/\/www.uv.mx\/prensa\/wp-json\/wp\/v2\/users\/1775"}],"replies":[{"embeddable":true,"href":"https:\/\/www.uv.mx\/prensa\/wp-json\/wp\/v2\/comments?post=101095"}],"version-history":[{"count":1,"href":"https:\/\/www.uv.mx\/prensa\/wp-json\/wp\/v2\/posts\/101095\/revisions"}],"predecessor-version":[{"id":101264,"href":"https:\/\/www.uv.mx\/prensa\/wp-json\/wp\/v2\/posts\/101095\/revisions\/101264"}],"wp:featuredmedia":[{"embeddable":true,"href":"https:\/\/www.uv.mx\/prensa\/wp-json\/wp\/v2\/media\/101098"}],"wp:attachment":[{"href":"https:\/\/www.uv.mx\/prensa\/wp-json\/wp\/v2\/media?parent=101095"}],"wp:term":[{"taxonomy":"category","embeddable":true,"href":"https:\/\/www.uv.mx\/prensa\/wp-json\/wp\/v2\/categories?post=101095"},{"taxonomy":"post_tag","embeddable":true,"href":"https:\/\/www.uv.mx\/prensa\/wp-json\/wp\/v2\/tags?post=101095"}],"curies":[{"name":"wp","href":"https:\/\/api.w.org\/{rel}","templated":true}]}}