{"id":101044,"date":"2021-08-26T09:33:56","date_gmt":"2021-08-26T14:33:56","guid":{"rendered":"https:\/\/www.uv.mx\/prensa\/?p=101044"},"modified":"2021-08-26T15:35:53","modified_gmt":"2021-08-26T20:35:53","slug":"vicerrectores-exponen-logros-en-sustentabilidad","status":"publish","type":"post","link":"https:\/\/www.uv.mx\/prensa\/regiones\/vicerrectores-exponen-logros-en-sustentabilidad\/","title":{"rendered":"Vicerrectores exponen logros en sustentabilidad"},"content":{"rendered":"<ul>\n<li data-leveltext=\"\uf0b7\" data-font=\"Symbol\" data-listid=\"14\" data-aria-posinset=\"1\" data-aria-level=\"1\"><i><span data-contrast=\"auto\">Dieron a conocer tambi\u00e9n los retos con horizonte\u00a0al 2030, en donde dijeron se tiene un gran desaf\u00edo para lograr\u00a0el desarrollo sustentable<\/span><\/i><span data-ccp-props=\"{&quot;201341983&quot;:0,&quot;335559739&quot;:0,&quot;335559740&quot;:240}\">\u00a0<\/span><\/li>\n<\/ul>\n<p><span data-ccp-props=\"{&quot;201341983&quot;:0,&quot;335559739&quot;:0,&quot;335559740&quot;:240}\">\u00a0<\/span><\/p>\n<div id=\"attachment_101045\" style=\"width: 732px\" class=\"wp-caption aligncenter\"><a href=\"https:\/\/www.uv.mx\/prensa\/files\/2021\/08\/25082021-Vicerrectores-logros-en-sustentabilidad-1-100k.jpg\"><img aria-describedby=\"caption-attachment-101045\" decoding=\"async\" loading=\"lazy\" class=\"size-full wp-image-101045\" src=\"https:\/\/www.uv.mx\/prensa\/files\/2021\/08\/25082021-Vicerrectores-logros-en-sustentabilidad-1-100k.jpg\" alt=\"Los cuatro vicerrectores de la UV expusieron los logros alcanzados en materia de sustentabilidad en sus respectivas regiones \" width=\"722\" height=\"358\" srcset=\"https:\/\/www.uv.mx\/prensa\/files\/2021\/08\/25082021-Vicerrectores-logros-en-sustentabilidad-1-100k.jpg 722w, https:\/\/www.uv.mx\/prensa\/files\/2021\/08\/25082021-Vicerrectores-logros-en-sustentabilidad-1-100k-300x149.jpg 300w\" sizes=\"(max-width: 722px) 100vw, 722px\" \/><\/a><p id=\"caption-attachment-101045\" class=\"wp-caption-text\">Los cuatro vicerrectores de la UV expusieron los logros alcanzados en materia de sustentabilidad en sus respectivas regiones<\/p><\/div>\n<p>&nbsp;<\/p>\n<p><b><i><span data-contrast=\"auto\">Jos\u00e9 Luis\u00a0Couttolenc\u00a0Soto<\/span><\/i><\/b><span data-ccp-props=\"{&quot;201341983&quot;:0,&quot;335559739&quot;:0,&quot;335559740&quot;:240}\">\u00a0<\/span><\/p>\n<p><b><i><span data-contrast=\"auto\">26\/08\/2021, Xalapa,\u00a0Ver.-<\/span><\/i><\/b><span data-contrast=\"auto\">\u00a0Los vicerrectores\u00a0de las\u00a0cuatro\u00a0regiones\u00a0de la <a href=\"https:\/\/www.uv.mx\/\" target=\"_blank\" rel=\"noopener\">Universidad Veracruzana<\/a> (UV) participaron en el panel\u00a0\u201cVisi\u00f3n de la sustentabilidad\u201d\u00a0y\u00a0dieron a conocer los alcances obtenidos en\u00a0la\u00a0materia durante su gesti\u00f3n,\u00a0as\u00ed como\u00a0los retos que se habr\u00e1n de enfrentar en\u00a0el futuro, dentro de las actividades de la Feria Universitaria de Sustentabilidad \u201cExpo Sustenta 2021\u201d.<\/span><span data-ccp-props=\"{&quot;201341983&quot;:0,&quot;335559739&quot;:0,&quot;335559740&quot;:240}\">\u00a0<\/span><\/p>\n<p><span data-contrast=\"auto\">Jos\u00e9 Eduardo Mart\u00ednez Canales, de la regi\u00f3n Orizaba-C\u00f3rdoba,\u00a0mencion\u00f3 que\u00a0en\u00a0apego\u00a0al Plan Maestro\u00a0de\u00a0Sustentabilidad\u00a02030, la UV contribuy\u00f3 mediante diversas acciones al uso apropiado y eficiente del agua, energ\u00eda el\u00e9ctrica y de insumos en las diferentes entidades universitarias, apoyados en las tecnolog\u00edas para la informaci\u00f3n y la comunicaci\u00f3n.<\/span><span data-ccp-props=\"{&quot;201341983&quot;:0,&quot;335559739&quot;:0,&quot;335559740&quot;:240}\">\u00a0<\/span><\/p>\n<p><span data-contrast=\"auto\">En tanto, Jos\u00e9 Luis Alan\u00eds M\u00e9ndez,\u00a0de la regi\u00f3n Poza Rica-Tuxpan, destac\u00f3 como logro importante el fortalecimiento en el imaginario cultural universitario, la idea de la sustentabilidad vista como la integraci\u00f3n de beneficios sociales que involucran la salud, el ambiente y lo econ\u00f3mico, \u201cque es como actualmente la comunidad universitaria la refleja\u201d, y puntualiz\u00f3 que la sustentabilidad debe estar presente en la formaci\u00f3n acad\u00e9mica y personal.<\/span><span data-ccp-props=\"{&quot;201341983&quot;:0,&quot;335559739&quot;:0,&quot;335559740&quot;:240}\">\u00a0<\/span><\/p>\n<p><span data-contrast=\"auto\">Por su parte,\u00a0Carlos Lamothe Zavaleta, de la regi\u00f3n Coatzacoalcos-Minatitl\u00e1n, expres\u00f3 que se debe considerar a la UV como un agente de cambio en donde no solamente se forman profesionales con conciencia ciudadana, perspectiva de g\u00e9nero, inclusi\u00f3n y derechos humanos, entre otros.<\/span><span data-ccp-props=\"{&quot;201341983&quot;:0,&quot;335559731&quot;:708,&quot;335559739&quot;:0,&quot;335559740&quot;:240}\">\u00a0<\/span><\/p>\n<p><span data-contrast=\"auto\">Dijo que a partir de 2018 se estableci\u00f3 el equipo de trabajo para la sustentabilidad, en donde 21 elementos de las distintas facultades que all\u00ed se ubican realizan trabajos colectivos en favor de la sustentabilidad.<\/span><span data-ccp-props=\"{&quot;201341983&quot;:0,&quot;335559731&quot;:708,&quot;335559739&quot;:0,&quot;335559740&quot;:240}\">\u00a0<\/span><\/p>\n<p><span data-contrast=\"auto\">Por\u00a0\u00faltimo\u00a0Alfonso Gerardo P\u00e9rez Morales,\u00a0de la regi\u00f3n Veracruz, refiri\u00f3\u00a0que son diversos los logros obtenidos,\u00a0entre los que\u00a0se encuentran la creaci\u00f3n y fortalecimiento del programa de huertos, seguimiento a los caparazones\u00a0saludables en el \u00e1rea de lagos de la regi\u00f3n, se establecieron las coordinaciones en cada una de las entidades universitarias, y se realizaron actividades como conferencias y pl\u00e1ticas sobre sustentabilidad, 57 ferias sobre este tema y encuentros con el medio ambiente, entre otras.<\/span><span data-ccp-props=\"{&quot;201341983&quot;:0,&quot;335559731&quot;:708,&quot;335559739&quot;:0,&quot;335559740&quot;:240}\">\u00a0<\/span><\/p>\n<p><span data-contrast=\"auto\">Con la moderaci\u00f3n de Rossana In\u00e9s Castellanos Olivares,\u00a0coordinadora operativa de la Red Universitaria para la Sustentabilidad de la\u00a0<\/span><i><span data-contrast=\"auto\">Cosustenta<\/span><\/i><span data-contrast=\"auto\">,\u00a0se pregunt\u00f3 a los vicerrectores sobre cu\u00e1les son los retos en sustentabilidad con horizonte al 2030, a lo que respondieron que son, entre otros:<\/span><span data-contrast=\"auto\">\u00a0<\/span><span data-contrast=\"none\">consolidar el trabajo que han venido realizando los cuerpos acad\u00e9micos que tienen l\u00edneas de generaci\u00f3n y aplicaci\u00f3n del conocimiento en materia de sustentabilidad, as\u00ed como el del\u00a0Observatorio\u00a0Urbano\u00a0Arquitect\u00f3nico de\u00a0Entornos\u00a0S<\/span><span data-contrast=\"none\">aludables, creado el a\u00f1o pasado para trabajar la sustentabilidad.<\/span><span data-ccp-props=\"{&quot;201341983&quot;:0,&quot;335559731&quot;:708,&quot;335559739&quot;:0,&quot;335559740&quot;:240}\">\u00a0<\/span><\/p>\n<p><span data-contrast=\"none\">Tambi\u00e9n el relacionado con el desarrollo sostenible, que involucra el\u00a0manejo adecuado de los recursos materiales, financieros y humanos;\u00a0el manejo respetuoso del agua, aprovechamiento inteligente de la energ\u00eda el\u00e9ctrica y la minimizaci\u00f3n de los residuos; establecimiento de\u00a0pol\u00edticas\u00a0y\u00a0estrategias que permitan coadyuvar\u00a0al logro de los 17 objetivos de\u00a0sostenibilidad, promoviendo la Agenda 2030; cambiar los actuales paradigmas, puesto se maneja un modelo de varios a\u00f1os atr\u00e1s, que obliga a implementarlos de mejor manera\u00a0dado las condiciones actuales.<\/span><span data-ccp-props=\"{&quot;201341983&quot;:0,&quot;335559739&quot;:0,&quot;335559740&quot;:240}\">\u00a0<\/span><\/p>\n<p><span data-contrast=\"none\">Se\u00f1alaron que como universitarios\u00a0tienen\u00a0la obligaci\u00f3n de no tener l\u00edmites,\u00a0sino\u00a0verlo como una situaci\u00f3n mundial en donde\u00a0la\u00a0Universidad tiene que participar con fuerza y energ\u00eda, lo que implica transversalizar la sustentabilidad en cada una de las experiencias educativas.<\/span><span data-ccp-props=\"{&quot;201341983&quot;:0,&quot;335559739&quot;:0,&quot;335559740&quot;:240}\">\u00a0<\/span><\/p>\n","protected":false},"excerpt":{"rendered":"<p>Dieron a conocer los alcances obtenidos en la materia durante su gesti\u00f3n, as\u00ed como los retos qa futuro, dentro de las actividades de la \u201cExpo Sustenta 2021\u201d <\/p>\n","protected":false},"author":1775,"featured_media":101045,"comment_status":"closed","ping_status":"closed","sticky":false,"template":"","format":"standard","meta":[],"categories":[32],"tags":[3748,3747,1641,33,3745,3746],"_links":{"self":[{"href":"https:\/\/www.uv.mx\/prensa\/wp-json\/wp\/v2\/posts\/101044"}],"collection":[{"href":"https:\/\/www.uv.mx\/prensa\/wp-json\/wp\/v2\/posts"}],"about":[{"href":"https:\/\/www.uv.mx\/prensa\/wp-json\/wp\/v2\/types\/post"}],"author":[{"embeddable":true,"href":"https:\/\/www.uv.mx\/prensa\/wp-json\/wp\/v2\/users\/1775"}],"replies":[{"embeddable":true,"href":"https:\/\/www.uv.mx\/prensa\/wp-json\/wp\/v2\/comments?post=101044"}],"version-history":[{"count":1,"href":"https:\/\/www.uv.mx\/prensa\/wp-json\/wp\/v2\/posts\/101044\/revisions"}],"predecessor-version":[{"id":101051,"href":"https:\/\/www.uv.mx\/prensa\/wp-json\/wp\/v2\/posts\/101044\/revisions\/101051"}],"wp:featuredmedia":[{"embeddable":true,"href":"https:\/\/www.uv.mx\/prensa\/wp-json\/wp\/v2\/media\/101045"}],"wp:attachment":[{"href":"https:\/\/www.uv.mx\/prensa\/wp-json\/wp\/v2\/media?parent=101044"}],"wp:term":[{"taxonomy":"category","embeddable":true,"href":"https:\/\/www.uv.mx\/prensa\/wp-json\/wp\/v2\/categories?post=101044"},{"taxonomy":"post_tag","embeddable":true,"href":"https:\/\/www.uv.mx\/prensa\/wp-json\/wp\/v2\/tags?post=101044"}],"curies":[{"name":"wp","href":"https:\/\/api.w.org\/{rel}","templated":true}]}}