{"id":101026,"date":"2021-08-25T12:53:12","date_gmt":"2021-08-25T17:53:12","guid":{"rendered":"https:\/\/www.uv.mx\/prensa\/?p=101026"},"modified":"2021-08-26T15:38:12","modified_gmt":"2021-08-26T20:38:12","slug":"tratados-de-cordoba-reconocen-la-independencia-de-mexico","status":"publish","type":"post","link":"https:\/\/www.uv.mx\/prensa\/banner\/tratados-de-cordoba-reconocen-la-independencia-de-mexico\/","title":{"rendered":"Tratados de C\u00f3rdoba\u00a0reconocen\u00a0la\u00a0independencia de M\u00e9xico\u00a0"},"content":{"rendered":"<ul>\n<li data-leveltext=\"\uf0b7\" data-font=\"Symbol\" data-listid=\"1\" data-aria-posinset=\"1\" data-aria-level=\"1\"><i><span data-contrast=\"auto\">\u201cSientan las bases para que se constituya un M\u00e9xico libre de la Corona espa\u00f1ola\u201d:\u00a0Luciano Concheiro<\/span><\/i><span data-ccp-props=\"{&quot;134233279&quot;:true,&quot;201341983&quot;:0,&quot;335559739&quot;:160,&quot;335559740&quot;:240}\">\u00a0<\/span><\/li>\n<li data-leveltext=\"\uf0b7\" data-font=\"Symbol\" data-listid=\"1\" data-aria-posinset=\"2\" data-aria-level=\"1\"><i><span data-contrast=\"auto\">\u201cConstituyen los primeros documentos legales en los que se reconoc\u00eda la independencia de M\u00e9xico de la Corona espa\u00f1ola\u201d: Sara Ladr\u00f3n de Guevara<\/span><\/i><span data-ccp-props=\"{&quot;134233279&quot;:true,&quot;201341983&quot;:0,&quot;335559739&quot;:160,&quot;335559740&quot;:240}\">\u00a0<\/span><\/li>\n<\/ul>\n<p><span data-ccp-props=\"{&quot;201341983&quot;:0,&quot;335559739&quot;:160,&quot;335559740&quot;:240}\">\u00a0<\/span><\/p>\n<p><span data-ccp-props=\"{&quot;201341983&quot;:0,&quot;335559739&quot;:160,&quot;335559740&quot;:240}\">\u00a0<\/span><\/p>\n<div id=\"attachment_101027\" style=\"width: 732px\" class=\"wp-caption aligncenter\"><img loading=\"lazy\" decoding=\"async\" aria-describedby=\"caption-attachment-101027\" class=\"size-full wp-image-101027\" src=\"https:\/\/www.uv.mx\/prensa\/files\/2021\/08\/240821-PAOLA-Tratados-Codoba-1.jpg\" alt=\"\" width=\"722\" height=\"383\" srcset=\"https:\/\/www.uv.mx\/prensa\/files\/2021\/08\/240821-PAOLA-Tratados-Codoba-1.jpg 722w, https:\/\/www.uv.mx\/prensa\/files\/2021\/08\/240821-PAOLA-Tratados-Codoba-1-300x159.jpg 300w\" sizes=\"auto, (max-width: 722px) 100vw, 722px\" \/><p id=\"caption-attachment-101027\" class=\"wp-caption-text\">Sara Ladr\u00f3n de Guevara\u00a0destac\u00f3 que los Tratados\u00a0brindaron legalidad y legitimidad al nuevo Estado mexicano<\/p><\/div>\n<p><span data-ccp-props=\"{&quot;201341983&quot;:0,&quot;335559739&quot;:160,&quot;335559740&quot;:240}\">\u00a0<\/span><\/p>\n<p><b><i><span data-contrast=\"auto\">Paola Cortes\u00a0P\u00e9rez<\/span><\/i><\/b><span data-ccp-props=\"{&quot;201341983&quot;:0,&quot;335559739&quot;:160,&quot;335559740&quot;:240}\">\u00a0<\/span><\/p>\n<p><b><i><span data-contrast=\"auto\">25\/08\/2021, Xalapa, Ver.-<\/span><\/i><\/b><span data-contrast=\"auto\">\u00a0Los Tratados de C\u00f3rdoba fueron los primeros documentos legales en los que se reconoc\u00eda la\u00a0independencia de M\u00e9xico, coment\u00f3\u00a0la rectora de la <a href=\"https:\/\/www.uv.mx\/\" target=\"_blank\" rel=\"noopener\">Universidad Veracruzana<\/a> (UV), Sara Ladr\u00f3n de Guevara, durante la inauguraci\u00f3n del evento acad\u00e9mico \u201cDesaf\u00edos para la consolidaci\u00f3n de la\u00a0independencia de M\u00e9xico\u201d.<\/span><span data-ccp-props=\"{&quot;201341983&quot;:0,&quot;335559739&quot;:160,&quot;335559740&quot;:240}\">\u00a0<\/span><\/p>\n<p><span data-contrast=\"auto\">El\u00a0conversatorio forma parte de la\u00a0conmemoraci\u00f3n\u00a0de los 200 a\u00f1os de los Tratados de\u00a0C\u00f3rdoba, que convoca el Gobierno de M\u00e9xico\u00a0a trav\u00e9s\u00a0de la Secretar\u00eda de Educaci\u00f3n P\u00fablica (SEP)\u00a0y bajo la coordinaci\u00f3n de la Subsecretar\u00eda de Educaci\u00f3n Superior.<\/span><span data-ccp-props=\"{&quot;201341983&quot;:0,&quot;335559731&quot;:708,&quot;335559739&quot;:160,&quot;335559740&quot;:240}\">\u00a0<\/span><\/p>\n<p><span data-contrast=\"auto\">El evento se realiz\u00f3 de manera virtual la tarde-noche del martes 24 de agosto en la plataforma digital\u00a0<\/span><i><span data-contrast=\"auto\">Zoom<\/span><\/i><span data-contrast=\"auto\">, con la participaci\u00f3n de<\/span><i><span data-contrast=\"auto\">\u00a0<\/span><\/i><span data-contrast=\"auto\">la rectora de la UV, Sara Ladr\u00f3n de Guevara; el subsecretario de Educaci\u00f3n Superior,\u00a0Luciano Concheiro\u00a0B\u00f3rquez, y\u00a0\u00c1ngeles\u00a0Gordillo, directora general de\u00a0Interculturas, en representaci\u00f3n de\u00a0la directora general de Educaci\u00f3n Superior Universitaria e Intercultural de la SEP.<\/span><span data-ccp-props=\"{&quot;201341983&quot;:0,&quot;335559731&quot;:708,&quot;335559739&quot;:160,&quot;335559740&quot;:240}\">\u00a0<\/span><\/p>\n<p><span data-contrast=\"auto\">Luciano Concheiro dijo que la gran lecci\u00f3n de los Tratados de C\u00f3rdoba es que no existe\u00a0independencia permanente, sino la lucha por la independencia y la soberan\u00eda nacional.<\/span><span data-ccp-props=\"{&quot;201341983&quot;:0,&quot;335559731&quot;:708,&quot;335559739&quot;:160,&quot;335559740&quot;:240}\">\u00a0<\/span><\/p>\n<p><span data-contrast=\"auto\">\u201cLos tratados celebrados en la\u00a0villa de C\u00f3rdoba\u00a0tomaron lo esencial del\u00a0Plan\u00a0de Iguala, agregaron fuerza y certeza pol\u00edtica al movimiento de independencia;\u00a0sentaron\u00a0las bases para que se constituyera un M\u00e9xico libre de la Corona espa\u00f1ola.\u201d<\/span><span data-ccp-props=\"{&quot;201341983&quot;:0,&quot;335559731&quot;:708,&quot;335559739&quot;:160,&quot;335559740&quot;:240}\">\u00a0<\/span><\/p>\n<p><span data-contrast=\"auto\">En tanto, Sara Ladr\u00f3n de Guevara mencion\u00f3 que la relevancia de los Tratados de C\u00f3rdoba\u00a0radica en que\u00a0gracias a ellos\u00a0los territorios pertenecientes a la Nueva Espa\u00f1a\u00a0dieron forma a una\u00a0naci\u00f3n\u00a0soberana e independiente,\u00a0adem\u00e1s brindaron legalidad y\u00a0legitimidad\u00a0al nuevo Estado mexicano.<\/span><span data-ccp-props=\"{&quot;201341983&quot;:0,&quot;335559731&quot;:708,&quot;335559739&quot;:160,&quot;335559740&quot;:240}\">\u00a0<\/span><\/p>\n<p><span data-contrast=\"auto\">Record\u00f3 que los tratados\u00a0firmados el 24 de agosto de 1821\u00a0fueron, por un lado, el gran reflejo\u00a0pol\u00edtico\u00a0por alcanzar un ajuste entre las diferentes propuestas, proyectos, intereses e ideales\u00a0que emergieron\u00a0durante la guerra de insurgencia.<\/span><span data-ccp-props=\"{&quot;201341983&quot;:0,&quot;335559731&quot;:708,&quot;335559739&quot;:160,&quot;335559740&quot;:240}\">\u00a0<\/span><\/p>\n<p><span data-contrast=\"auto\">Por otro lado, se\u00f1al\u00f3, constituyen\u00a0los primeros documentos legales en los que se reconoc\u00eda la independencia de M\u00e9xico de la Corona espa\u00f1ola.<\/span><span data-ccp-props=\"{&quot;201341983&quot;:0,&quot;335559731&quot;:708,&quot;335559739&quot;:160,&quot;335559740&quot;:240}\">\u00a0<\/span><\/p>\n<p><span data-contrast=\"auto\">\u201cRecordemos y celebremos la firma de los Tratados de C\u00f3rdoba como lo que representan y siguen representando para los mexicanos: el punto final a 300 a\u00f1os de dominio colonial, y el\u00a0punto de partida de lo que 200 a\u00f1os despu\u00e9s somos,\u00a0una naci\u00f3n libre y soberana.\u201d<\/span><span data-ccp-props=\"{&quot;201341983&quot;:0,&quot;335559731&quot;:708,&quot;335559739&quot;:160,&quot;335559740&quot;:240}\">\u00a0<\/span><\/p>\n<p><span data-contrast=\"auto\">Al inicio del evento estuvieron presentes\u00a0los titulares de las secretar\u00edas\u00a0Acad\u00e9mica,\u00a0de Administraci\u00f3n y Finanzas,\u00a0y de Desarrollo Institucional,\u00a0Magdalena Hern\u00e1ndez Alarc\u00f3n,\u00a0Salvador Tapia\u00a0Spinoso\u00a0y\u00a0Octavio Ochoa Contreras, respectivamente; as\u00ed como vicerrectores de las regiones universitarias, directores de \u00e1reas acad\u00e9micas y administrativas,\u00a0y\u00a0comunidad estudiantil.<\/span><span data-ccp-props=\"{&quot;201341983&quot;:0,&quot;335559731&quot;:708,&quot;335559739&quot;:160,&quot;335559740&quot;:240}\">\u00a0<\/span><\/p>\n<p><span data-ccp-props=\"{&quot;201341983&quot;:0,&quot;335559739&quot;:160,&quot;335559740&quot;:240}\">\u00a0<\/span><\/p>\n<div id=\"attachment_101028\" style=\"width: 732px\" class=\"wp-caption aligncenter\"><img loading=\"lazy\" decoding=\"async\" aria-describedby=\"caption-attachment-101028\" class=\"size-full wp-image-101028\" src=\"https:\/\/www.uv.mx\/prensa\/files\/2021\/08\/240821-PAOLA-Tratados-de-Cordoba-2.jpg\" alt=\"\" width=\"722\" height=\"379\" srcset=\"https:\/\/www.uv.mx\/prensa\/files\/2021\/08\/240821-PAOLA-Tratados-de-Cordoba-2.jpg 722w, https:\/\/www.uv.mx\/prensa\/files\/2021\/08\/240821-PAOLA-Tratados-de-Cordoba-2-300x157.jpg 300w\" sizes=\"auto, (max-width: 722px) 100vw, 722px\" \/><p id=\"caption-attachment-101028\" class=\"wp-caption-text\">Luciano Concheiro dijo que los Tratados de C\u00f3rdoba nos ense\u00f1an que no existe independencia permanente<\/p><\/div>\n","protected":false},"excerpt":{"rendered":"<p>\u201cLos tratados celebrados en la villa de C\u00f3rdoba tomaron lo esencial del Plan de Iguala, agregaron fuerza y certeza pol\u00edtica al movimiento de independencia; sentaron las bases para que se constituyera un M\u00e9xico libre de la Corona espa\u00f1ola\u201d\u00a0<\/p>\n","protected":false},"author":1869,"featured_media":101029,"comment_status":"closed","ping_status":"closed","sticky":false,"template":"","format":"standard","meta":{"footnotes":""},"categories":[61],"tags":[],"class_list":["post-101026","post","type-post","status-publish","format-standard","has-post-thumbnail","hentry","category-banner"],"_links":{"self":[{"href":"https:\/\/www.uv.mx\/prensa\/wp-json\/wp\/v2\/posts\/101026","targetHints":{"allow":["GET"]}}],"collection":[{"href":"https:\/\/www.uv.mx\/prensa\/wp-json\/wp\/v2\/posts"}],"about":[{"href":"https:\/\/www.uv.mx\/prensa\/wp-json\/wp\/v2\/types\/post"}],"author":[{"embeddable":true,"href":"https:\/\/www.uv.mx\/prensa\/wp-json\/wp\/v2\/users\/1869"}],"replies":[{"embeddable":true,"href":"https:\/\/www.uv.mx\/prensa\/wp-json\/wp\/v2\/comments?post=101026"}],"version-history":[{"count":1,"href":"https:\/\/www.uv.mx\/prensa\/wp-json\/wp\/v2\/posts\/101026\/revisions"}],"predecessor-version":[{"id":101054,"href":"https:\/\/www.uv.mx\/prensa\/wp-json\/wp\/v2\/posts\/101026\/revisions\/101054"}],"wp:featuredmedia":[{"embeddable":true,"href":"https:\/\/www.uv.mx\/prensa\/wp-json\/wp\/v2\/media\/101029"}],"wp:attachment":[{"href":"https:\/\/www.uv.mx\/prensa\/wp-json\/wp\/v2\/media?parent=101026"}],"wp:term":[{"taxonomy":"category","embeddable":true,"href":"https:\/\/www.uv.mx\/prensa\/wp-json\/wp\/v2\/categories?post=101026"},{"taxonomy":"post_tag","embeddable":true,"href":"https:\/\/www.uv.mx\/prensa\/wp-json\/wp\/v2\/tags?post=101026"}],"curies":[{"name":"wp","href":"https:\/\/api.w.org\/{rel}","templated":true}]}}