{"id":100796,"date":"2021-08-19T17:33:26","date_gmt":"2021-08-19T22:33:26","guid":{"rendered":"https:\/\/www.uv.mx\/prensa\/?p=100796"},"modified":"2021-08-20T08:17:02","modified_gmt":"2021-08-20T13:17:02","slug":"con-mexico-en-dos-tiempos-1521-1821-uv-acude-puntual-a-la-cita-con-la-historia","status":"publish","type":"post","link":"https:\/\/www.uv.mx\/prensa\/banner\/con-mexico-en-dos-tiempos-1521-1821-uv-acude-puntual-a-la-cita-con-la-historia\/","title":{"rendered":"Con\u00a0<em>M\u00e9xico en dos tiempos:\u00a01521,\u00a01821<\/em>,\u00a0UV acude puntual a la cita con la historia\u00a0"},"content":{"rendered":"<ul>\n<li data-leveltext=\"\uf0b7\" data-font=\"Symbol\" data-listid=\"1\" data-aria-posinset=\"1\" data-aria-level=\"1\"><i><span data-contrast=\"auto\">Un total de\u00a011 estudiosos de la historia\u00a0fueron reunidos en la obra<\/span><\/i><span data-ccp-props=\"{&quot;134233279&quot;:true,&quot;201341983&quot;:0,&quot;335559739&quot;:160,&quot;335559740&quot;:240}\">\u00a0<\/span><\/li>\n<\/ul>\n<p><span data-ccp-props=\"{&quot;134233279&quot;:true,&quot;201341983&quot;:0,&quot;335559739&quot;:160,&quot;335559740&quot;:240}\">\u00a0<\/span><\/p>\n<div id=\"attachment_100797\" style=\"width: 732px\" class=\"wp-caption aligncenter\"><img loading=\"lazy\" decoding=\"async\" aria-describedby=\"caption-attachment-100797\" class=\"size-full wp-image-100797\" src=\"https:\/\/www.uv.mx\/prensa\/files\/2021\/08\/190821-Mexico-en-dos-tiempos-1.jpg\" alt=\"\" width=\"722\" height=\"482\" srcset=\"https:\/\/www.uv.mx\/prensa\/files\/2021\/08\/190821-Mexico-en-dos-tiempos-1.jpg 722w, https:\/\/www.uv.mx\/prensa\/files\/2021\/08\/190821-Mexico-en-dos-tiempos-1-300x200.jpg 300w\" sizes=\"auto, (max-width: 722px) 100vw, 722px\" \/><p id=\"caption-attachment-100797\" class=\"wp-caption-text\">La obra es\u00a0una mirada actual,\u00a0cr\u00edtica y renovada que ayuda\u00a0a desmitificar los hechos hist\u00f3ricos<\/p><\/div>\n<p><span data-ccp-props=\"{&quot;134233279&quot;:true,&quot;201341983&quot;:0,&quot;335559739&quot;:160,&quot;335559740&quot;:240}\">\u00a0<\/span><\/p>\n<p><b><i><span data-contrast=\"auto\">Karina de la Paz Reyes D\u00edaz<\/span><\/i><\/b><span data-ccp-props=\"{&quot;134233279&quot;:true,&quot;201341983&quot;:0,&quot;335559739&quot;:160,&quot;335559740&quot;:240}\">\u00a0<\/span><\/p>\n<p><b><i><span data-contrast=\"auto\">19\/08\/2021, Xalapa,\u00a0Ver.-\u00a0<\/span><\/i><\/b><span data-contrast=\"auto\">En el marco de la conmemoraci\u00f3n por los 500 a\u00f1os de la ca\u00edda de Tenochtitl\u00e1n\u00a0y los 200 a\u00f1os de la firma de los Tratados de C\u00f3rdoba, se present\u00f3 el libro\u00a0<\/span><i><span data-contrast=\"auto\">M\u00e9xico en dos tiempos: 1521,\u00a01821<\/span><\/i><span data-contrast=\"auto\">. Ah\u00ed, la rectora de la <a href=\"https:\/\/www.uv.mx\/\" target=\"_blank\" rel=\"noopener\">Universidad Veracruzana<\/a> (UV), Sara Ladr\u00f3n de Guevara, remarc\u00f3\u00a0que\u00a0una vez m\u00e1s la instituci\u00f3n \u201cacude puntual a la cita con la historia y ofrece al p\u00fablico lector un volumen s\u00f3lido y diverso que atiende dos procesos clave de nuestro pasado que siguen gravitando sobre nuestro presente\u201d.<\/span><span data-ccp-props=\"{&quot;134233279&quot;:true,&quot;201341983&quot;:0,&quot;335559739&quot;:160,&quot;335559740&quot;:240}\">\u00a0<\/span><\/p>\n<p><span data-contrast=\"auto\">La obra, coordinada por\u00a0los historiadores\u00a0Gerardo A. Galindo Pel\u00e1ez,\u00a0Hubonor\u00a0Ayala Flores y Ricardo Teodoro\u00a0Alejandrez,\u00a0que re\u00fane 10 textos escritos por 11 intelectuales,\u00a0se present\u00f3\u00a0el jueves 19 de agosto en\u00a0la Sala de Juntas de Rector\u00eda.<\/span><span data-ccp-props=\"{&quot;134233279&quot;:true,&quot;201341983&quot;:0,&quot;335559739&quot;:160,&quot;335559740&quot;:240}\">\u00a0<\/span><\/p>\n<p><span data-contrast=\"auto\">Para la Rectora de la UV,\u00a0<\/span><i><span data-contrast=\"auto\">M\u00e9xico en dos tiempos: 1521,\u00a01821<\/span><\/i><span data-contrast=\"auto\">, ofrece la posibilidad de reflexionar en torno a los avatares de esos eventos con la finalidad de repensarlos y posibilitar en el lector una mirada actual, cr\u00edtica y renovada que ayude a desmitificar los hechos hist\u00f3ricos; asimismo, a incorporar, sin prejuicios,\u00a0a la memoria colectiva. Ello para contribuir a fortalecerla.<\/span><span data-ccp-props=\"{&quot;134233279&quot;:true,&quot;201341983&quot;:0,&quot;335559739&quot;:160,&quot;335559740&quot;:240}\">\u00a0<\/span><\/p>\n<p><span data-contrast=\"auto\">Es m\u00e1s, dijo tener la plena certeza de que esta obra se traducir\u00e1 en un libro de referencia para todas las personas que deseen\u00a0acceder a nuestra historia desde una \u201cperspectiva rica y diversa\u201d.<\/span><span data-ccp-props=\"{&quot;134233279&quot;:true,&quot;201341983&quot;:0,&quot;335559739&quot;:160,&quot;335559740&quot;:240}\">\u00a0<\/span><\/p>\n<p><span data-contrast=\"auto\">En\u00a0la\u00a0presentaci\u00f3n tambi\u00e9n particip\u00f3, en modalidad virtual,\u00a0Salvador Rueda\u00a0Smithers, director del Museo Nacional de Historia,\u00a0y el\u00a0propio Gerardo Galindo, profesor-investigador de la Facultad de Historia de la UV, de manera presencial.\u00a0Ambos dieron un minucioso recorrido por\u00a0las 10 colaboraciones\u00a0que integran el libro,\u00a0cinco ata\u00f1en\u00a0al sitio y ca\u00edda de Tenochtitl\u00e1n, en 1521, y el resto a la consumaci\u00f3n\u00a0de la Independencia, en 1821.\u00a0Escritos por 11\u00a0distinguidos\u00a0especialistas\u00a0en ambos periodos.<\/span><span data-ccp-props=\"{&quot;134233279&quot;:true,&quot;201341983&quot;:0,&quot;335559731&quot;:708,&quot;335559739&quot;:160,&quot;335559740&quot;:240}\">\u00a0<\/span><\/p>\n<p><span data-contrast=\"auto\">El primer tiempo del libro lo conforman:\u00a0\u201cA quinientos a\u00f1os de la toma de M\u00e9xico-Tenochtitl\u00e1n\u201d, de Rodrigo Mart\u00ednez\u00a0Baracs;\u00a0\u201cLa otredad en las visiones de la\u00a0conquista\u201d, de la propia Sara Ladr\u00f3n de Guevara;\u00a0\u201cPasi\u00f3n, tradici\u00f3n o mediaci\u00f3n. La\u00a0Malinche en las brumas de\u00a0la historia\u201d, de Fernanda N\u00fa\u00f1ez Becerra;\u00a0\u201cLos hombres de Veracruz:\u00a0vidas con desigual fortuna\u201d, por Carmen Mart\u00ednez\u00a0Mart\u00ednez;\u00a0\u201cMovimientos migratorios en el M\u00e9xico colonial,\u00a0siglo XVI\u201d.<\/span><span data-ccp-props=\"{&quot;134233279&quot;:true,&quot;201341983&quot;:0,&quot;335559731&quot;:708,&quot;335559739&quot;:160,&quot;335559740&quot;:240}\">\u00a0<\/span><\/p>\n<p><span data-contrast=\"auto\">El segundo:\u00a0\u201c\u00bfDesatar, romper o anudar? Los Tratados de C\u00f3rdoba en el debate de su tiempo\u201d, por Ricardo Teodoro\u00a0Alejandrez;\u00a0\u201cProyectos pol\u00edticos y fracasos ideol\u00f3gicos en el M\u00e9xico\u00a0post-independiente. 1821-1824\u201d, por Carmen Bl\u00e1zquez Dom\u00ednguez;\u00a0\u201cLeona Vicario. Ataques, defensa y justificaci\u00f3n de sus hechos en la guerra de\u00a0independencia\u201d, por Celia del Palacio Montiel;\u00a0\u201cIm\u00e1genes y representaciones de la conquista y la independencia de M\u00e9xico en los textos escolares: primera mitad del siglo XX\u201d, por Gerardo Galindo y\u00a0Hubonor\u00a0Ayala, y\u00a0\u201cLas representaciones de la conquista y la\u00a0independencia\u00a0desde el\u00a0protagonismo\u00a0de las mujeres en los filmes\u00a0<\/span><i><span data-contrast=\"auto\">Er\u00e9ndira\u00a0Ikikunari<\/span><\/i><span data-contrast=\"auto\">\u00a0(2006) y\u00a0<\/span><i><span data-contrast=\"auto\">Gertrudis<\/span><\/i><span data-contrast=\"auto\">\u00a0(1992)\u201d,\u00a0por Jorge Alberto Rivero Mora.<\/span><span data-ccp-props=\"{&quot;134233279&quot;:true,&quot;201341983&quot;:0,&quot;335559731&quot;:708,&quot;335559739&quot;:160,&quot;335559740&quot;:240}\">\u00a0<\/span><\/p>\n<p><span data-contrast=\"auto\">Gerardo Galindo hizo hincapi\u00e9 en que la obra \u201cmuestra una incursi\u00f3n al pasado hecha a partir de nuevos enfoques, fuentes e interpretaciones,\u00a0buscando la relaci\u00f3n entre la narrativa de ese tiempo pret\u00e9rito y nuestro presente, en la indagatoria siempre necesaria de sus significados y la urgente explicaci\u00f3n de nuestra realidad contempor\u00e1nea\u201d.<\/span><span data-ccp-props=\"{&quot;134233279&quot;:true,&quot;201341983&quot;:0,&quot;335559731&quot;:708,&quot;335559739&quot;:160,&quot;335559740&quot;:240}\">\u00a0<\/span><\/p>\n<p><span data-contrast=\"auto\">Salvador Rueda,\u00a0quien\u00a0en apego al dicho de la Rectora de la UV, hizo una presentaci\u00f3n \u201cestupenda y l\u00facida\u201d, tambi\u00e9n habl\u00f3, uno a uno, de los 10 textos y los llam\u00f3 \u201censayos cr\u00edticos escritos con libertad de pensamiento\u201d.<\/span><span data-ccp-props=\"{&quot;134233279&quot;:true,&quot;201341983&quot;:0,&quot;335559731&quot;:708,&quot;335559739&quot;:160,&quot;335559740&quot;:240}\">\u00a0<\/span><\/p>\n<p>&nbsp;<\/p>\n<div id=\"attachment_100798\" style=\"width: 732px\" class=\"wp-caption aligncenter\"><img loading=\"lazy\" decoding=\"async\" aria-describedby=\"caption-attachment-100798\" class=\"size-full wp-image-100798\" src=\"https:\/\/www.uv.mx\/prensa\/files\/2021\/08\/190821-Mexico-en-dos-tiempos-2.jpg\" alt=\"\" width=\"722\" height=\"482\" srcset=\"https:\/\/www.uv.mx\/prensa\/files\/2021\/08\/190821-Mexico-en-dos-tiempos-2.jpg 722w, https:\/\/www.uv.mx\/prensa\/files\/2021\/08\/190821-Mexico-en-dos-tiempos-2-300x200.jpg 300w\" sizes=\"auto, (max-width: 722px) 100vw, 722px\" \/><p id=\"caption-attachment-100798\" class=\"wp-caption-text\">Javier\u00a0Gallegos C\u00e1zares\u00a0hizo entrega de la obra impresa a la Rectora de la UV<\/p><\/div>\n<p>&nbsp;<\/p>\n<p><span data-contrast=\"auto\">Para cerrar su participaci\u00f3n destac\u00f3 dos de ellos, el de\u00a0Fernanda N\u00fa\u00f1ez Becerra\u00a0y el de Celia del Palacio, que versan sobre dos mujeres protagonistas en la historia.<\/span><span data-ccp-props=\"{&quot;134233279&quot;:true,&quot;201341983&quot;:0,&quot;335559731&quot;:708,&quot;335559739&quot;:160,&quot;335559740&quot;:240}\">\u00a0<\/span><\/p>\n<p><span data-contrast=\"auto\">\u201cDebo decir que es una de las sorpresas agradables de este libro. No son los hombres los que vuelven a poblar con sus biograf\u00edas las p\u00e1ginas de una obra de historia, son dos mujeres. Y eso me permite apuntar que este libro se abre al futuro, porque estoy convencido\u00a0de\u00a0que la siguiente revoluci\u00f3n ser\u00e1 estructurada\u00a0y profunda, ser\u00e1 la revoluci\u00f3n de la verdadera igualdad de la mujer y del hombre, y las protagonistas tendr\u00e1n perfiles femeninos. Este libro prefigura ese futuro, sin duda.\u201d<\/span><span data-ccp-props=\"{&quot;134233279&quot;:true,&quot;201341983&quot;:0,&quot;335559731&quot;:708,&quot;335559739&quot;:160,&quot;335559740&quot;:240}\">\u00a0<\/span><\/p>\n<p><span data-contrast=\"auto\">Una breve reflexi\u00f3n m\u00e1s de\u00a0Salvador Rueda\u00a0fue en el sentido de advertir que dos veces se abre\u00a0la \u201ccaja de pandora\u201d en este\u00a0<\/span><i><span data-contrast=\"auto\">M\u00e9xico en dos tiempos<\/span><\/i><span data-contrast=\"auto\">, y en ambas, como ah\u00ed\u00a0se ley\u00f3,\u00a0\u201cqued\u00f3 en el fondo esa peque\u00f1a cosa verde informe que se mov\u00eda como con vida propia, esa cosa verde era la esperanza. Siempre en la\u00a0historia\u00a0la caja se abrir\u00e1 varias veces m\u00e1s,\u00a0entonces, entenderemos la importancia de libros como \u00e9ste, que hoy nos convoca: recordar c\u00f3mo cerr\u00f3 la caja en los\u00a0dos primeros tiempos mexicanos; y\u00a0esa lectura ser\u00e1 aleccionadora\u201d.<\/span><span data-ccp-props=\"{&quot;134233279&quot;:true,&quot;201341983&quot;:0,&quot;335559731&quot;:708,&quot;335559739&quot;:160,&quot;335559740&quot;:240}\">\u00a0<\/span><\/p>\n<p><span data-contrast=\"auto\">Cabe citar que tanto Ladr\u00f3n de Guevara como Galindo y Rueda hicieron una menci\u00f3n especial a\u00a0la\u00a0cuidada selecci\u00f3n de im\u00e1genes que acompa\u00f1an a la mayor\u00eda de los textos: \u201cuna provocaci\u00f3n para su an\u00e1lisis\u201d, dijo la primera; \u201cla finalidad impl\u00edcita es que funcionen como discurso paralelo a las reflexiones propuestas por los autores en sus colaboraciones\u201d, cit\u00f3 el segundo; se trata de \u201clecturas paralelas\u201d, dijo el tercero.<\/span><span data-ccp-props=\"{&quot;134233279&quot;:true,&quot;201341983&quot;:0,&quot;335559731&quot;:708,&quot;335559739&quot;:160,&quot;335559740&quot;:240}\">\u00a0<\/span><\/p>\n<p><span data-contrast=\"auto\">Previo a la presentaci\u00f3n,\u00a0Javier\u00a0Gallegos C\u00e1zares, presidente del Consejo Directivo de la Asociaci\u00f3n Civil Colegio\u00a0Las Am\u00e9ricas Veracruz,\u00a0hizo entrega de la obra impresa a la Rectora de la UV, y en su discurso expuso que es fruto del esfuerzo colectivo y colaboraci\u00f3n institucional, mismo que abona a la distribuci\u00f3n del conocimiento, pues ser\u00e1 de acceso gratuito en\u00a0<\/span><a href=\"https:\/\/www.lasamericas.mx\/libro-500-a%C3%B1os-2021\"><span data-contrast=\"none\">modalidad virtual<\/span><\/a><span data-contrast=\"auto\">, a trav\u00e9s de su p\u00e1gina.<\/span><span data-ccp-props=\"{&quot;134233279&quot;:true,&quot;201341983&quot;:0,&quot;335559731&quot;:708,&quot;335559739&quot;:160,&quot;335559740&quot;:240}\">\u00a0<\/span><\/p>\n<p><span data-contrast=\"auto\">Record\u00f3, al igual que la Rectora en su intervenci\u00f3n, que se trata de colaboraciones de largo aliento, cuyo punto de partida fueron\u00a0los dos tomo\u00a0de\u00a0<\/span><i><span data-contrast=\"auto\">Veracruz: puerta de\u00a0cinco\u00a0siglos 1519-2019<\/span><\/i><span data-contrast=\"auto\">, publicado en\u00a02019. Obra cuya acogida ha sido significativa, pues a la fecha se tienen registradas alrededor de\u00a0cinco\u00a0mil 300 descargas.<\/span><span data-ccp-props=\"{&quot;134233279&quot;:true,&quot;201341983&quot;:0,&quot;335559731&quot;:708,&quot;335559739&quot;:160,&quot;335559740&quot;:240}\">\u00a0<\/span><\/p>\n<p><i><span data-contrast=\"auto\">M\u00e9xico en dos tiempos 1521,\u00a01821<\/span><\/i><span data-contrast=\"auto\">, fue patrocinada por\u00a0<\/span><i><span data-contrast=\"auto\">Citibanamex<\/span><\/i><span data-contrast=\"auto\">,\u00a0el Banco Nacional de M\u00e9xico; el\u00a0Gobierno del Estado de Veracruz;\u00a0la UV;\u00a0los Ayuntamientos de Veracruz y C\u00f3rdoba;\u00a0la Universidad Crist\u00f3bal Col\u00f3n; la\u00a0librer\u00eda Mar Adentro,\u00a0y\u00a0el\u00a0Colegio Las Am\u00e9ricas de Veracruz.<\/span><span data-ccp-props=\"{&quot;134233279&quot;:true,&quot;201341983&quot;:0,&quot;335559731&quot;:708,&quot;335559739&quot;:160,&quot;335559740&quot;:240}\">\u00a0<\/span><\/p>\n<p><span data-contrast=\"auto\">Por ello, estuvieron presentes en la Sala de Juntas: Roberto Ruiz Ram\u00f3n, director de Banca de Gobierno Golfo Peninsular-<\/span><i><span data-contrast=\"auto\">Citibanamex<\/span><\/i><span data-contrast=\"auto\">; Teresa Lim\u00f3n Soto,\u00a0ejecutiva de misma instituci\u00f3n bancaria; Carmen Bl\u00e1zquez Dom\u00ednguez, coordinadora de\u00a0asesores de Rector\u00eda,\u00a0y\u00a0Raciel\u00a0Mart\u00ednez G\u00f3mez, director general de Comunicaci\u00f3n Universitaria. Asimismo, los tres coordinadores de la obra.<\/span><span data-ccp-props=\"{&quot;134233279&quot;:true,&quot;201341983&quot;:0,&quot;335559731&quot;:708,&quot;335559739&quot;:160,&quot;335559740&quot;:240}\">\u00a0<\/span><\/p>\n<p><span data-contrast=\"auto\">A trav\u00e9s\u00a0de la plataforma\u00a0<\/span><i><span data-contrast=\"auto\">Zoom-UV<\/span><\/i><span data-contrast=\"auto\">: Mauricio de la Cruz de la Fuente, coeditor\u00a0de\u00a0Editores\u00a0\u00cdndice\u00a0Fons; la secretaria Acad\u00e9mica y el secretario de Administraci\u00f3n y Finanzas, Magdalena Hern\u00e1ndez\u00a0Alarc\u00f3n y Salvador Tapia\u00a0Spinoso, respectivamente,\u00a0as\u00ed como vicerrectores y secretarios regionales, y autores de la obra.<\/span><span data-ccp-props=\"{&quot;134233279&quot;:true,&quot;201341983&quot;:0,&quot;335559731&quot;:708,&quot;335559739&quot;:160,&quot;335559740&quot;:240}\">\u00a0<\/span><\/p>\n<p><span data-ccp-props=\"{&quot;134233279&quot;:true,&quot;201341983&quot;:0,&quot;335559739&quot;:160,&quot;335559740&quot;:240}\">\u00a0<\/span><\/p>\n<div id=\"attachment_100799\" style=\"width: 732px\" class=\"wp-caption aligncenter\"><img loading=\"lazy\" decoding=\"async\" aria-describedby=\"caption-attachment-100799\" class=\"size-full wp-image-100799\" src=\"https:\/\/www.uv.mx\/prensa\/files\/2021\/08\/190821-Mexico-en-dos-tiempos-3.jpg\" alt=\"\" width=\"722\" height=\"517\" srcset=\"https:\/\/www.uv.mx\/prensa\/files\/2021\/08\/190821-Mexico-en-dos-tiempos-3.jpg 722w, https:\/\/www.uv.mx\/prensa\/files\/2021\/08\/190821-Mexico-en-dos-tiempos-3-300x215.jpg 300w\" sizes=\"auto, (max-width: 722px) 100vw, 722px\" \/><p id=\"caption-attachment-100799\" class=\"wp-caption-text\">Gerardo A. Galindo, Sara Ladr\u00f3n de Guevara y Salvador Rueda presentaron la obra<\/p><\/div>\n","protected":false},"excerpt":{"rendered":"<p>La obra, coordinada por\u00a0Gerardo A. Galindo\u00a0Pl\u00e1ez,\u00a0Hubonor\u00a0Ayala\u00a0y Ricardo\u00a0Alejandrez, re\u00fane 10 textos escritos por 11 intelectuales\u00a0<\/p>\n","protected":false},"author":1869,"featured_media":100800,"comment_status":"closed","ping_status":"closed","sticky":false,"template":"","format":"standard","meta":{"footnotes":""},"categories":[61],"tags":[],"class_list":["post-100796","post","type-post","status-publish","format-standard","has-post-thumbnail","hentry","category-banner"],"_links":{"self":[{"href":"https:\/\/www.uv.mx\/prensa\/wp-json\/wp\/v2\/posts\/100796","targetHints":{"allow":["GET"]}}],"collection":[{"href":"https:\/\/www.uv.mx\/prensa\/wp-json\/wp\/v2\/posts"}],"about":[{"href":"https:\/\/www.uv.mx\/prensa\/wp-json\/wp\/v2\/types\/post"}],"author":[{"embeddable":true,"href":"https:\/\/www.uv.mx\/prensa\/wp-json\/wp\/v2\/users\/1869"}],"replies":[{"embeddable":true,"href":"https:\/\/www.uv.mx\/prensa\/wp-json\/wp\/v2\/comments?post=100796"}],"version-history":[{"count":1,"href":"https:\/\/www.uv.mx\/prensa\/wp-json\/wp\/v2\/posts\/100796\/revisions"}],"predecessor-version":[{"id":100814,"href":"https:\/\/www.uv.mx\/prensa\/wp-json\/wp\/v2\/posts\/100796\/revisions\/100814"}],"wp:featuredmedia":[{"embeddable":true,"href":"https:\/\/www.uv.mx\/prensa\/wp-json\/wp\/v2\/media\/100800"}],"wp:attachment":[{"href":"https:\/\/www.uv.mx\/prensa\/wp-json\/wp\/v2\/media?parent=100796"}],"wp:term":[{"taxonomy":"category","embeddable":true,"href":"https:\/\/www.uv.mx\/prensa\/wp-json\/wp\/v2\/categories?post=100796"},{"taxonomy":"post_tag","embeddable":true,"href":"https:\/\/www.uv.mx\/prensa\/wp-json\/wp\/v2\/tags?post=100796"}],"curies":[{"name":"wp","href":"https:\/\/api.w.org\/{rel}","templated":true}]}}