{"id":100680,"date":"2021-08-17T17:25:06","date_gmt":"2021-08-17T22:25:06","guid":{"rendered":"https:\/\/www.uv.mx\/prensa\/?p=100680"},"modified":"2021-08-20T14:34:36","modified_gmt":"2021-08-20T19:34:36","slug":"alumnas-de-administracion-uv-destacaron-en-maraton-nacional-de-anfeca","status":"publish","type":"post","link":"https:\/\/www.uv.mx\/prensa\/regiones\/veracruz\/alumnas-de-administracion-uv-destacaron-en-maraton-nacional-de-anfeca\/","title":{"rendered":"Alumnas de Administraci\u00f3n UV destacaron en Marat\u00f3n Nacional de ANFECA"},"content":{"rendered":"<ul>\n<li data-leveltext=\"\uf0b7\" data-font=\"Symbol\" data-listid=\"2\" data-aria-posinset=\"1\" data-aria-level=\"1\"><i><span data-contrast=\"none\">Lograron el tercer lugar en aprovechamiento<\/span><\/i><span data-ccp-props=\"{}\">\u00a0<\/span><\/li>\n<\/ul>\n<p>&nbsp;<\/p>\n<div id=\"attachment_100681\" style=\"width: 1010px\" class=\"wp-caption aligncenter\"><a href=\"https:\/\/www.uv.mx\/prensa\/files\/2021\/08\/170821-Principales-Anfeca.jpg\"><img loading=\"lazy\" decoding=\"async\" aria-describedby=\"caption-attachment-100681\" class=\"size-full wp-image-100681\" src=\"https:\/\/www.uv.mx\/prensa\/files\/2021\/08\/170821-Principales-Anfeca.jpg\" alt=\"\" width=\"1000\" height=\"350\" srcset=\"https:\/\/www.uv.mx\/prensa\/files\/2021\/08\/170821-Principales-Anfeca.jpg 1000w, https:\/\/www.uv.mx\/prensa\/files\/2021\/08\/170821-Principales-Anfeca-300x105.jpg 300w, https:\/\/www.uv.mx\/prensa\/files\/2021\/08\/170821-Principales-Anfeca-768x269.jpg 768w\" sizes=\"auto, (max-width: 1000px) 100vw, 1000px\" \/><\/a><p id=\"caption-attachment-100681\" class=\"wp-caption-text\"><span class=\"NormalTextRun BCX4 SCXW258272842\" data-ccp-parastyle=\"Cuerpo\">El equipo integrado por Valeria de los <\/span><span class=\"NormalTextRun BCX4 SCXW258272842\" data-ccp-parastyle=\"Cuerpo\">\u00c1<\/span><span class=\"NormalTextRun BCX4 SCXW258272842\" data-ccp-parastyle=\"Cuerpo\">ngeles<\/span> <span class=\"NormalTextRun SpellingErrorV2 BCX4 DefaultHighlightTransition SCXW258272842\" data-ccp-parastyle=\"Cuerpo\">Morfine<\/span><span class=\"NormalTextRun BCX4 SCXW258272842\" data-ccp-parastyle=\"Cuerpo\">z, <span class=\"NormalTextRun BCX4 SCXW164783910\" data-ccp-parastyle=\"Cuerpo\">Ana Lilia<\/span><span class=\"NormalTextRun BCX4 SCXW164783910\" data-ccp-parastyle=\"Cuerpo\">n<\/span><span class=\"NormalTextRun BCX4 SCXW164783910\" data-ccp-parastyle=\"Cuerpo\"> Mendoza, <span class=\"NormalTextRun BCX4 SCXW27199222\" data-ccp-parastyle=\"Cuerpo\">Estrella de los <\/span><span class=\"NormalTextRun BCX4 SCXW27199222\" data-ccp-parastyle=\"Cuerpo\">\u00c1<\/span><span class=\"NormalTextRun BCX4 SCXW27199222\" data-ccp-parastyle=\"Cuerpo\">ngeles Falc<\/span><span class=\"NormalTextRun BCX4 SCXW27199222\" data-ccp-parastyle=\"Cuerpo\">\u00f3<\/span><span class=\"NormalTextRun BCX4 SCXW27199222\" data-ccp-parastyle=\"Cuerpo\">n y Petra Arcos obtuvo el tercer puesto\u00a0<span data-contrast=\"none\">en el XIV Marat\u00f3n Nacional de Conocimientos, Regi\u00f3n 6 Sur, de <\/span><span data-contrast=\"none\">la Asociaci\u00f3n Nacional de Facultades y Escuelas de Contadur\u00eda y Administraci\u00f3n<\/span><\/span><\/span><\/span><\/p><\/div>\n<p>&nbsp;<\/p>\n<p><b><i><span data-contrast=\"none\">Aracely Hern\u00e1ndez Rodr\u00edguez<\/span><\/i><\/b><span data-ccp-props=\"{}\">\u00a0<\/span><\/p>\n<p><b><i><span data-contrast=\"none\">17\/08\/2021, Boca del R\u00edo, Ver.- <\/span><\/i><\/b><span data-contrast=\"none\">Estudiantes de la <a href=\"https:\/\/www.uv.mx\/veracruz\/adtusi\/\" target=\"_blank\" rel=\"noopener\">Facultad de Administraci\u00f3n<\/a> de la Universidad Veracruzana (UV) participaron en el XIV Marat\u00f3n Nacional de Conocimientos 2021 Regi\u00f3n 6 Sur de <\/span><span data-contrast=\"none\">la Asociaci\u00f3n Nacional de Facultades y Escuelas de Contadur\u00eda y Administraci\u00f3n (ANFECA), donde obtuvieron <\/span><span data-contrast=\"none\">el tercer lugar en aprovechamiento.<\/span><span data-ccp-props=\"{}\">\u00a0<\/span><\/p>\n<p><span data-contrast=\"none\">Ana Lilian Mendoza Cueva, Estrella de los \u00c1ngeles Falc\u00f3n Romero, Valeria de los \u00c1ngeles Morfinez Pazos y Petra Arcos Rosales, son las estudiantes que integraron el equipo, asesoradas por las acad\u00e9micas Silvia Georgina Flores Aguilar y Guadalupe Ju\u00e1rez G\u00f3mez.<\/span><span data-ccp-props=\"{&quot;335559731&quot;:708}\">\u00a0<\/span><\/p>\n<p><span data-contrast=\"none\">Las participantes explicaron que este marat\u00f3n es una competencia de informaci\u00f3n y habilidades acerca de un \u00e1rea espec\u00edfica, su prop\u00f3sito es impulsar entre alumnos el estudio exhaustivo de una disciplina curricular com\u00fan a los miembros de la ANFECA.<\/span><span data-ccp-props=\"{&quot;335559731&quot;:708}\">\u00a0<\/span><\/p>\n<p><span data-contrast=\"none\">Dijeron que este tipo de eventos da la pauta para establecer encuentros, revisar temas de las disciplinas que conforman los planes de estudios y estrechar lazos de uni\u00f3n entre alumnos y maestros de las diversas instituciones que integran la ANFECA a nivel nacional.<\/span><span data-ccp-props=\"{&quot;335559731&quot;:708}\">\u00a0<\/span><\/p>\n<p><span data-contrast=\"none\">Su participaci\u00f3n en el evento consisti\u00f3 en responder el examen que les aplicaron por equipo integrado por cuatro estudiantes; en la primera fase los puntos cuentan por uno y en la segunda cuentan doble, en esta ocasi\u00f3n fueron 10 equipos concursantes que deb\u00edan resolver el examen.<\/span><span data-ccp-props=\"{&quot;335559731&quot;:708}\">\u00a0<\/span><\/p>\n<p><span data-contrast=\"none\">Coincidieron en que tuvieron que prepararse muy bien, estudiando arduamente para representar a la UV y a su Facultad, porque el objetivo era quedar entre los primeros lugares.<\/span><span data-ccp-props=\"{&quot;335559731&quot;:708}\">\u00a0<\/span><\/p>\n<p><span data-contrast=\"none\">Mencionaron que fueron capaces de afrontar un reto con \u00e9xito y de medir sus conocimientos con los de sus compa\u00f1eros de grupo y dem\u00e1s participantes.<\/span><span data-ccp-props=\"{&quot;335559731&quot;:708}\">\u00a0<\/span><\/p>\n<p><span data-contrast=\"none\">Fue muy emocionante y divertida la experiencia, el tener la oportunidad de trabajar en equipo y competir contra otras universidades, compartieron.<\/span><span data-ccp-props=\"{&quot;335559731&quot;:708}\">\u00a0<\/span><\/p>\n<p><span data-contrast=\"none\">Ana Lilian Mendoza dijo que esta competencia les deja grandes aprendizajes como el aceptar retos y seguir mejorando, \u201cno creer que todo lo sabes y encontrar y trabajar en puntos de mejora\u201d.<\/span><span data-ccp-props=\"{&quot;335559731&quot;:708}\">\u00a0<\/span><\/p>\n<p><span data-contrast=\"none\">Por su parte, Estrella de los \u00c1ngeles Falc\u00f3n mencion\u00f3 que es muy importante saber trabajar en equipo, \u201ccontrolar la situaci\u00f3n en grupo y compartir conocimientos con sus compa\u00f1eros\u201d.<\/span><span data-ccp-props=\"{&quot;335559731&quot;:708}\">\u00a0<\/span><\/p>\n<p>&nbsp;<\/p>\n<div id=\"attachment_100682\" style=\"width: 508px\" class=\"wp-caption aligncenter\"><a href=\"https:\/\/www.uv.mx\/prensa\/files\/2021\/08\/170821-Anfeca-1.jpg\"><img loading=\"lazy\" decoding=\"async\" aria-describedby=\"caption-attachment-100682\" class=\"size-full wp-image-100682\" src=\"https:\/\/www.uv.mx\/prensa\/files\/2021\/08\/170821-Anfeca-1.jpg\" alt=\"\" width=\"498\" height=\"481\" srcset=\"https:\/\/www.uv.mx\/prensa\/files\/2021\/08\/170821-Anfeca-1.jpg 498w, https:\/\/www.uv.mx\/prensa\/files\/2021\/08\/170821-Anfeca-1-300x290.jpg 300w\" sizes=\"auto, (max-width: 498px) 100vw, 498px\" \/><\/a><p id=\"caption-attachment-100682\" class=\"wp-caption-text\"><span class=\"NormalTextRun SCXW77093835 BCX4\" data-ccp-parastyle=\"Cuerpo\">Silvia Georgina Flores Aguilar<\/span> <span class=\"NormalTextRun SCXW77093835 BCX4\" data-ccp-parastyle=\"Cuerpo\">fue una de las acad<\/span><span class=\"NormalTextRun SCXW77093835 BCX4\" data-ccp-parastyle=\"Cuerpo\">\u00e9<\/span><span class=\"NormalTextRun SCXW77093835 BCX4\" data-ccp-parastyle=\"Cuerpo\">micas que asesor<\/span><span class=\"NormalTextRun SCXW77093835 BCX4\" data-ccp-parastyle=\"Cuerpo\">\u00f3 <\/span><span class=\"NormalTextRun SCXW77093835 BCX4\" data-ccp-parastyle=\"Cuerpo\">a las j<\/span><span class=\"NormalTextRun SCXW77093835 BCX4\" data-ccp-parastyle=\"Cuerpo\">\u00f3<\/span><span class=\"NormalTextRun SCXW77093835 BCX4\" data-ccp-parastyle=\"Cuerpo\">venes durante el marat<\/span><span class=\"NormalTextRun SCXW77093835 BCX4\" data-ccp-parastyle=\"Cuerpo\">\u00f3<\/span><span class=\"NormalTextRun SCXW77093835 BCX4\" data-ccp-parastyle=\"Cuerpo\">n<\/span><\/p><\/div>\n<p>&nbsp;<\/p>\n<p><span data-contrast=\"none\">Valeria de los \u00c1ngeles Morfinez dijo que esta experiencia es un proceso de confianza y que se va mejorando cada vez m\u00e1s, as\u00ed como reforzar un poco los temas que ya hab\u00eda visto en la escuela.<\/span><span data-ccp-props=\"{&quot;335559731&quot;:708}\">\u00a0<\/span><\/p>\n<p><span data-contrast=\"none\">Este tipo de actividades acad\u00e9micas permite a los estudiantes competir y trabajar en equipo por un objetivo en com\u00fan, desarrollar estrategias y habilidades de comunicaci\u00f3n, as\u00ed como una buena coordinaci\u00f3n en el evento, con oportunidad de mejorar sus capacidades.<\/span><span data-ccp-props=\"{&quot;335559731&quot;:708}\">\u00a0<\/span><\/p>\n<p><span data-contrast=\"none\">Petra Arcos exhort\u00f3 a sus compa\u00f1eros a no rendirse, \u201cbusquen oportunidades para participar en foros, maratones, congresos, porque nunca se deja de aprender; este tipo de eventos sin duda enriquece nuestros conocimientos y propone nuevas formas de crecimiento acad\u00e9mico\u201d.<\/span><span data-ccp-props=\"{&quot;335559731&quot;:708}\">\u00a0<\/span><\/p>\n<p><span data-contrast=\"none\">Mencion\u00f3 que este evento les ofrece m\u00e1s sabidur\u00eda, conocimientos y responsabilidad, \u201cadem\u00e1s de relacionarse con personas profesionales y absorber todo lo positivo, les decimos que no tengan miedo a participar y se involucren m\u00e1s en los temas escolares, son oportunidades \u00fanicas\u201d.<\/span><span data-ccp-props=\"{&quot;335559731&quot;:708}\">\u00a0<\/span><\/p>\n<p><span data-contrast=\"none\">Las j\u00f3venes se mostraron orgullosas y satisfechas de su participaci\u00f3n y de ser parte de la UV pues que apoya a sus alumnos para que sobresalgan y puedan representarla en diversos eventos que les ayudar\u00e1n a desarrollar nuevas habilidades y obtener experiencias.<\/span><span data-ccp-props=\"{&quot;335559731&quot;:708}\">\u00a0<\/span><\/p>\n<p><span data-contrast=\"none\">La acad\u00e9mica Silvia Georgina Flores coment\u00f3 que la competencia le dej\u00f3 una gran satisfacci\u00f3n, \u201csobre todo porque permiti\u00f3 impulsar a las estudiantes a prepararse y organizarlas de acuerdo a lo establecido en la convocatoria, as\u00ed como darles algunos tips para que no hubiera contradicciones a la hora de dar la respuesta\u201d.<\/span><span data-ccp-props=\"{&quot;335559731&quot;:708}\">\u00a0<\/span><\/p>\n<p><span data-contrast=\"none\">Por su parte, Guadalupe Ju\u00e1rez dijo: \u201cNos sentimos muy contentas con el resultado obtenido pues las chicas demostraron total compromiso, lo que nos deja mucha satisfacci\u00f3n y ganas de volver a formar parte de los maratones nacionales de ANFECA y de impulsar a los estudiantes a participar en estos eventos, que dejan muy en alto a la Universidad Veracruzana y a la Facultad de Administraci\u00f3n\u201d.<\/span><span data-ccp-props=\"{&quot;335559731&quot;:708}\">\u00a0<\/span><\/p>\n<p><span data-contrast=\"none\">Las acad\u00e9micas coincidieron en que esta ocasi\u00f3n fue una experiencia totalmente diferente porque el marat\u00f3n fue de manera virtual y los anteriores eran presenciales.<\/span><span data-ccp-props=\"{&quot;335559731&quot;:708}\">\u00a0<\/span><\/p>\n<p><span data-contrast=\"none\">Agradecieron a la directora de la Facultad, Dora Emilia Aguirre Bautista, por las facilidades brindadas y por su entusiasmo de volver a participar en estos eventos que permiten interactuar con los alumnos m\u00e1s all\u00e1 del aula, impuls\u00e1ndolos a una mayor preparaci\u00f3n acad\u00e9mica.<\/span><span data-ccp-props=\"{&quot;335559731&quot;:708}\">\u00a0<\/span><\/p>\n<p><span data-contrast=\"none\">Tambi\u00e9n mencionaron que particip\u00f3 otro equipo de la Facultad, integrado por Beatriz Guzm\u00e1n Francisco, Isabel Valerio de los Reyes, Norma Alejandra Camacho Medrano y Erika Segura Escribano.\u00a0<\/span><span data-ccp-props=\"{&quot;335559731&quot;:708}\">\u00a0<\/span><\/p>\n<p>&nbsp;<\/p>\n<div id=\"attachment_100683\" style=\"width: 1010px\" class=\"wp-caption aligncenter\"><a href=\"https:\/\/www.uv.mx\/prensa\/files\/2021\/08\/170821-Anfeca-3.jpg\"><img loading=\"lazy\" decoding=\"async\" aria-describedby=\"caption-attachment-100683\" class=\"size-full wp-image-100683\" src=\"https:\/\/www.uv.mx\/prensa\/files\/2021\/08\/170821-Anfeca-3.jpg\" alt=\"\" width=\"1000\" height=\"350\" srcset=\"https:\/\/www.uv.mx\/prensa\/files\/2021\/08\/170821-Anfeca-3.jpg 1000w, https:\/\/www.uv.mx\/prensa\/files\/2021\/08\/170821-Anfeca-3-300x105.jpg 300w, https:\/\/www.uv.mx\/prensa\/files\/2021\/08\/170821-Anfeca-3-768x269.jpg 768w\" sizes=\"auto, (max-width: 1000px) 100vw, 1000px\" \/><\/a><p id=\"caption-attachment-100683\" class=\"wp-caption-text\">Erika Yamileth Segura, <span class=\"NormalTextRun BCX4 SCXW196833294\" data-ccp-parastyle=\"Cuerpo\">Beatriz Guzm<\/span><span class=\"NormalTextRun BCX4 SCXW196833294\" data-ccp-parastyle=\"Cuerpo\">\u00e1<\/span><span class=\"NormalTextRun BCX4 SCXW196833294\" data-ccp-parastyle=\"Cuerpo\">n, Norma Alejandra Camacho e <span class=\"NormalTextRun BCX4 SCXW54346660\" data-ccp-parastyle=\"Cuerpo\">Isabel <\/span><span class=\"NormalTextRun BCX4 SCXW54346660\" data-ccp-parastyle=\"Cuerpo\">Valerio tambi\u00e9n participaron en el certamen<\/span><\/span><\/p><\/div>\n","protected":false},"excerpt":{"rendered":"<p>Valeria de los \u00c1ngeles Morfinez, Ana Lilian Mendoza, Estrella de los \u00c1ngeles Falc\u00f3n y Petra Arcos obtuvieron el tercer lugar <\/p>\n","protected":false},"author":1508,"featured_media":100681,"comment_status":"closed","ping_status":"closed","sticky":false,"template":"","format":"standard","meta":{"footnotes":""},"categories":[61,55],"tags":[],"class_list":["post-100680","post","type-post","status-publish","format-standard","has-post-thumbnail","hentry","category-banner","category-veracruz"],"_links":{"self":[{"href":"https:\/\/www.uv.mx\/prensa\/wp-json\/wp\/v2\/posts\/100680","targetHints":{"allow":["GET"]}}],"collection":[{"href":"https:\/\/www.uv.mx\/prensa\/wp-json\/wp\/v2\/posts"}],"about":[{"href":"https:\/\/www.uv.mx\/prensa\/wp-json\/wp\/v2\/types\/post"}],"author":[{"embeddable":true,"href":"https:\/\/www.uv.mx\/prensa\/wp-json\/wp\/v2\/users\/1508"}],"replies":[{"embeddable":true,"href":"https:\/\/www.uv.mx\/prensa\/wp-json\/wp\/v2\/comments?post=100680"}],"version-history":[{"count":1,"href":"https:\/\/www.uv.mx\/prensa\/wp-json\/wp\/v2\/posts\/100680\/revisions"}],"predecessor-version":[{"id":100844,"href":"https:\/\/www.uv.mx\/prensa\/wp-json\/wp\/v2\/posts\/100680\/revisions\/100844"}],"wp:featuredmedia":[{"embeddable":true,"href":"https:\/\/www.uv.mx\/prensa\/wp-json\/wp\/v2\/media\/100681"}],"wp:attachment":[{"href":"https:\/\/www.uv.mx\/prensa\/wp-json\/wp\/v2\/media?parent=100680"}],"wp:term":[{"taxonomy":"category","embeddable":true,"href":"https:\/\/www.uv.mx\/prensa\/wp-json\/wp\/v2\/categories?post=100680"},{"taxonomy":"post_tag","embeddable":true,"href":"https:\/\/www.uv.mx\/prensa\/wp-json\/wp\/v2\/tags?post=100680"}],"curies":[{"name":"wp","href":"https:\/\/api.w.org\/{rel}","templated":true}]}}