{"id":100671,"date":"2021-08-17T15:21:53","date_gmt":"2021-08-17T20:21:53","guid":{"rendered":"https:\/\/www.uv.mx\/prensa\/?p=100671"},"modified":"2021-08-20T14:35:27","modified_gmt":"2021-08-20T19:35:27","slug":"uv-promovio-equidad-e-igualdad-de-genero-a-nivel-institucional","status":"publish","type":"post","link":"https:\/\/www.uv.mx\/prensa\/banner\/uv-promovio-equidad-e-igualdad-de-genero-a-nivel-institucional\/","title":{"rendered":"UV\u00a0promovi\u00f3 equidad e igualdad de g\u00e9nero\u00a0a nivel institucional\u00a0"},"content":{"rendered":"<ul>\n<li><span data-ccp-props=\"{&quot;201341983&quot;:0,&quot;335559739&quot;:160,&quot;335559740&quot;:240}\">\u00a0<\/span><i><span data-contrast=\"none\">Se realiz\u00f3 Sesi\u00f3n Ordinaria del Consejo Consultivo para la Igualdad de G\u00e9nero, en donde se aprobaron dos propuestas y se emiti\u00f3 un informe de las acciones realizadas<\/span><\/i><span data-ccp-props=\"{&quot;134233279&quot;:true,&quot;201341983&quot;:0,&quot;335559739&quot;:160,&quot;335559740&quot;:240}\">\u00a0<\/span><\/li>\n<li data-leveltext=\"\uf0b7\" data-font=\"Symbol\" data-listid=\"1\" data-aria-posinset=\"2\" data-aria-level=\"1\"><i><span data-contrast=\"none\">Sara Ladr\u00f3n de Guevara\u00a0se congratul\u00f3 por haber incidido en el establecimiento de una Unidad de G\u00e9nero y de pol\u00edticas institucionales para alcanzar la igualdad<\/span><\/i><\/li>\n<li data-leveltext=\"\uf0b7\" data-font=\"Symbol\" data-listid=\"1\" data-aria-posinset=\"2\" data-aria-level=\"1\"><i><span data-contrast=\"none\">Beatriz Eugenia Rodr\u00edguez Villafuerte agradeci\u00f3 a la Rectora la confianza depositada en su persona para encabezar la Coordinaci\u00f3n de la Unidad de G\u00e9nero en los \u00faltimos tres a\u00f1os<\/span><\/i><span data-ccp-props=\"{&quot;134233279&quot;:true,&quot;201341983&quot;:0,&quot;335559739&quot;:160,&quot;335559740&quot;:240}\">\u00a0<\/span><\/li>\n<\/ul>\n<p><span data-ccp-props=\"{&quot;201341983&quot;:0,&quot;335559739&quot;:160,&quot;335559740&quot;:240}\">\u00a0<\/span><\/p>\n<div id=\"attachment_100672\" style=\"width: 732px\" class=\"wp-caption aligncenter\"><img loading=\"lazy\" decoding=\"async\" aria-describedby=\"caption-attachment-100672\" class=\"size-full wp-image-100672\" src=\"https:\/\/www.uv.mx\/prensa\/files\/2021\/08\/170821-IGUALDAD-DE-GENERO-1.jpg\" alt=\"\" width=\"722\" height=\"482\" srcset=\"https:\/\/www.uv.mx\/prensa\/files\/2021\/08\/170821-IGUALDAD-DE-GENERO-1.jpg 722w, https:\/\/www.uv.mx\/prensa\/files\/2021\/08\/170821-IGUALDAD-DE-GENERO-1-300x200.jpg 300w\" sizes=\"auto, (max-width: 722px) 100vw, 722px\" \/><p id=\"caption-attachment-100672\" class=\"wp-caption-text\">Sara Ladr\u00f3n de Guevara encabez\u00f3 la \u00faltima sesi\u00f3n del Consejo Consultivo para la Igualdad de G\u00e9nero de su administraci\u00f3n<\/p><\/div>\n<p><span data-ccp-props=\"{&quot;201341983&quot;:0,&quot;335559739&quot;:160,&quot;335559740&quot;:240}\">\u00a0<\/span><\/p>\n<p><b><i><span data-contrast=\"none\">Claudia Peralta V\u00e1zquez<\/span><\/i><\/b><span data-ccp-props=\"{&quot;201341983&quot;:0,&quot;335559739&quot;:160,&quot;335559740&quot;:240}\">\u00a0<\/span><\/p>\n<p><b><i><span data-contrast=\"none\">17\/08\/2021, Xalapa,\u00a0Ver.-\u00a0<\/span><\/i><\/b><span data-contrast=\"none\">La rectora de la <a href=\"https:\/\/www.uv.mx\/\" target=\"_blank\" rel=\"noopener\">Universidad Veracruzana<\/a> (UV), Sara Ladr\u00f3n de Guevara,\u00a0encabez\u00f3 este martes la \u00faltima\u00a0Sesi\u00f3n Ordinaria del Consejo Consultivo para la Igualdad de G\u00e9nero\u00a0de\u00a0su administraci\u00f3n, y destac\u00f3 la labor realizada a lo largo de este periodo con el fin de promover y garantizar la equidad e igualdad entre hombres y mujeres en el entorno institucional.<\/span><span data-ccp-props=\"{&quot;201341983&quot;:0,&quot;335559739&quot;:160,&quot;335559740&quot;:240}\">\u00a0<\/span><\/p>\n<p><span data-contrast=\"none\">Durante la\u00a0reuni\u00f3n celebrada en la Sala de Juntas de Rector\u00eda,\u00a0se congratul\u00f3 por haber sido la primera mujer en dirigir el camino de\u00a0la m\u00e1xima casa de estudios del estado, pero sobre todo por haber incidido en el establecimiento de una Unidad de G\u00e9nero y de pol\u00edticas institucionales para alcanzar la igualdad en este \u00e1mbito.<\/span><span data-ccp-props=\"{&quot;201341983&quot;:0,&quot;335559739&quot;:160,&quot;335559740&quot;:240}\">\u00a0<\/span><\/p>\n<p><span data-contrast=\"none\">Dijo\u00a0que a\u00fan falta mucho por hacer, y en ese sentido conmin\u00f3 a los integrantes del Consejo Consultivo a continuar con su fortaleza, constancia y empe\u00f1o para lograr que los avances se mantengan y acrecienten\u00a0en la\u00a0administraci\u00f3n que est\u00e1 por iniciar.<\/span><span data-ccp-props=\"{&quot;201341983&quot;:0,&quot;335559731&quot;:708,&quot;335559739&quot;:160,&quot;335559740&quot;:240}\">\u00a0<\/span><\/p>\n<p><span data-contrast=\"none\">Por tanto, confi\u00f3 en que el pr\u00f3ximo Rector\u00a0o Rectora\u00a0mantendr\u00e1\u00a0el empe\u00f1o y visi\u00f3n de desarrollar y\u00a0concretar la igualdad de g\u00e9nero al interior de esta casa de estudios.<\/span><span data-ccp-props=\"{&quot;201341983&quot;:0,&quot;335559731&quot;:708,&quot;335559739&quot;:160,&quot;335559740&quot;:240}\">\u00a0<\/span><\/p>\n<p><span data-contrast=\"none\">Sara Ladr\u00f3n de Guevara se refiri\u00f3 a la\u00a0nueva\u00a0Ley General de Educaci\u00f3n que integra\u00a0el tema de\u00a0igualdad de\u00a0g\u00e9nero, y establece puntualmente\u00a0la erradicaci\u00f3n de la violencia de g\u00e9nero en las instituciones de educaci\u00f3n superior.\u00a0No obstante, expres\u00f3: \u201cDebemos de propiciar un cambio de cultura y\u00a0de actitudes que vulneran la igualdad en nuestras instalaciones universitarias\u201d.<\/span><span data-ccp-props=\"{&quot;201341983&quot;:0,&quot;335559731&quot;:708,&quot;335559739&quot;:160,&quot;335559740&quot;:240}\">\u00a0<\/span><\/p>\n<p><span data-contrast=\"none\">Y reiter\u00f3 su af\u00e1n de que\u00a0la UV\u00a0sea una\u00a0instituci\u00f3n en\u00a0la que se viva la igualdad de g\u00e9nero y la no violencia como una realidad\u00a0y\u00a0cultura arraigada.\u00a0Tambi\u00e9n, reconoci\u00f3\u00a0el impacto de instituci\u00f3n\u00a0y de los integrantes de la comunidad universitaria en los diversos municipios, entidades e instancias acad\u00e9micas en cuanto al mejoramiento de las condiciones de igualdad.<\/span><span data-ccp-props=\"{&quot;201341983&quot;:0,&quot;335559731&quot;:708,&quot;335559739&quot;:160,&quot;335559740&quot;:240}\">\u00a0<\/span><\/p>\n<p>&nbsp;<\/p>\n<div id=\"attachment_100673\" style=\"width: 732px\" class=\"wp-caption aligncenter\"><img loading=\"lazy\" decoding=\"async\" aria-describedby=\"caption-attachment-100673\" class=\"size-full wp-image-100673\" src=\"https:\/\/www.uv.mx\/prensa\/files\/2021\/08\/170821-IGUALDAD-DE-GENERO-2.jpg\" alt=\"\" width=\"722\" height=\"481\" srcset=\"https:\/\/www.uv.mx\/prensa\/files\/2021\/08\/170821-IGUALDAD-DE-GENERO-2.jpg 722w, https:\/\/www.uv.mx\/prensa\/files\/2021\/08\/170821-IGUALDAD-DE-GENERO-2-300x200.jpg 300w\" sizes=\"auto, (max-width: 722px) 100vw, 722px\" \/><p id=\"caption-attachment-100673\" class=\"wp-caption-text\">Integrantes del Consejo Consultivo para la Igualdad de G\u00e9nero estuvieron de forma virtual<\/p><\/div>\n<p>&nbsp;<\/p>\n<p><span data-contrast=\"none\">\u201cHa sido un honor presidir este consejo desde su creaci\u00f3n hasta ahora, les deseo la mejor de las suertes en estas pol\u00edticas que habr\u00e1n de incidir en una mejor\u00a0calidad de vida\u201d, subray\u00f3.<\/span><span data-ccp-props=\"{&quot;201341983&quot;:0,&quot;335559731&quot;:708,&quot;335559739&quot;:160,&quot;335559740&quot;:240}\">\u00a0<\/span><\/p>\n<p><span data-contrast=\"none\">Por su parte, Beatriz Eugenia Rodr\u00edguez Villafuerte agradeci\u00f3 a la Rectora la confianza depositada en su persona para encabezar la Coordinaci\u00f3n de la Unidad de\u00a0G\u00e9nero en los \u00faltimos tres a\u00f1os, adem\u00e1s\u00a0reconoci\u00f3 la participaci\u00f3n y apoyo\u00a0de cada uno de los integrantes de este organismo.<\/span><span data-ccp-props=\"{&quot;201341983&quot;:0,&quot;335559731&quot;:708,&quot;335559739&quot;:160,&quot;335559740&quot;:240}\">\u00a0<\/span><\/p>\n<p><span data-contrast=\"none\">En el marco de la sesi\u00f3n,\u00a0la Rectora\u00a0firm\u00f3 las nuevas bases de colaboraci\u00f3n del Observatorio\u00a0de\u00a0Igualdad de G\u00e9nero que integra, a diferencia del resto de los observatorios UV, a tres entidades acad\u00e9micas: el Centro de\u00a0Estudios de Opini\u00f3n y An\u00e1lisis (CEOA),\u00a0la Facultad de Psicolog\u00eda regi\u00f3n Xalapa y el Instituto de Salud P\u00fablica (ISP).<\/span><span data-ccp-props=\"{&quot;201341983&quot;:0,&quot;335559731&quot;:708,&quot;335559739&quot;:160,&quot;335559740&quot;:240}\">\u00a0<\/span><\/p>\n<p><span data-contrast=\"none\">Asimismo,\u00a0los integrantes del Consejo Consultivo aprobaron dos propuestas. La primera, tiene que ver\u00a0con la realizaci\u00f3n bianual de la encuesta de condiciones familiares y comunitarias de la poblaci\u00f3n universitaria para su acceso\u00a0a la igualdad de g\u00e9nero, cuyo dise\u00f1o\u00a0y\u00a0\u00a0resultados\u00a0fueron presentados de manera remota por\u00a0Rub\u00e9n Flores Gonz\u00e1lez, coordinador del CEOA,\u00a0y Alma Tenorio Aguirre, colaboradora del mismo organismo.<\/span><span data-ccp-props=\"{&quot;201341983&quot;:0,&quot;335559731&quot;:708,&quot;335559739&quot;:160,&quot;335559740&quot;:240}\">\u00a0<\/span><\/p>\n<p><span data-contrast=\"none\">La Rectora expuso que se trata de un instrumento favorable para los estudios de g\u00e9nero, y servir\u00e1 para abonar al trabajo de\u00a0estudiantes, acad\u00e9micos e investigadores.<\/span><span data-ccp-props=\"{&quot;201341983&quot;:0,&quot;335559731&quot;:708,&quot;335559739&quot;:160,&quot;335559740&quot;:240}\">\u00a0<\/span><\/p>\n<p><span data-contrast=\"none\">Adem\u00e1s de ser un\u00a0insumo para el establecimiento de pol\u00edticas\u00a0de g\u00e9nero en la UV, la encuesta servir\u00e1 al Consejo Consultivo para el establecimiento de prioridades y toma de decisiones asociadas a una realidad observable.<\/span><span data-ccp-props=\"{&quot;201341983&quot;:0,&quot;335559731&quot;:708,&quot;335559739&quot;:160,&quot;335559740&quot;:240}\">\u00a0<\/span><\/p>\n<p><span data-contrast=\"none\">Tambi\u00e9n\u00a0se vot\u00f3 a\u00a0favor de\u00a0la integraci\u00f3n de la Cl\u00ednica Universitaria de Salud Reproductiva y Sexual (CUSRS) a esta comisi\u00f3n, derivado de la propuesta hecha por Mar\u00eda Jos\u00e9 Garc\u00eda\u00a0Oramas, titular del\u00a0Centro para el Desarrollo Humano e Integral de los Universitarios (<\/span><i><span data-contrast=\"none\">Cendhiu<\/span><\/i><span data-contrast=\"none\">).<\/span><span data-ccp-props=\"{&quot;201341983&quot;:0,&quot;335559731&quot;:708,&quot;335559739&quot;:160,&quot;335559740&quot;:240}\">\u00a0<\/span><\/p>\n<p><span data-ccp-props=\"{&quot;201341983&quot;:0,&quot;335559739&quot;:160,&quot;335559740&quot;:240}\">\u00a0<\/span><\/p>\n<div id=\"attachment_100674\" style=\"width: 732px\" class=\"wp-caption aligncenter\"><img loading=\"lazy\" decoding=\"async\" aria-describedby=\"caption-attachment-100674\" class=\"size-full wp-image-100674\" src=\"https:\/\/www.uv.mx\/prensa\/files\/2021\/08\/170821-IGUALDAD-DE-GENERO-3.jpg\" alt=\"\" width=\"722\" height=\"482\" srcset=\"https:\/\/www.uv.mx\/prensa\/files\/2021\/08\/170821-IGUALDAD-DE-GENERO-3.jpg 722w, https:\/\/www.uv.mx\/prensa\/files\/2021\/08\/170821-IGUALDAD-DE-GENERO-3-300x200.jpg 300w\" sizes=\"auto, (max-width: 722px) 100vw, 722px\" \/><p id=\"caption-attachment-100674\" class=\"wp-caption-text\">Beatriz Eugenia Rodr\u00edguez Villafuerte, coordinadora de la Unidad de G\u00e9nero, dio a conocer acciones al frente de este organismo<\/p><\/div>\n<p>&nbsp;<\/p>\n<p><b><span data-contrast=\"none\">Acciones y resultados de la Unidad de G\u00e9nero<\/span><\/b><span data-ccp-props=\"{&quot;201341983&quot;:0,&quot;335559739&quot;:160,&quot;335559740&quot;:240}\">\u00a0<\/span><\/p>\n<p><span data-contrast=\"none\">Beatriz Eugenia Rodr\u00edguez, secretaria Ejecutiva del consejo,\u00a0dio a conocer que\u00a0de acuerdo con las estad\u00edsticas\u00a0de la Unidad de G\u00e9nero,\u00a0se han atendido un total de 27 quejas, de las cuales seis est\u00e1n relacionadas con\u00a0acoso sexual,\u00a0cuatro con\u00a0hostigamiento,\u00a014\u00a0con violencia\u00a0y tres con discriminaci\u00f3n.<\/span><span data-ccp-props=\"{&quot;201341983&quot;:0,&quot;335559739&quot;:160,&quot;335559740&quot;:240}\">\u00a0<\/span><\/p>\n<p><span data-contrast=\"none\">Subray\u00f3 que del total de las quejas presentadas, 14 ya se encuentran concluidas, en tanto 13 siguen en proceso.<\/span><span data-ccp-props=\"{&quot;201341983&quot;:0,&quot;335559731&quot;:708,&quot;335559739&quot;:160,&quot;335559740&quot;:240}\">\u00a0<\/span><\/p>\n<p><span data-contrast=\"none\">\u00a0Destac\u00f3 la votaci\u00f3n dentro del Consejo Universitario General (CUG), el pasado 14 de diciembre de 2020, para adicionar como falta a la violencia de g\u00e9nero y dar certeza jur\u00eddica a la comunidad universitaria, dentro del Estatuto General de Personal Acad\u00e9mico, Estatuto de Alumnos, y Reglamento para la Igualdad de G\u00e9nero de la UV.<\/span><span data-ccp-props=\"{&quot;201341983&quot;:0,&quot;335559731&quot;:708,&quot;335559739&quot;:160,&quot;335559740&quot;:240}\">\u00a0<\/span><\/p>\n<p><span data-contrast=\"none\">As\u00ed tambi\u00e9n, reconoci\u00f3 el respaldo de la Direcci\u00f3n General de Comunicaci\u00f3n Universitaria y de la Editorial UV, en la revisi\u00f3n, edici\u00f3n e impresi\u00f3n de\u00a0dos\u00a0mil 500 ejemplares del Protocolo de Atenci\u00f3n a la Violencia de G\u00e9nero, que ser\u00e1n distribuidos en las cinco regiones.<\/span><span data-ccp-props=\"{&quot;201341983&quot;:0,&quot;335559731&quot;:708,&quot;335559739&quot;:160,&quot;335559740&quot;:240}\">\u00a0<\/span><\/p>\n<p><span data-contrast=\"none\">Cabe resaltar que al t\u00e9rmino\u00a0del acto\u00a0se\u00a0entreg\u00f3\u00a0un ejemplar a cada una de las autoridades presentes.<\/span><span data-ccp-props=\"{&quot;201341983&quot;:0,&quot;335559731&quot;:708,&quot;335559739&quot;:160,&quot;335559740&quot;:240}\">\u00a0<\/span><\/p>\n<p><span data-contrast=\"none\">Por otra parte, mencion\u00f3 el desarrollo de talleres, congresos, campa\u00f1as y cursos en materia de igualdad de g\u00e9nero y elaboraci\u00f3n del protocolo.<\/span><span data-ccp-props=\"{&quot;201341983&quot;:0,&quot;335559731&quot;:708,&quot;335559739&quot;:160,&quot;335559740&quot;:240}\">\u00a0<\/span><\/p>\n<p><span data-contrast=\"none\">De\u00a0manera presencial estuvieron en calidad de vocales de dicho consejo:\u00a0Magdalena Hern\u00e1ndez Alarc\u00f3n, secretaria Acad\u00e9mica,\u00a0y\u00a0Ana Lilia Ulloa Cu\u00e9llar, Abogada General.<\/span><span data-ccp-props=\"{&quot;201341983&quot;:0,&quot;335559739&quot;:160,&quot;335559740&quot;:240}\">\u00a0<\/span><\/p>\n<p>&nbsp;<\/p>\n<div id=\"attachment_100675\" style=\"width: 732px\" class=\"wp-caption aligncenter\"><img loading=\"lazy\" decoding=\"async\" aria-describedby=\"caption-attachment-100675\" class=\"size-full wp-image-100675\" src=\"https:\/\/www.uv.mx\/prensa\/files\/2021\/08\/170821-IGUALDAD-DE-GENERO-4.jpg\" alt=\"\" width=\"722\" height=\"482\" srcset=\"https:\/\/www.uv.mx\/prensa\/files\/2021\/08\/170821-IGUALDAD-DE-GENERO-4.jpg 722w, https:\/\/www.uv.mx\/prensa\/files\/2021\/08\/170821-IGUALDAD-DE-GENERO-4-300x200.jpg 300w\" sizes=\"auto, (max-width: 722px) 100vw, 722px\" \/><p id=\"caption-attachment-100675\" class=\"wp-caption-text\">La Rectora de la UV firm\u00f3 las nuevas bases de colaboraci\u00f3n del Observatorio de Igualdad de G\u00e9nero<\/p><\/div>\n<p>&nbsp;<\/p>\n<p><span data-contrast=\"none\">De manera virtual, Karen\u00a0Happeth\u00a0Cuevas Castel\u00e1n, coordinadora del Observatorio de Igualdad de G\u00e9nero;\u00a0Benno\u00a0George\u00a0\u00c1lvaro\u00a0de\u00a0Keijzer\u00a0Fokker, del\u00a0ISP; Estela Casados Gonz\u00e1lez,\u00a0de la\u00a0Facultad de Antropolog\u00eda; Jes\u00fas Alberto Martell Le\u00f3n, de la Universidad Veracruzana Intercultural (UVI), sede\u00a0Totonacapan; Pedro Rafael Mel\u00e9ndez Leyva, del Centro de\u00a0Idiomas,\u00a0regi\u00f3n Orizaba-C\u00f3rdoba.<\/span><span data-ccp-props=\"{&quot;201341983&quot;:0,&quot;335559731&quot;:708,&quot;335559739&quot;:160,&quot;335559740&quot;:240}\">\u00a0<\/span><\/p>\n<p><span data-contrast=\"none\">Tambi\u00e9n,\u00a0Joel Guti\u00e9rrez Trinidad, del Sistema de Ense\u00f1anza Abierta (SEA)\u00a0regi\u00f3n\u00a0Coatzacoalcos-Minatitl\u00e1n; Antonia Barranca Enr\u00edquez, coordinadora del Centro de Estudios y Servicios de Salud, regi\u00f3n Veracruz,\u00a0y\u00a0Mar\u00eda Eugenia Guadarrama, coordinadora del Centro de Estudios de G\u00e9nero (CEG).<\/span><span data-ccp-props=\"{&quot;201341983&quot;:0,&quot;335559731&quot;:708,&quot;335559739&quot;:160,&quot;335559740&quot;:240}\">\u00a0<\/span><\/p>\n<p><span data-contrast=\"none\">Asimismo,\u00a0Mar\u00eda Jos\u00e9 Garc\u00eda\u00a0Oramas, coordinadora del\u00a0<\/span><i><span data-contrast=\"none\">Cendhiu<\/span><\/i><span data-contrast=\"none\">;\u00a0Jorge Rivera Huesca, titular de la Defensor\u00eda de los\u00a0Derechos Universitarios,\u00a0y\u00a0Evangelina Murcia Villag\u00f3mez, directora general de Recursos Humanos.<\/span><span data-ccp-props=\"{&quot;201341983&quot;:0,&quot;335559731&quot;:708,&quot;335559739&quot;:160,&quot;335559740&quot;:240}\">\u00a0<\/span><\/p>\n<p><span data-contrast=\"none\">Adem\u00e1s,\u00a0Lissette Figueroa V\u00e1zquez, directora de la Facultad de Psicolog\u00eda, regi\u00f3n Xalapa; Roberto Centeno Cuevas,\u00a0titular del ISP;\u00a0Oth\u00f3n Flores Consejo, de la Coordinaci\u00f3n Universitaria de Observatorios\u00a0(CUO);\u00a0y\u00a0Raciel\u00a0Dam\u00f3n\u00a0Mart\u00ednez G\u00f3mez, director general de Comunicaci\u00f3n Universitaria.<\/span><span data-ccp-props=\"{&quot;201341983&quot;:0,&quot;335559731&quot;:708,&quot;335559739&quot;:160,&quot;335559740&quot;:240}\">\u00a0<\/span><\/p>\n<p>&nbsp;<\/p>\n<div id=\"attachment_100676\" style=\"width: 732px\" class=\"wp-caption aligncenter\"><img loading=\"lazy\" decoding=\"async\" aria-describedby=\"caption-attachment-100676\" class=\"size-full wp-image-100676\" src=\"https:\/\/www.uv.mx\/prensa\/files\/2021\/08\/170821-IGUALDAD-DE-GENERO-5.jpg\" alt=\"\" width=\"722\" height=\"482\" srcset=\"https:\/\/www.uv.mx\/prensa\/files\/2021\/08\/170821-IGUALDAD-DE-GENERO-5.jpg 722w, https:\/\/www.uv.mx\/prensa\/files\/2021\/08\/170821-IGUALDAD-DE-GENERO-5-300x200.jpg 300w\" sizes=\"auto, (max-width: 722px) 100vw, 722px\" \/><p id=\"caption-attachment-100676\" class=\"wp-caption-text\">Autoridades e integrantes del Consejo Consultivo recibieron ejemplares del Protocolo de Atenci\u00f3n a la Violencia de G\u00e9nero<\/p><\/div>\n","protected":false},"excerpt":{"rendered":"<p>La Rectora destac\u00f3 la labor realizada a lo largo de este periodo,\u00a0con el fin de promover y garantizar\u00a0estos aspectos\u00a0en\u00a0el entorno institucional\u00a0<\/p>\n","protected":false},"author":1869,"featured_media":100677,"comment_status":"closed","ping_status":"closed","sticky":false,"template":"","format":"standard","meta":{"footnotes":""},"categories":[61],"tags":[],"class_list":["post-100671","post","type-post","status-publish","format-standard","has-post-thumbnail","hentry","category-banner"],"_links":{"self":[{"href":"https:\/\/www.uv.mx\/prensa\/wp-json\/wp\/v2\/posts\/100671","targetHints":{"allow":["GET"]}}],"collection":[{"href":"https:\/\/www.uv.mx\/prensa\/wp-json\/wp\/v2\/posts"}],"about":[{"href":"https:\/\/www.uv.mx\/prensa\/wp-json\/wp\/v2\/types\/post"}],"author":[{"embeddable":true,"href":"https:\/\/www.uv.mx\/prensa\/wp-json\/wp\/v2\/users\/1869"}],"replies":[{"embeddable":true,"href":"https:\/\/www.uv.mx\/prensa\/wp-json\/wp\/v2\/comments?post=100671"}],"version-history":[{"count":1,"href":"https:\/\/www.uv.mx\/prensa\/wp-json\/wp\/v2\/posts\/100671\/revisions"}],"predecessor-version":[{"id":100845,"href":"https:\/\/www.uv.mx\/prensa\/wp-json\/wp\/v2\/posts\/100671\/revisions\/100845"}],"wp:featuredmedia":[{"embeddable":true,"href":"https:\/\/www.uv.mx\/prensa\/wp-json\/wp\/v2\/media\/100677"}],"wp:attachment":[{"href":"https:\/\/www.uv.mx\/prensa\/wp-json\/wp\/v2\/media?parent=100671"}],"wp:term":[{"taxonomy":"category","embeddable":true,"href":"https:\/\/www.uv.mx\/prensa\/wp-json\/wp\/v2\/categories?post=100671"},{"taxonomy":"post_tag","embeddable":true,"href":"https:\/\/www.uv.mx\/prensa\/wp-json\/wp\/v2\/tags?post=100671"}],"curies":[{"name":"wp","href":"https:\/\/api.w.org\/{rel}","templated":true}]}}