{"id":100665,"date":"2021-08-17T15:04:20","date_gmt":"2021-08-17T20:04:20","guid":{"rendered":"https:\/\/www.uv.mx\/prensa\/?p=100665"},"modified":"2021-08-20T14:36:40","modified_gmt":"2021-08-20T19:36:40","slug":"diplomado-en-comunicacion-de-la-ciencia-uv-inicia-edicion-2021","status":"publish","type":"post","link":"https:\/\/www.uv.mx\/prensa\/ciencia\/diplomado-en-comunicacion-de-la-ciencia-uv-inicia-edicion-2021\/","title":{"rendered":"Diplomado\u00a0en\u00a0Comunicaci\u00f3n de la Ciencia\u00a0UV\u00a0inicia edici\u00f3n 2021\u00a0"},"content":{"rendered":"<ul>\n<li data-leveltext=\"\uf0b7\" data-font=\"Symbol\" data-listid=\"2\" data-aria-posinset=\"1\" data-aria-level=\"1\"><i><span data-contrast=\"auto\">Guillermo Orozco, investigador em\u00e9rito del\u00a0<\/span><\/i><span data-contrast=\"auto\">Conacyt<\/span><i><span data-contrast=\"auto\">, ofrecer\u00e1 conferencia de apertura\u00a0a\u00a0trav\u00e9s de\u00a0<\/span><\/i><span data-contrast=\"auto\">Facebook<\/span><i><span data-contrast=\"auto\">, el viernes 20 de agosto\u00a0a las 16:00 horas<\/span><\/i><span data-ccp-props=\"{&quot;134233279&quot;:true}\">\u00a0<\/span><\/li>\n<li data-leveltext=\"\uf0b7\" data-font=\"Symbol\" data-listid=\"2\" data-aria-posinset=\"2\" data-aria-level=\"1\"><i><span data-contrast=\"auto\">Se realizar\u00e1\u00a0homenaje p\u00f3stumo a Manuel Mart\u00ednez, fundador del programa<\/span><\/i><span data-ccp-props=\"{&quot;134233279&quot;:true}\">\u00a0<\/span><\/li>\n<\/ul>\n<p><span data-ccp-props=\"{&quot;134233117&quot;:true,&quot;134233118&quot;:true}\">\u00a0<\/span><\/p>\n<div id=\"attachment_100666\" style=\"width: 732px\" class=\"wp-caption aligncenter\"><img loading=\"lazy\" decoding=\"async\" aria-describedby=\"caption-attachment-100666\" class=\"size-full wp-image-100666\" src=\"https:\/\/www.uv.mx\/prensa\/files\/2021\/08\/160821-DCC-1.jpg\" alt=\"\" width=\"722\" height=\"481\" srcset=\"https:\/\/www.uv.mx\/prensa\/files\/2021\/08\/160821-DCC-1.jpg 722w, https:\/\/www.uv.mx\/prensa\/files\/2021\/08\/160821-DCC-1-300x200.jpg 300w\" sizes=\"auto, (max-width: 722px) 100vw, 722px\" \/><p id=\"caption-attachment-100666\" class=\"wp-caption-text\">Guillermo Orozco,\u00a0investigador\u00a0em\u00e9rito del\u00a0<em>Conacyt<\/em>, estar\u00e1 en la inauguraci\u00f3n del DCC<\/p><\/div>\n<p><span data-ccp-props=\"{&quot;134233117&quot;:true,&quot;134233118&quot;:true}\">\u00a0<\/span><\/p>\n<p><b><i><span data-contrast=\"auto\">17\/08\/2021, Xalapa, Ver.-\u00a0<\/span><\/i><\/b><span data-contrast=\"auto\">La edici\u00f3n 2021 del Diplomado en <a href=\"https:\/\/www.uv.mx\/cienciauv\/\" target=\"_blank\" rel=\"noopener\">Comunicaci\u00f3n de la Ciencia<\/a> (DCC)\u00a0de la Universidad Veracruzana (UV) inicia el\u00a0viernes 20 de agosto con la\u00a0participaci\u00f3n de Guillermo Orozco, investigador em\u00e9rito del Consejo Nacional de Ciencia y Tecnolog\u00eda (<\/span><i><span data-contrast=\"auto\">Conacyt<\/span><\/i><span data-contrast=\"auto\">)\u00a0y uno de los principales referentes de la investigaci\u00f3n en el \u00e1rea de comunicaci\u00f3n y audiencias en Am\u00e9rica Latina.<\/span><span data-ccp-props=\"{&quot;134233117&quot;:true,&quot;134233118&quot;:true}\">\u00a0<\/span><\/p>\n<p><span data-contrast=\"auto\">\u201cEl p\u00fablico imaginado. Estudios de recepci\u00f3n y audiencias\u201d, es el nombre de la conferencia que dictar\u00e1\u00a0el responsable de la C\u00e1tedra UNESCO-de Alfabetizaci\u00f3n Medi\u00e1tica-Informacional y Di\u00e1logo Intercultural\u202fpara Am\u00e9rica Latina, luego de la\u00a0ceremonia inaugural, misma que ser\u00e1 transmitida por\u00a0<\/span><i><span data-contrast=\"auto\">Facebook<\/span><\/i><span data-contrast=\"auto\">\u00a0a partir de las 16:00 horas.<\/span><span data-ccp-props=\"{&quot;134233117&quot;:true,&quot;134233118&quot;:true}\">\u00a0<\/span><\/p>\n<p><span data-contrast=\"auto\">En el\u00a0acto de apertura de la\u00a0quinta\u00a0edici\u00f3n del\u00a0DCC, tambi\u00e9n se rendir\u00e1 un homenaje p\u00f3stumo a Manuel Mart\u00ednez Morales, quien fund\u00f3 e impuls\u00f3 este programa en 2013\u00a0desde la Direcci\u00f3n de Comunicaci\u00f3n de la Ciencia,\u00a0de la cual fue titular hasta su deceso en 2021, as\u00ed como investigador de diversos programas educativos (PE) de licenciatura y posgrado.<\/span><span data-ccp-props=\"{&quot;134233117&quot;:true,&quot;134233118&quot;:true}\">\u00a0<\/span><\/p>\n<p><span data-contrast=\"auto\">El DCC es un programa conjunto del\u00a0\u00c1rea\u00a0Acad\u00e9mica\u00a0Biol\u00f3gico-Agropecuaria\u00a0(AABA)\u00a0y la Direcci\u00f3n de Comunicaci\u00f3n de la Ciencia, enfocado\u00a0en\u00a0la profesionalizaci\u00f3n\u00a0de dicha \u00e1rea.<\/span><span data-ccp-props=\"{&quot;134233117&quot;:true,&quot;134233118&quot;:true}\">\u00a0<\/span><\/p>\n<p><span data-contrast=\"auto\">Desde su inicio, integr\u00f3\u00a0las aportaciones que la comunidad latinoamericana ha realizado al campo acad\u00e9mico;\u00a0es decir,\u00a0la necesidad de un enfoque cr\u00edtico en torno a la ciencia y a la comunicaci\u00f3n,\u00a0y\u00a0un dise\u00f1o pedag\u00f3gico basado en experiencias did\u00e1cticas de aprendizaje colaborativo, as\u00ed como\u00a0la selecci\u00f3n de bibliograf\u00eda especializada actual y acorde al contexto, y una perspectiva de pertinencia y compromiso social.<\/span><span data-ccp-props=\"{&quot;134233117&quot;:true,&quot;134233118&quot;:true,&quot;335559731&quot;:708}\">\u00a0<\/span><\/p>\n<p><span data-contrast=\"auto\">Edith Escal\u00f3n, coordinadora del\u00a0DCC,\u00a0explic\u00f3 que\u00a0su enfoque se centra en el\u00a0dise\u00f1o de estrategias de comunicaci\u00f3n\u00a0p\u00fablica de la\u00a0ciencia, iniciativas que buscan tender puentes entre ciencia y sociedad, adem\u00e1s de tener como punto de partida la complejidad de las problem\u00e1ticas y los contextos sociales m\u00e1s pr\u00f3ximos.<\/span><span data-ccp-props=\"{&quot;134233117&quot;:true,&quot;134233118&quot;:true,&quot;335559731&quot;:708}\">\u00a0<\/span><\/p>\n<p><span data-ccp-props=\"{&quot;134233117&quot;:true,&quot;134233118&quot;:true}\">\u00a0<\/span><\/p>\n<p><b><span data-contrast=\"auto\">Comunicaci\u00f3n y audiencias, en la conferencia magistral<\/span><\/b><span data-ccp-props=\"{&quot;134233117&quot;:true,&quot;134233118&quot;:true}\">\u00a0<\/span><\/p>\n<p><span data-contrast=\"auto\">Como se mencion\u00f3\u00a0al inicio, la\u00a0conferencia inaugural estar\u00e1 a cargo de Guillermo Orozco, profesor titular y director del Departamento de Estudios de la Comunicaci\u00f3n Social de\u00a0la Universidad de Guadalajara.<\/span><span data-ccp-props=\"{&quot;134233117&quot;:true,&quot;134233118&quot;:true}\">\u00a0<\/span><\/p>\n<p><span data-contrast=\"auto\">\u00c9l es especialista en\u00a0Pedagog\u00eda por la Universidad de Colonia, Alemania,\u00a0as\u00ed como\u00a0Maestro y\u00a0Doctor en Educaci\u00f3n por la Universidad de Harvard,\u00a0y\u00a0miembro de la Academia Mexicana de Ciencias\u00a0(AMC)\u00a0y del Sistema Nacional de Investigadores\u00a0(SNI)\u00a0Nivel 3.<\/span><span data-ccp-props=\"{&quot;134233117&quot;:true,&quot;134233118&quot;:true,&quot;335559731&quot;:708}\">\u00a0<\/span><\/p>\n<p><span data-contrast=\"auto\">Por m\u00e1s de 35 a\u00f1os se ha dedicado a la investigaci\u00f3n y\u00a0a\u00a0la docencia en las l\u00edneas de\u00a0educomunicaci\u00f3n,\u00a0ficci\u00f3n\u00a0televisiva,\u00a0y\u00a0teor\u00eda y\u00a0metodolog\u00eda de an\u00e1lisis de\u00a0audiencias.<\/span><span data-ccp-props=\"{&quot;134233117&quot;:true,&quot;134233118&quot;:true,&quot;335559731&quot;:708}\">\u00a0<\/span><\/p>\n<p><span data-contrast=\"auto\">Ha sido\u00a0catedr\u00e1tico de\u00a0comunicaci\u00f3n en la Universidad Javeriana de Colombia, profesor visitante\u00a0en\u00a0la\u00a0Universidad\u00a0Cornell,\u00a0Estados Unidos,\u00a0en la Aut\u00f3noma de Barcelona, y catedr\u00e1tico\u00a0Humanitas\u00a0por el Instituto Tecnol\u00f3gico y de Estudios Superiores de Monterrey.<\/span><span data-ccp-props=\"{&quot;134233117&quot;:true,&quot;134233118&quot;:true,&quot;335559731&quot;:708}\">\u00a0<\/span><\/p>\n<p><span data-contrast=\"auto\">Adem\u00e1s ha publicado m\u00e1s de\u00a0100\u00a0art\u00edculos en revistas internacionales\u00a0y ha sido autor de m\u00e1s de 25 libros;\u00a0ha destacado como coordinador de proyectos de investigaci\u00f3n en comunicaci\u00f3n, entre los que sobresale\u00a0el\u00a0Observatorio Iberoamericano de Ficci\u00f3n Televisiva.<\/span><span data-ccp-props=\"{&quot;134233117&quot;:true,&quot;134233118&quot;:true,&quot;335559731&quot;:708}\">\u00a0<\/span><\/p>\n<p><span data-contrast=\"auto\">Tambi\u00e9n, la serie de Cuadernos de Comunicaci\u00f3n y Pr\u00e1cticas Sociales en la Universidad Iberoamericana; la serie de libros del Foro Internacional TVMORFOSIS,\u00a0y los Cuadernos del Programa de Alfabetizaci\u00f3n Comunicacional en\u00a0la Universidad de Guadalajara.<\/span><span data-ccp-props=\"{&quot;134233117&quot;:true,&quot;134233118&quot;:true,&quot;335559731&quot;:708}\">\u00a0<\/span><\/p>\n<p><span data-contrast=\"auto\">La presencia del\u00a0investigador\u00a0en la universidad p\u00fablica m\u00e1s importante de Veracruz\u00a0impulsa y avala este\u00a0PE, que ha buscado desde su dise\u00f1o promover una formaci\u00f3n acorde a la complejidad de los contextos latinoamericanos, donde la diversidad biol\u00f3gica y cultural contrasta con altos \u00edndices de pobreza, marginaci\u00f3n y violencia.<\/span><span data-ccp-props=\"{&quot;134233117&quot;:true,&quot;134233118&quot;:true,&quot;335559731&quot;:708}\">\u00a0<\/span><\/p>\n<p><span data-contrast=\"auto\">En estos escenarios, el\u00a0DCC articula\u00a0iniciativas para la incidencia y la transformaci\u00f3n de lo social.<\/span><span data-ccp-props=\"{&quot;134233117&quot;:true,&quot;134233118&quot;:true,&quot;335559731&quot;:708}\">\u00a0<\/span><\/p>\n<p><span data-ccp-props=\"{&quot;134233117&quot;:true,&quot;134233118&quot;:true}\">\u00a0<\/span><\/p>\n<p><b><span data-contrast=\"auto\">Formaci\u00f3n colectiva<\/span><\/b><span data-ccp-props=\"{&quot;134233117&quot;:true,&quot;134233118&quot;:true}\">\u00a0<\/span><\/p>\n<p><span data-contrast=\"auto\">El diplomado\u00a0cuenta con la\u00a0participaci\u00f3n de especialistas\u00a0de instituciones p\u00fablicas y privadas dedicadas a la pr\u00e1ctica, formaci\u00f3n\u00a0e\u00a0investigaci\u00f3n en\u00a0comunicaci\u00f3n de la\u00a0ciencia que fortalecen\u00a0la\u00a0ense\u00f1anza\u00a0en\u00a0divulgaci\u00f3n escrita,\u00a0periodismo cient\u00edfico, teatro y mon\u00f3logo, documental, animaci\u00f3n, creaci\u00f3n multimedia, edici\u00f3n de libros y revistas\u00a0de divulgaci\u00f3n, dise\u00f1o, museos, redes sociales,\u00a0<\/span><i><span data-contrast=\"auto\">marketing<\/span><\/i><span data-contrast=\"auto\">, investigaci\u00f3n y profesionalizaci\u00f3n.<\/span><span data-ccp-props=\"{&quot;134233117&quot;:true,&quot;134233118&quot;:true}\">\u00a0<\/span><\/p>\n<p><span data-contrast=\"auto\">Entre ellas,\u00a0destaca\u00a0la Direcci\u00f3n General de Divulgaci\u00f3n de la Ciencia y\u202fla Maestr\u00eda y Doctorado en Filosof\u00eda de la Ciencia, ambas de la Universidad Nacional Aut\u00f3noma de M\u00e9xico (UNAM); la Maestr\u00eda en Comunicaci\u00f3n de la Ciencia y la Cultura, del Instituto Tecnol\u00f3gico y de Estudios Superiores de Occidente (ITESO);\u00a0la Sociedad Mexicana para la Divulgaci\u00f3n de la Ciencia y la T\u00e9cnica (<\/span><i><span data-contrast=\"auto\">Somedicyt<\/span><\/i><span data-contrast=\"auto\">), y la Red Mexicana de Periodistas de Ciencia (RedMPC).<\/span><span data-ccp-props=\"{&quot;134233117&quot;:true,&quot;134233118&quot;:true,&quot;335559731&quot;:708}\">\u00a0<\/span><\/p>\n<p><span data-contrast=\"auto\">La conferencia y\u00a0el\u00a0acto\u00a0inaugurales\u00a0se transmitir\u00e1n\u00a0en vivo\u00a0a trav\u00e9s de\u00a0<\/span><a href=\"https:\/\/www.facebook.com\/DiplomadoCCUV\"><span data-contrast=\"auto\">www.facebook.com\/DiplomadoCCUV<\/span><\/a><span data-ccp-props=\"{&quot;134233117&quot;:true,&quot;134233118&quot;:true,&quot;335559731&quot;:708}\">\u00a0<\/span><\/p>\n<p><span data-ccp-props=\"{&quot;134233117&quot;:true,&quot;134233118&quot;:true}\">\u00a0<\/span><\/p>\n<div id=\"attachment_100667\" style=\"width: 491px\" class=\"wp-caption aligncenter\"><img loading=\"lazy\" decoding=\"async\" aria-describedby=\"caption-attachment-100667\" class=\"wp-image-100667 size-full\" src=\"https:\/\/www.uv.mx\/prensa\/files\/2021\/08\/160821-DCC-2-e1629231214567.jpg\" alt=\"\" width=\"481\" height=\"481\" \/><p id=\"caption-attachment-100667\" class=\"wp-caption-text\">Se rendir\u00e1 un homenaje p\u00f3stumo a Manuel Mart\u00ednez Morales<\/p><\/div>\n","protected":false},"excerpt":{"rendered":"<p>Guillermo Orozco, investigador em\u00e9rito del\u00a0<em>Conacyt<\/em>,\u00a0dictar\u00e1 la conferencia de apertura el\u00a020 de agosto,\u00a0a trav\u00e9s de <em>Facebook<\/em>\u00a0<\/p>\n","protected":false},"author":1869,"featured_media":100668,"comment_status":"closed","ping_status":"closed","sticky":false,"template":"","format":"standard","meta":{"footnotes":""},"categories":[45,47,61],"tags":[],"class_list":["post-100665","post","type-post","status-publish","format-standard","has-post-thumbnail","hentry","category-ciencia","category-eventos","category-banner"],"_links":{"self":[{"href":"https:\/\/www.uv.mx\/prensa\/wp-json\/wp\/v2\/posts\/100665","targetHints":{"allow":["GET"]}}],"collection":[{"href":"https:\/\/www.uv.mx\/prensa\/wp-json\/wp\/v2\/posts"}],"about":[{"href":"https:\/\/www.uv.mx\/prensa\/wp-json\/wp\/v2\/types\/post"}],"author":[{"embeddable":true,"href":"https:\/\/www.uv.mx\/prensa\/wp-json\/wp\/v2\/users\/1869"}],"replies":[{"embeddable":true,"href":"https:\/\/www.uv.mx\/prensa\/wp-json\/wp\/v2\/comments?post=100665"}],"version-history":[{"count":1,"href":"https:\/\/www.uv.mx\/prensa\/wp-json\/wp\/v2\/posts\/100665\/revisions"}],"predecessor-version":[{"id":100846,"href":"https:\/\/www.uv.mx\/prensa\/wp-json\/wp\/v2\/posts\/100665\/revisions\/100846"}],"wp:featuredmedia":[{"embeddable":true,"href":"https:\/\/www.uv.mx\/prensa\/wp-json\/wp\/v2\/media\/100668"}],"wp:attachment":[{"href":"https:\/\/www.uv.mx\/prensa\/wp-json\/wp\/v2\/media?parent=100665"}],"wp:term":[{"taxonomy":"category","embeddable":true,"href":"https:\/\/www.uv.mx\/prensa\/wp-json\/wp\/v2\/categories?post=100665"},{"taxonomy":"post_tag","embeddable":true,"href":"https:\/\/www.uv.mx\/prensa\/wp-json\/wp\/v2\/tags?post=100665"}],"curies":[{"name":"wp","href":"https:\/\/api.w.org\/{rel}","templated":true}]}}