{"id":100581,"date":"2021-08-15T08:00:24","date_gmt":"2021-08-15T13:00:24","guid":{"rendered":"https:\/\/www.uv.mx\/prensa\/?p=100581"},"modified":"2021-08-16T10:40:23","modified_gmt":"2021-08-16T15:40:23","slug":"uv-presento-programas-de-becas-y-movilidad-a-nuevos-estudiantes","status":"publish","type":"post","link":"https:\/\/www.uv.mx\/prensa\/banner\/uv-presento-programas-de-becas-y-movilidad-a-nuevos-estudiantes\/","title":{"rendered":"UV present\u00f3 programas de becas y movilidad a nuevos estudiantes\u00a0"},"content":{"rendered":"<ul>\n<li data-leveltext=\"\uf0b7\" data-font=\"Symbol\" data-listid=\"1\" data-aria-posinset=\"1\" data-aria-level=\"1\"><i><span data-contrast=\"auto\">Dentro del\u00a0programa \u201cConoce tu Universidad\u201d, se realiz\u00f3 un conversatorio virtual, organizado por la Secretar\u00eda Acad\u00e9mica<\/span><\/i><span data-ccp-props=\"{&quot;134233279&quot;:true,&quot;201341983&quot;:0,&quot;335559739&quot;:160,&quot;335559740&quot;:240}\">\u00a0<\/span><\/li>\n<li data-leveltext=\"\uf0b7\" data-font=\"Symbol\" data-listid=\"1\" data-aria-posinset=\"2\" data-aria-level=\"1\"><i><span data-contrast=\"auto\">Tambi\u00e9n se abord\u00f3 la importancia de la Coordinaci\u00f3n Universitaria de Atenci\u00f3n Estudiantil<\/span><\/i><span data-ccp-props=\"{&quot;134233279&quot;:true,&quot;201341983&quot;:0,&quot;335559739&quot;:160,&quot;335559740&quot;:240}\">\u00a0<\/span><\/li>\n<\/ul>\n<p><span data-ccp-props=\"{&quot;201341983&quot;:0,&quot;335559739&quot;:160,&quot;335559740&quot;:240}\">\u00a0<\/span><\/p>\n<div id=\"attachment_100582\" style=\"width: 1010px\" class=\"wp-caption aligncenter\"><img loading=\"lazy\" decoding=\"async\" aria-describedby=\"caption-attachment-100582\" class=\"size-full wp-image-100582\" src=\"https:\/\/www.uv.mx\/prensa\/files\/2021\/08\/PRENSA-120821-PAOLA-Conversatorio.jpg\" alt=\"\" width=\"1000\" height=\"350\" srcset=\"https:\/\/www.uv.mx\/prensa\/files\/2021\/08\/PRENSA-120821-PAOLA-Conversatorio.jpg 1000w, https:\/\/www.uv.mx\/prensa\/files\/2021\/08\/PRENSA-120821-PAOLA-Conversatorio-300x105.jpg 300w, https:\/\/www.uv.mx\/prensa\/files\/2021\/08\/PRENSA-120821-PAOLA-Conversatorio-768x269.jpg 768w\" sizes=\"auto, (max-width: 1000px) 100vw, 1000px\" \/><p id=\"caption-attachment-100582\" class=\"wp-caption-text\">En el conversatorio participaron\u00a0Hugo\u00a0Garizurieta,\u00a0Blanca Estela S\u00e1nchez, Marcelo S\u00e1nchez y Juan Capetillo<\/p><\/div>\n<p><span data-ccp-props=\"{&quot;201341983&quot;:0,&quot;335559739&quot;:160,&quot;335559740&quot;:240}\">\u00a0<\/span><\/p>\n<p><b><i><span data-contrast=\"auto\">Paola Cort\u00e9s P\u00e9rez<\/span><\/i><\/b><span data-ccp-props=\"{&quot;201341983&quot;:0,&quot;335559739&quot;:160,&quot;335559740&quot;:240}\">\u00a0<\/span><\/p>\n<p><b><i><span data-contrast=\"auto\">15\/08\/2021, Xalapa, Ver.-<\/span><\/i><\/b><i><span data-contrast=\"auto\">\u00a0<\/span><\/i><span data-contrast=\"auto\">La <a href=\"https:\/\/www.uv.mx\/secretariaacademica\/\" target=\"_blank\" rel=\"noopener\">Secretar\u00eda Acad\u00e9mica<\/a> de la Universidad Veracruzana (UV),\u00a0en conversatorio dirigido a los estudiantes de nuevo ingreso, dio pormenores sobre\u00a0tr\u00e1mites escolares, becas, movilidad y atenci\u00f3n estudiantil, como\u00a0parte\u00a0del\u00a0programa \u201cConoce tu Universidad\u201d.<\/span><span data-ccp-props=\"{&quot;201341983&quot;:0,&quot;335559739&quot;:160,&quot;335559740&quot;:240}\">\u00a0<\/span><\/p>\n<p><span data-contrast=\"auto\">En dicho conversatorio participaron\u00a0Juan Capetillo Hern\u00e1ndez, coordinador universitario de Atenci\u00f3n Estudiantil;\u00a0Blanca Estela S\u00e1nchez Hern\u00e1ndez, directora de Servicios Escolares\u00a0de la Direcci\u00f3n General de Administraci\u00f3n Escolar\u00a0(DGAE), y\u00a0Marcelo S\u00e1nchez Cruz, responsable de\u00a0Difusi\u00f3n y Proyectos\u00a0Especiales\u00a0de\u00a0la Coordinaci\u00f3n de Movilidad Estudiantil y Acad\u00e9mica de la Direcci\u00f3n General de Relaciones Internacionales; bajo la moderaci\u00f3n del periodista Hugo\u00a0Garizurieta.<\/span><span data-ccp-props=\"{&quot;201341983&quot;:0,&quot;335559731&quot;:708,&quot;335559739&quot;:160,&quot;335559740&quot;:240}\">\u00a0<\/span><\/p>\n<p><span data-contrast=\"auto\">La charla informativa se llev\u00f3 a cabo\u00a0la\u00a0tarde del jueves 12 de agosto a trav\u00e9s de la\u00a0<\/span><i><span data-contrast=\"auto\">fanpage<\/span><\/i><span data-contrast=\"auto\">\u00a0de\u00a0<\/span><i><span data-contrast=\"auto\">Facebook<\/span><\/i><span data-contrast=\"auto\">\u00a0de la Secretar\u00eda Acad\u00e9mica\u00a0<\/span><a href=\"https:\/\/www.facebook.com\/SecretariaAcademicaUV\"><span data-contrast=\"none\">@SecretariaAcademicaUV<\/span><\/a><span data-contrast=\"auto\">.<\/span><span data-ccp-props=\"{&quot;201341983&quot;:0,&quot;335559731&quot;:708,&quot;335559739&quot;:160,&quot;335559740&quot;:240}\">\u00a0<\/span><\/p>\n<p><span data-ccp-props=\"{&quot;201341983&quot;:0,&quot;335559731&quot;:708,&quot;335559739&quot;:160,&quot;335559740&quot;:240}\">\u00a0<\/span><\/p>\n<p><b><span data-contrast=\"auto\">Becas<\/span><\/b><span data-ccp-props=\"{&quot;201341983&quot;:0,&quot;335559739&quot;:160,&quot;335559740&quot;:240}\">\u00a0<\/span><\/p>\n<p><span data-contrast=\"auto\">Blanca Estela S\u00e1nchez\u00a0mencion\u00f3 que la Universidad destina una parte de sus recursos a becas y apoyos escolares. Como instituci\u00f3n de educaci\u00f3n superior (IES),\u00a0genera un apoyo por medio de la beca escolar, la cual es semestral; el est\u00edmulo al alto rendimiento acad\u00e9mico;\u00a0est\u00edmulo\u00a0al desempe\u00f1o acad\u00e9mico y art\u00edstico, y la beca deportiva.<\/span><span data-ccp-props=\"{&quot;201341983&quot;:0,&quot;335559739&quot;:160,&quot;335559740&quot;:240}\">\u00a0<\/span><\/p>\n<p><span data-contrast=\"auto\">Adem\u00e1s, dijo que tambi\u00e9n hay becas externas que ofrecen otras instancias, como instituciones bancarias (<\/span>Santander<span data-contrast=\"auto\">,\u00a0<\/span><i><span data-contrast=\"auto\">Banamex<\/span><\/i><span data-contrast=\"auto\">\u00a0y\u00a0<\/span><i><span data-contrast=\"auto\">BBV<\/span><\/i><span data-contrast=\"auto\">\u00a0<\/span><i><span data-contrast=\"auto\">Bancomer<\/span><\/i><span data-contrast=\"auto\">) y el gobierno federal.<\/span><span data-ccp-props=\"{&quot;201341983&quot;:0,&quot;335559731&quot;:708,&quot;335559739&quot;:160,&quot;335559740&quot;:240}\">\u00a0<\/span><\/p>\n<p><span data-contrast=\"auto\">Los estudiantes interesados deber\u00e1n\u00a0esperar a la publicaci\u00f3n de las convocatorias para acceder a\u00a0la beca que ofrece la UV.\u00a0En cuanto a las becas externas, indic\u00f3 que los universitarios deben registrarse en un sistema externo, para ello requerir\u00e1n\u00a0una\u00a0ficha activada, procedimiento que puede realizar la\u00a0DGAE.<\/span><span data-ccp-props=\"{&quot;201341983&quot;:0,&quot;335559731&quot;:708,&quot;335559739&quot;:160,&quot;335559740&quot;:240}\">\u00a0<\/span><\/p>\n<p><span data-contrast=\"auto\">En\u00a0<\/span><a href=\"http:\/\/www.uv.mx\/estudiantes\/becas-y-estimulos\/\" target=\"_blank\" rel=\"noopener\"><span data-contrast=\"none\">www.uv.mx\/estudiantes\/becas-y-estimulos\/<\/span><\/a><span data-ccp-props=\"{&quot;201341983&quot;:0,&quot;335559731&quot;:708,&quot;335559739&quot;:160,&quot;335559740&quot;:240}\">\u00a0<\/span><span data-contrast=\"auto\">se muestran los requisitos y el proceso que tienen que realizar para\u00a0obtener\u00a0becas de la UV o externas.<\/span><span data-ccp-props=\"{&quot;201341983&quot;:0,&quot;335559739&quot;:160,&quot;335559740&quot;:240}\">\u00a0<\/span><\/p>\n<p><span data-contrast=\"auto\">Con respecto al tr\u00e1mite de\u00a0las credenciales para estudiantes de nuevo ingreso, explic\u00f3 que\u00a0al realizarse el pago de la inscripci\u00f3n tambi\u00e9n se hace el de las mismas,\u00a0las\u00a0cuales\u00a0se\u00a0env\u00edan\u00a0al\u00a0Secretario\u00a0Acad\u00e9mico de cada\u00a0Facultad, quien las\u00a0entregar\u00e1 a los j\u00f3venes.<\/span><span data-ccp-props=\"{&quot;201341983&quot;:0,&quot;335559731&quot;:708,&quot;335559739&quot;:160,&quot;335559740&quot;:240}\">\u00a0<\/span><\/p>\n<p><span data-ccp-props=\"{&quot;201341983&quot;:0,&quot;335559731&quot;:708,&quot;335559739&quot;:160,&quot;335559740&quot;:240}\">\u00a0<\/span><\/p>\n<p><b><span data-contrast=\"auto\">Consejeros alumnos<\/span><\/b><span data-ccp-props=\"{&quot;201341983&quot;:0,&quot;335559739&quot;:160,&quot;335559740&quot;:240}\">\u00a0<\/span><\/p>\n<p><span data-contrast=\"auto\">Juan Capetillo\u00a0coment\u00f3 sobre la importancia de la figura del\u00a0Consejero\u00a0Alumno, ya que es el representante y la voz de los estudiantes ante las autoridades universitarias.\u00a0Detall\u00f3 que\u00a0es\u00a0electo entre septiembre-noviembre de cada a\u00f1o\u00a0y\u00a0ser\u00e1\u00a0el que enfrente\u00a0las necesidades, inquietudes\u00a0e incluso inconformidades\u00a0de la comunidad estudiantil, ante la Rector\u00eda,\u00a0el\u00a0Consejo Universitario General (CUG) y las autoridades de las facultades.<\/span><span data-ccp-props=\"{&quot;201341983&quot;:0,&quot;335559739&quot;:160,&quot;335559740&quot;:240}\">\u00a0<\/span><\/p>\n<p><span data-contrast=\"auto\">\u201cNuestra oficina tiene contacto permanente y cercano con los consejeros para estar pendiente de sus necesidades,\u00a0propuestas\u00a0y\u00a0proyectos,\u00a0con el fin de\u00a0hacerlos\u00a0llegar directamente a la Rectora o Rector en turno.\u201d<\/span><span data-ccp-props=\"{&quot;201341983&quot;:0,&quot;335559731&quot;:708,&quot;335559739&quot;:160,&quot;335559740&quot;:240}\">\u00a0<\/span><\/p>\n<p><span data-contrast=\"auto\">Dijo que\u00a0para registrarse como candidato a consejero alumno\u00a0se\u00a0deben cumplir con los siguientes requisitos:\u00a0conocer el Estatuto de los Alumnos,\u00a0tener un promedio m\u00ednimo de 8 y ser alumno regular, principalmente.<\/span><span data-ccp-props=\"{&quot;201341983&quot;:0,&quot;335559731&quot;:708,&quot;335559739&quot;:160,&quot;335559740&quot;:240}\">\u00a0<\/span><\/p>\n<p><span data-contrast=\"auto\">Para mayor informaci\u00f3n sobre\u00a0la\u00a0misi\u00f3n y funci\u00f3n de la\u00a0Coordinaci\u00f3n Universitaria\u00a0de Atenci\u00f3n Estudiantil\u00a0de la Universidad, los universitarios pueden ingresar\u00a0a la p\u00e1gina\u00a0<\/span><a href=\"http:\/\/www.uv.mx\/estudiantes\/coordinacion-universitaria-de-atencion-estudiantil\/\" target=\"_blank\" rel=\"noopener\"><span data-contrast=\"none\">www.uv.mx\/estudiantes\/coordinacion-universitaria-de-atencion-estudiantil\/<\/span><\/a><span data-contrast=\"auto\">.<\/span><span data-ccp-props=\"{&quot;201341983&quot;:0,&quot;335559731&quot;:708,&quot;335559739&quot;:160,&quot;335559740&quot;:240}\">\u00a0<\/span><\/p>\n<p><span data-ccp-props=\"{&quot;201341983&quot;:0,&quot;335559731&quot;:708,&quot;335559739&quot;:160,&quot;335559740&quot;:240}\">\u00a0<\/span><\/p>\n<p><b><span data-contrast=\"auto\">Movilidad<\/span><\/b><span data-ccp-props=\"{&quot;201341983&quot;:0,&quot;335559739&quot;:160,&quot;335559740&quot;:240}\">\u00a0<\/span><\/p>\n<p><span data-contrast=\"auto\">Marcelo S\u00e1nchez\u00a0dijo que la movilidad estudiantil es una herramienta que ofrece la Universidad a sus estudiantes para que\u00a0ampl\u00eden\u00a0la\u00a0perspectiva\u00a0de su futuro profesional\u00a0a trav\u00e9s de las estancias en IES nacionales o del extranjero, para cursar materias o experiencias educativas (EE), experiencias de investigaci\u00f3n o de vinculaci\u00f3n.<\/span><span data-ccp-props=\"{&quot;201341983&quot;:0,&quot;335559739&quot;:160,&quot;335559740&quot;:240}\">\u00a0<\/span><\/p>\n<p><span data-contrast=\"auto\">Para ser candidatos a realizar una movilidad, se\u00f1al\u00f3 que los estudiantes deben cumplir determinados requisitos, principalmente cinco:\u00a0ser\u00a0alumno\u00a0regular de la UV;\u00a0promedio m\u00ednimo de 8.5;\u00a0haber cursado el\u00a0\u00c1rea\u00a0de Formaci\u00f3n B\u00e1sica\u00a0General;\u00a0contar con el porcentaje de cr\u00e9ditos requeridos en cada convocatoria (del 45 al 70 por ciento de los cr\u00e9ditos, dependiendo\u00a0de\u00a0la movilidad), y un m\u00ednimo de dominio del idioma ingl\u00e9s\u00a0(grado 2).<\/span><span data-ccp-props=\"{&quot;201341983&quot;:0,&quot;335559731&quot;:708,&quot;335559739&quot;:160,&quot;335559740&quot;:240}\">\u00a0<\/span><\/p>\n<p><span data-contrast=\"auto\">Detall\u00f3\u00a0que las convocatorias para movilidad nacional e internacional son\u00a0publicadas\u00a0de manera semestral\u00a0y mencion\u00f3 que la UV tiene convenios\u00a0con m\u00e1s de 200 universidades del extranjero. Para mayor informaci\u00f3n sobre\u00a0el programa, requisitos y convocatorias consultar\u00a0<\/span><a href=\"http:\/\/www.uv.mx\/estudiantes\/movilidad-naciona-e-internacional\/\" target=\"_blank\" rel=\"noopener\"><span data-contrast=\"none\">www.uv.mx\/estudiantes\/movilidad-naciona-e-internacional\/<\/span><\/a><span data-contrast=\"auto\">.<\/span><\/p>\n","protected":false},"excerpt":{"rendered":"<p>Dentro del\u00a0programa \u201cConoce tu Universidad\u201d, se realiz\u00f3 un conversatorio virtual, organizado por la Secretar\u00eda Acad\u00e9mica\u00a0<\/p>\n","protected":false},"author":1869,"featured_media":100582,"comment_status":"closed","ping_status":"closed","sticky":false,"template":"","format":"standard","meta":{"footnotes":""},"categories":[61],"tags":[],"class_list":["post-100581","post","type-post","status-publish","format-standard","has-post-thumbnail","hentry","category-banner"],"_links":{"self":[{"href":"https:\/\/www.uv.mx\/prensa\/wp-json\/wp\/v2\/posts\/100581","targetHints":{"allow":["GET"]}}],"collection":[{"href":"https:\/\/www.uv.mx\/prensa\/wp-json\/wp\/v2\/posts"}],"about":[{"href":"https:\/\/www.uv.mx\/prensa\/wp-json\/wp\/v2\/types\/post"}],"author":[{"embeddable":true,"href":"https:\/\/www.uv.mx\/prensa\/wp-json\/wp\/v2\/users\/1869"}],"replies":[{"embeddable":true,"href":"https:\/\/www.uv.mx\/prensa\/wp-json\/wp\/v2\/comments?post=100581"}],"version-history":[{"count":1,"href":"https:\/\/www.uv.mx\/prensa\/wp-json\/wp\/v2\/posts\/100581\/revisions"}],"predecessor-version":[{"id":100589,"href":"https:\/\/www.uv.mx\/prensa\/wp-json\/wp\/v2\/posts\/100581\/revisions\/100589"}],"wp:featuredmedia":[{"embeddable":true,"href":"https:\/\/www.uv.mx\/prensa\/wp-json\/wp\/v2\/media\/100582"}],"wp:attachment":[{"href":"https:\/\/www.uv.mx\/prensa\/wp-json\/wp\/v2\/media?parent=100581"}],"wp:term":[{"taxonomy":"category","embeddable":true,"href":"https:\/\/www.uv.mx\/prensa\/wp-json\/wp\/v2\/categories?post=100581"},{"taxonomy":"post_tag","embeddable":true,"href":"https:\/\/www.uv.mx\/prensa\/wp-json\/wp\/v2\/tags?post=100581"}],"curies":[{"name":"wp","href":"https:\/\/api.w.org\/{rel}","templated":true}]}}