{"id":100558,"date":"2021-08-13T16:41:46","date_gmt":"2021-08-13T21:41:46","guid":{"rendered":"https:\/\/www.uv.mx\/prensa\/?p=100558"},"modified":"2021-08-16T10:44:28","modified_gmt":"2021-08-16T15:44:28","slug":"uv-entrego-donativo-a-la-cruz-roja-mexicana-2","status":"publish","type":"post","link":"https:\/\/www.uv.mx\/prensa\/banner\/uv-entrego-donativo-a-la-cruz-roja-mexicana-2\/","title":{"rendered":"UV entreg\u00f3 donativo a la Cruz Roja Mexicana\u00a0"},"content":{"rendered":"<ul>\n<li data-leveltext=\"\uf0b7\" data-font=\"Symbol\" data-listid=\"1\" data-aria-posinset=\"1\" data-aria-level=\"1\"><i><span data-contrast=\"auto\">\u201cEs tiempo de fortalecer instituciones que atienden nuestra vulnerabilidad\u201d: Sara Ladr\u00f3n de Guevara<\/span><\/i><span data-ccp-props=\"{&quot;134233279&quot;:true,&quot;201341983&quot;:0,&quot;335559739&quot;:160,&quot;335559740&quot;:240}\">\u00a0<\/span><\/li>\n<\/ul>\n<p><span data-ccp-props=\"{&quot;201341983&quot;:0,&quot;335559739&quot;:160,&quot;335559740&quot;:240}\">\u00a0<\/span><\/p>\n<div id=\"attachment_100559\" style=\"width: 732px\" class=\"wp-caption aligncenter\"><img loading=\"lazy\" decoding=\"async\" aria-describedby=\"caption-attachment-100559\" class=\"size-full wp-image-100559\" src=\"https:\/\/www.uv.mx\/prensa\/files\/2021\/08\/130821-KARINA-Cruz-roja-1.jpg\" alt=\"\" width=\"722\" height=\"482\" srcset=\"https:\/\/www.uv.mx\/prensa\/files\/2021\/08\/130821-KARINA-Cruz-roja-1.jpg 722w, https:\/\/www.uv.mx\/prensa\/files\/2021\/08\/130821-KARINA-Cruz-roja-1-300x200.jpg 300w\" sizes=\"auto, (max-width: 722px) 100vw, 722px\" \/><p id=\"caption-attachment-100559\" class=\"wp-caption-text\">Autoridades de la UV y del DIF Estatal Veracruz reconocieron la significativa aportaci\u00f3n\u00a0de los funcionarios universitarios<\/p><\/div>\n<p><span data-ccp-props=\"{&quot;201341983&quot;:0,&quot;335559739&quot;:160,&quot;335559740&quot;:240}\">\u00a0<\/span><\/p>\n<p><b><i><span data-contrast=\"auto\">Karina de la Paz Reyes D\u00edaz<\/span><\/i><\/b><span data-ccp-props=\"{&quot;134233279&quot;:true,&quot;201341983&quot;:0,&quot;335559739&quot;:160,&quot;335559740&quot;:240}\">\u00a0<\/span><\/p>\n<p><b><i><span data-contrast=\"auto\">13\/08\/2021, Xalapa,\u00a0Ver.-<\/span><\/i><\/b><span data-contrast=\"auto\">\u00a0La <a href=\"https:\/\/www.uv.mx\/\" target=\"_blank\" rel=\"noopener\">Universidad Veracruzana<\/a> (UV),\u00a0por conducto de su rectora Sara Ladr\u00f3n de Guevara, entreg\u00f3 el donativo a la Cruz Roja Mexicana\u00a0correspondiente a la\u00a0Colecta Gubernamental-Escolar\u00a02021, por un monto\u00a0mayor a los\u00a0400 mil pesos, mismo que fue\u00a0aportado por funcionarios universitarios\u00a0y\u00a0recibido por autoridades del\u00a0Sistema Estatal para el Desarrollo Integral de la Familia (DIF Estatal Veracruz).<\/span><span data-ccp-props=\"{&quot;134233279&quot;:true,&quot;201341983&quot;:0,&quot;335559739&quot;:160,&quot;335559740&quot;:240}\">\u00a0<\/span><\/p>\n<p><span data-contrast=\"auto\">El acto se desarroll\u00f3\u00a0este viernes\u00a0en la Sala de Juntas de Rector\u00eda, en donde\u00a0Sara Ladr\u00f3n de Guevara\u00a0reconoci\u00f3 la generosidad y solidaridad de quienes integran la comunidad UV, valores de los que se tiene m\u00e1s consciencia en estos tiempos de pandemia por la Covid-19. \u201cMe queda muy claro que la Universidad Veracruzana ha asumido con mucho ah\u00ednco la responsabilidad social\u201d, remarc\u00f3.<\/span><span data-ccp-props=\"{&quot;134233279&quot;:true,&quot;201341983&quot;:0,&quot;335559739&quot;:160,&quot;335559740&quot;:240}\">\u00a0<\/span><\/p>\n<p><span data-contrast=\"auto\">Asimismo,\u00a0la Rectora\u00a0elogi\u00f3 la labor de la Cruz Roja\u00a0pues\u00a0cuida\u00a0a\u00a0los seres humanos en cualquier parte y circunstancia.\u00a0Adem\u00e1s, remarc\u00f3 que precisamente la pandemia ha generado consciencia sobre la vulnerabilidad del ser humano, de ah\u00ed la importancia de fortalecer este tipo de instituciones.<\/span><span data-ccp-props=\"{&quot;134233279&quot;:true,&quot;201341983&quot;:0,&quot;335559739&quot;:160,&quot;335559740&quot;:240}\">\u00a0<\/span><\/p>\n<p>&nbsp;<\/p>\n<div id=\"attachment_100560\" style=\"width: 732px\" class=\"wp-caption aligncenter\"><img loading=\"lazy\" decoding=\"async\" aria-describedby=\"caption-attachment-100560\" class=\"size-full wp-image-100560\" src=\"https:\/\/www.uv.mx\/prensa\/files\/2021\/08\/130821-KARINA-cruz-roja-2.jpg\" alt=\"\" width=\"722\" height=\"482\" srcset=\"https:\/\/www.uv.mx\/prensa\/files\/2021\/08\/130821-KARINA-cruz-roja-2.jpg 722w, https:\/\/www.uv.mx\/prensa\/files\/2021\/08\/130821-KARINA-cruz-roja-2-300x200.jpg 300w\" sizes=\"auto, (max-width: 722px) 100vw, 722px\" \/><p id=\"caption-attachment-100560\" class=\"wp-caption-text\">\u201cMe queda muy claro que la Universidad Veracruzana ha asumido con mucho ah\u00ednco la responsabilidad social\u201d,\u00a0dijo Sara Ladr\u00f3n\u00a0de Guevara<\/p><\/div>\n<p>&nbsp;<\/p>\n<p><span data-contrast=\"auto\">\u201cEs tiempo de fortalecer a las instituciones que atienden nuestra vulnerabilidad. La Cruz Roja es, sin duda, la instituci\u00f3n que a\u00a0nivel mundial ha ganado el reconocimiento por llevar a cabo esta labor. En cada pa\u00eds, en cada regi\u00f3n, en cada ciudad, estimamos la labor que realizan\u00a0generosamente, y el caso de la Cruz Roja Mexicana no es la excepci\u00f3n;\u00a0aqu\u00ed en\u00a0el estado\u00a0Veracruz sin duda se ha desempe\u00f1ado, a lo largo de d\u00e9cadas,\u00a0atendiendo a la\u00a0vulnerabilidad del ser humano.\u201d<\/span><span data-ccp-props=\"{&quot;134233279&quot;:true,&quot;201341983&quot;:0,&quot;335559739&quot;:160,&quot;335559740&quot;:240}\">\u00a0<\/span><\/p>\n<p><span data-contrast=\"auto\">Por su parte, el secretario de Administraci\u00f3n y Finanzas de la UV,\u00a0Salvador Tapia\u00a0Spinoso, destac\u00f3\u00a0que\u00a0con esta entrega se confirma el sentido de solidaridad y responsabilidad social hacia esa instituci\u00f3n por parte de la comunidad UV. Al tiempo que les extern\u00f3 reconocimiento y gratitud por la labor que desempe\u00f1an siempre, pero sobre todo en este tiempo de pandemia.<\/span><span data-ccp-props=\"{&quot;134233279&quot;:true,&quot;201341983&quot;:0,&quot;335559739&quot;:160,&quot;335559740&quot;:240}\">\u00a0<\/span><\/p>\n<p><span data-contrast=\"auto\">Precis\u00f3 que en\u00a0la\u00a0Colecta\u00a0Anual 2021 participaron 539 funcionarios de la UV. \u201cEn conjunto aportamos la cantidad de 446 mil 575 pesos. Muchas gracias a cada uno\u00a0de los universitarios, que se suman as\u00ed a la causa de este gran movimiento humanitario que representa la Cruz Roja. Les pedir\u00eda atentamente, a los funcionarios que estamos reunidos,\u00a0reiterar a sus \u00e1reas el agradecimiento\u00a0por su colaboraci\u00f3n\u201d, enfatiz\u00f3.<\/span><span data-ccp-props=\"{&quot;134233279&quot;:true,&quot;201341983&quot;:0,&quot;335559739&quot;:160,&quot;335559740&quot;:240}\">\u00a0<\/span><\/p>\n<p>&nbsp;<\/p>\n<div id=\"attachment_100561\" style=\"width: 732px\" class=\"wp-caption aligncenter\"><img loading=\"lazy\" decoding=\"async\" aria-describedby=\"caption-attachment-100561\" class=\"size-full wp-image-100561\" src=\"https:\/\/www.uv.mx\/prensa\/files\/2021\/08\/130821-KARINA-Cruz-roja-3.jpg\" alt=\"\" width=\"722\" height=\"482\" srcset=\"https:\/\/www.uv.mx\/prensa\/files\/2021\/08\/130821-KARINA-Cruz-roja-3.jpg 722w, https:\/\/www.uv.mx\/prensa\/files\/2021\/08\/130821-KARINA-Cruz-roja-3-300x200.jpg 300w\" sizes=\"auto, (max-width: 722px) 100vw, 722px\" \/><p id=\"caption-attachment-100561\" class=\"wp-caption-text\">En la Colecta Anual 2021 participaron 539 funcionarios, precis\u00f3\u00a0Salvador Tapia\u00a0Spinoso<\/p><\/div>\n<p>&nbsp;<\/p>\n<p><span data-contrast=\"auto\">Tapia\u00a0Spinoso\u00a0inform\u00f3 que tal monto fue transferido\u00a0minutos antes del acto oficial\u00a0a la cuenta bancaria indicada por la Cruz Roja Mexicana.\u00a0Sara Ladr\u00f3n de Guevara\u00a0entreg\u00f3\u00a0a Georgina Beatriz\u00a0Victory\u00a0Fern\u00e1ndez, encargada de Despacho de la Direcci\u00f3n General del DIF Estatal Veracruz,\u00a0el comprobante del donativo.<\/span><span data-ccp-props=\"{&quot;134233279&quot;:true,&quot;201341983&quot;:0,&quot;335559739&quot;:160,&quot;335559740&quot;:240}\">\u00a0<\/span><\/p>\n<p><span data-contrast=\"auto\">Victory\u00a0Fern\u00e1ndez\u00a0expres\u00f3 su gratitud por\u00a0la aportaci\u00f3n\u00a0que cada a\u00f1o realiza la comunidad UV a la Cruz Roja Mexicana y record\u00f3 que desde hace m\u00e1s de 30 a\u00f1os la instituci\u00f3n que representa ha sido promotora de la\u00a0Colecta Gubernamental-Escolar.<\/span><span data-ccp-props=\"{&quot;134233279&quot;:true,&quot;201341983&quot;:0,&quot;335559731&quot;:708,&quot;335559739&quot;:160,&quot;335559740&quot;:240}\">\u00a0<\/span><\/p>\n<p><span data-contrast=\"auto\">\u201cTenemos la certeza de que la suma de los esfuerzos de la comunidad\u00a0universitaria es necesaria, este\u00a0apoyo\u00a0ha sido significativo para la\u00a0colecta y muestra los valores de la comunidad acad\u00e9mica de la UV.\u201d<\/span><span data-ccp-props=\"{&quot;134233279&quot;:true,&quot;201341983&quot;:0,&quot;335559739&quot;:160,&quot;335559740&quot;:240}\">\u00a0<\/span><\/p>\n<p>&nbsp;<\/p>\n<div id=\"attachment_100562\" style=\"width: 732px\" class=\"wp-caption aligncenter\"><img loading=\"lazy\" decoding=\"async\" aria-describedby=\"caption-attachment-100562\" class=\"size-full wp-image-100562\" src=\"https:\/\/www.uv.mx\/prensa\/files\/2021\/08\/130821-KARINA-cruz-roja-4.jpg\" alt=\"\" width=\"722\" height=\"482\" srcset=\"https:\/\/www.uv.mx\/prensa\/files\/2021\/08\/130821-KARINA-cruz-roja-4.jpg 722w, https:\/\/www.uv.mx\/prensa\/files\/2021\/08\/130821-KARINA-cruz-roja-4-300x200.jpg 300w\" sizes=\"auto, (max-width: 722px) 100vw, 722px\" \/><p id=\"caption-attachment-100562\" class=\"wp-caption-text\">\u201cEste apoyo\u00a0ha sido significativo para la\u00a0colecta y muestra los valores de la comunidad acad\u00e9mica de la UV\u201d, dijo\u00a0Georgina Beatriz\u00a0Victory<\/p><\/div>\n<p>&nbsp;<\/p>\n<p><span data-contrast=\"auto\">El acto fue atestiguado por Magdalena Hern\u00e1ndez Alarc\u00f3n y Octavio Ochoa Contreras, titulares de las\u00a0secretar\u00edas\u00a0Acad\u00e9mica y de Desarrollo Institucional, respectivamente; Ana Lilia Ulloa Cu\u00e9llar, Abogada General; Evangelina Murcia Villag\u00f3mez, directora general de Recursos Humanos,\u00a0y Eric Jes\u00fas Galindo Mej\u00eda,\u00a0director general de Recursos Financieros.<\/span><span data-ccp-props=\"{&quot;134233279&quot;:true,&quot;201341983&quot;:0,&quot;335559739&quot;:160,&quot;335559740&quot;:240}\">\u00a0<\/span><\/p>\n<p><span data-contrast=\"auto\">Por parte del DIF Estatal Veracruz asistieron: Gabriela Reyes, secretaria particular de la Direcci\u00f3n General,\u00a0y Enrique Molina L\u00f3pez, coordinador de la\u00a0Colecta Gubernamental-Escolar\u00a0de la Cruz Roja Mexicana.<\/span><span data-ccp-props=\"{&quot;134233279&quot;:true,&quot;201341983&quot;:0,&quot;335559739&quot;:160,&quot;335559740&quot;:240}\">\u00a0<\/span><\/p>\n<p><span data-contrast=\"auto\">Por la plataforma\u00a0<\/span><i><span data-contrast=\"auto\">UV-Zoom<\/span><\/i><span data-contrast=\"auto\">\u00a0estuvieron presentes autoridades de las vicerrector\u00edas, directores generales acad\u00e9micos y comunidad UV.\u00a0<\/span><span data-ccp-props=\"{&quot;134233279&quot;:true,&quot;201341983&quot;:0,&quot;335559739&quot;:160,&quot;335559740&quot;:240}\">\u00a0<\/span><\/p>\n<p><span data-ccp-props=\"{&quot;134233279&quot;:true,&quot;201341983&quot;:0,&quot;335559739&quot;:160,&quot;335559740&quot;:240}\">\u00a0<\/span><\/p>\n<div id=\"attachment_100563\" style=\"width: 732px\" class=\"wp-caption aligncenter\"><img loading=\"lazy\" decoding=\"async\" aria-describedby=\"caption-attachment-100563\" class=\"size-full wp-image-100563\" src=\"https:\/\/www.uv.mx\/prensa\/files\/2021\/08\/130821-KARINA-Cruz-roja-5.jpg\" alt=\"\" width=\"722\" height=\"481\" srcset=\"https:\/\/www.uv.mx\/prensa\/files\/2021\/08\/130821-KARINA-Cruz-roja-5.jpg 722w, https:\/\/www.uv.mx\/prensa\/files\/2021\/08\/130821-KARINA-Cruz-roja-5-300x200.jpg 300w\" sizes=\"auto, (max-width: 722px) 100vw, 722px\" \/><p id=\"caption-attachment-100563\" class=\"wp-caption-text\">Autoridades y comunidad acad\u00e9mica atestiguaron por la plataforma <em>UV-Zoom<\/em><\/p><\/div>\n","protected":false},"excerpt":{"rendered":"<p>La\u00a0rectora\u00a0Sara Ladr\u00f3n de Guevara\u00a0elogi\u00f3 la labor del\u00a0organismo,\u00a0pues cuida\u00a0a\u00a0los seres humanos en cualquier parte y circunstancia\u00a0<\/p>\n","protected":false},"author":1869,"featured_media":100564,"comment_status":"closed","ping_status":"closed","sticky":false,"template":"","format":"standard","meta":{"footnotes":""},"categories":[61],"tags":[],"class_list":["post-100558","post","type-post","status-publish","format-standard","has-post-thumbnail","hentry","category-banner"],"_links":{"self":[{"href":"https:\/\/www.uv.mx\/prensa\/wp-json\/wp\/v2\/posts\/100558","targetHints":{"allow":["GET"]}}],"collection":[{"href":"https:\/\/www.uv.mx\/prensa\/wp-json\/wp\/v2\/posts"}],"about":[{"href":"https:\/\/www.uv.mx\/prensa\/wp-json\/wp\/v2\/types\/post"}],"author":[{"embeddable":true,"href":"https:\/\/www.uv.mx\/prensa\/wp-json\/wp\/v2\/users\/1869"}],"replies":[{"embeddable":true,"href":"https:\/\/www.uv.mx\/prensa\/wp-json\/wp\/v2\/comments?post=100558"}],"version-history":[{"count":1,"href":"https:\/\/www.uv.mx\/prensa\/wp-json\/wp\/v2\/posts\/100558\/revisions"}],"predecessor-version":[{"id":100593,"href":"https:\/\/www.uv.mx\/prensa\/wp-json\/wp\/v2\/posts\/100558\/revisions\/100593"}],"wp:featuredmedia":[{"embeddable":true,"href":"https:\/\/www.uv.mx\/prensa\/wp-json\/wp\/v2\/media\/100564"}],"wp:attachment":[{"href":"https:\/\/www.uv.mx\/prensa\/wp-json\/wp\/v2\/media?parent=100558"}],"wp:term":[{"taxonomy":"category","embeddable":true,"href":"https:\/\/www.uv.mx\/prensa\/wp-json\/wp\/v2\/categories?post=100558"},{"taxonomy":"post_tag","embeddable":true,"href":"https:\/\/www.uv.mx\/prensa\/wp-json\/wp\/v2\/tags?post=100558"}],"curies":[{"name":"wp","href":"https:\/\/api.w.org\/{rel}","templated":true}]}}