{"id":100464,"date":"2021-08-12T10:08:59","date_gmt":"2021-08-12T15:08:59","guid":{"rendered":"https:\/\/www.uv.mx\/prensa\/?p=100464"},"modified":"2021-08-12T11:52:42","modified_gmt":"2021-08-12T16:52:42","slug":"posgrado-de-la-fispa-obtuvo-reconocimiento-del-pnpc-conacyt","status":"publish","type":"post","link":"https:\/\/www.uv.mx\/prensa\/regiones\/posgrado-de-la-fispa-obtuvo-reconocimiento-del-pnpc-conacyt\/","title":{"rendered":"Posgrado de la FISPA obtuvo reconocimiento del PNPC-<em>Conacyt<\/em>"},"content":{"rendered":"<ul>\n<li data-leveltext=\"\uf0b7\" data-font=\"Symbol\" data-listid=\"1\" data-aria-posinset=\"1\" data-aria-level=\"1\"><i><span data-contrast=\"auto\">Se trata de la Maestr\u00eda en Desarrollo Agropecuario, adscrita\u00a0a la\u00a0Facultad\u00a0de Ingenier\u00eda en Sistemas de Producci\u00f3n Agropecuaria<\/span><\/i><span data-ccp-props=\"{&quot;134233279&quot;:true,&quot;201341983&quot;:0,&quot;335559739&quot;:160,&quot;335559740&quot;:240}\">\u00a0<\/span><\/li>\n<li data-leveltext=\"\uf0b7\" data-font=\"Symbol\" data-listid=\"1\" data-aria-posinset=\"2\" data-aria-level=\"1\"><i><span data-contrast=\"auto\">La entidad acad\u00e9mica tambi\u00e9n\u00a0logr\u00f3\u00a0el\u00a0tercer lugar en\u00a0el 1er. Concurso de Mieles Online, del 27\u00b0 Congreso Internacional de Actualizaci\u00f3n Ap\u00edcola<\/span><\/i><span data-ccp-props=\"{&quot;134233279&quot;:true,&quot;201341983&quot;:0,&quot;335559739&quot;:160,&quot;335559740&quot;:240}\">\u00a0<\/span><\/li>\n<\/ul>\n<p><span data-ccp-props=\"{&quot;201341983&quot;:0,&quot;335559739&quot;:160,&quot;335559740&quot;:240}\">\u00a0<\/span><\/p>\n<div id=\"attachment_100465\" style=\"width: 732px\" class=\"wp-caption aligncenter\"><a href=\"https:\/\/www.uv.mx\/prensa\/files\/2021\/08\/11082021-CECILIA-FISPA01-100k.jpg\"><img loading=\"lazy\" decoding=\"async\" aria-describedby=\"caption-attachment-100465\" class=\"size-full wp-image-100465\" src=\"https:\/\/www.uv.mx\/prensa\/files\/2021\/08\/11082021-CECILIA-FISPA01-100k.jpg\" alt=\"Acad\u00e9micos de la Maestr\u00eda en Desarrollo Agropecuario \" width=\"722\" height=\"404\" srcset=\"https:\/\/www.uv.mx\/prensa\/files\/2021\/08\/11082021-CECILIA-FISPA01-100k.jpg 722w, https:\/\/www.uv.mx\/prensa\/files\/2021\/08\/11082021-CECILIA-FISPA01-100k-300x168.jpg 300w\" sizes=\"auto, (max-width: 722px) 100vw, 722px\" \/><\/a><p id=\"caption-attachment-100465\" class=\"wp-caption-text\">Acad\u00e9micos de la Maestr\u00eda en Desarrollo Agropecuario<\/p><\/div>\n<p>&nbsp;<\/p>\n<p><b><i><span data-contrast=\"auto\">Cecilia Escribano\u00a0Reyes<\/span><\/i><\/b><span data-ccp-props=\"{&quot;201341983&quot;:0,&quot;335559739&quot;:160,&quot;335559740&quot;:240}\">\u00a0<\/span><\/p>\n<p><b><i><span data-contrast=\"auto\">12\/08\/2021, Coatzacoalcos,\u00a0Ver.-\u00a0<\/span><\/i><\/b><span data-contrast=\"auto\">La\u00a0Maestr\u00eda en Desarrollo Agropecuario de la\u00a0<a href=\"https:\/\/www.uv.mx\/coatza\/fispa\/\" target=\"_blank\" rel=\"noopener\">Facultad de\u00a0Ingenier\u00eda\u00a0en Sistemas de Producci\u00f3n Agropecuaria<\/a> (FISPA)\u00a0de la Universidad Veracruzana (UV),\u00a0regi\u00f3n Coatzacoalcos-Minatitl\u00e1n,\u00a0obtuvo\u00a0su ingreso al Programa Nacional de Programas de Calidad (PNPC) del\u00a0Consejo Nacional de Ciencia y Tecnolog\u00eda (<\/span><i><span data-contrast=\"auto\">Conacyt<\/span><\/i><span data-contrast=\"auto\">).<\/span><span data-ccp-props=\"{&quot;201341983&quot;:0,&quot;335559739&quot;:160,&quot;335559740&quot;:240}\">\u00a0<\/span><\/p>\n<p><span data-contrast=\"auto\">Nayib\u00a0Bechara\u00a0\u00c1car\u00a0Mart\u00ednez, director de la FISPA, se\u00f1al\u00f3 que el Plan de Desarrollo de la Entidad Acad\u00e9mica (PlaDEA)\u00a0de la\u00a0Facultad se plante\u00f3 el\u00a0compromiso\u00a0de\u00a0sumar y realizar el plan de estudios y la apertura de la maestr\u00eda;\u00a0posteriormente, la coordinadora\u00a0de la maestr\u00eda\u00a0Dinora V\u00e1zquez Luna,\u00a0la\u00a0Direcci\u00f3n\u00a0General del \u00c1rea\u00a0Acad\u00e9mica\u00a0de Ciencias\u00a0Biol\u00f3gico-Agropecuarias, el n\u00facleo acad\u00e9mico b\u00e1sico, la\u00a0Vicerrector\u00eda y la\u00a0direcci\u00f3n\u00a0de la Facultad\u00a0lograron consolidar\u00a0ese objetivo.<\/span><span data-ccp-props=\"{&quot;201341983&quot;:0,&quot;335559731&quot;:720,&quot;335559739&quot;:160,&quot;335559740&quot;:240}\">\u00a0<\/span><\/p>\n<p><span data-contrast=\"auto\">Recalc\u00f3 que\u00a0la FISPA\u00a0es l\u00edder en la regi\u00f3n sur sureste del pa\u00eds,\u00a0gracias a la labor realizada\u00a0desde\u00a0su creaci\u00f3n, hace 25 a\u00f1os.\u00a0\u201cEste logro\u00a0fortalece a los\u00a0programas educativos de la Facultad,\u00a0pues\u00a0tener programas\u00a0acreditados\u00a0por su\u00a0calidad no es una casualidad,\u00a0todo fue planeado y se\u00a0realiz\u00f3\u00a0con\u00a0el compromiso y los esfuerzos de los universitarios\u201d.<\/span><span data-ccp-props=\"{&quot;201341983&quot;:0,&quot;335559731&quot;:720,&quot;335559739&quot;:160,&quot;335559740&quot;:240}\">\u00a0<\/span><\/p>\n<p><span data-contrast=\"auto\">Por su parte,\u00a0Dinora V\u00e1zquez\u00a0explic\u00f3 que\u00a0el programa\u00a0de la maestr\u00eda atiende las necesidades sociales\u00a0para formar profesionistas que solucionen problemas reales,\u00a0\u201ces un programa que se fundament\u00f3 con todos los par\u00e1metros de calidad, tambi\u00e9n est\u00e1 basado en los\u00a0programas\u00a0nacionales estrat\u00e9gicos del\u00a0<\/span><i><span data-contrast=\"auto\">Conacyt<\/span><\/i><span data-contrast=\"auto\">\u201d.<\/span><span data-ccp-props=\"{&quot;201341983&quot;:0,&quot;335559731&quot;:720,&quot;335559739&quot;:160,&quot;335559740&quot;:240}\">\u00a0<\/span><\/p>\n<p><span data-contrast=\"auto\">Recalc\u00f3 que la maestr\u00eda\u00a0logra que desde el inicio de\u00a0su formaci\u00f3n\u00a0los estudiantes se vinculen con proyectos\u00a0de intervenci\u00f3n,\u00a0\u201cno s\u00f3lo\u00a0es preparaci\u00f3n te\u00f3rica sino pr\u00e1ctica en la realidad, somos el \u00fanico posgrado en\u00a0toda la regi\u00f3n del\u00a0\u00c1rea\u00a0Acad\u00e9mica Biol\u00f3gico-Agropecuaria\u00a0que pertenece al\u00a0PNPC, lo cual representa que los\u00a0estudiantes se\u00a0forman con calidad\u00a0y tienen\u00a0posibilidades de acceder a una beca\u201d.<\/span><\/p>\n<div id=\"attachment_100466\" style=\"width: 732px\" class=\"wp-caption aligncenter\"><a href=\"https:\/\/www.uv.mx\/prensa\/files\/2021\/08\/11082021-CECILIA-FISPA02-100k.jpg\"><img loading=\"lazy\" decoding=\"async\" aria-describedby=\"caption-attachment-100466\" class=\"size-full wp-image-100466\" src=\"https:\/\/www.uv.mx\/prensa\/files\/2021\/08\/11082021-CECILIA-FISPA02-100k.jpg\" alt=\"En el M\u00f3dulo Ap\u00edcola de la Facultad se producen aproximadamente 120 litros anualesde miel \" width=\"722\" height=\"388\" srcset=\"https:\/\/www.uv.mx\/prensa\/files\/2021\/08\/11082021-CECILIA-FISPA02-100k.jpg 722w, https:\/\/www.uv.mx\/prensa\/files\/2021\/08\/11082021-CECILIA-FISPA02-100k-300x161.jpg 300w\" sizes=\"auto, (max-width: 722px) 100vw, 722px\" \/><\/a><p id=\"caption-attachment-100466\" class=\"wp-caption-text\">En el M\u00f3dulo Ap\u00edcola de la Facultad se producen aproximadamente 120 litros anualesde miel<\/p><\/div>\n<p><span data-contrast=\"auto\">La Coordinadora agreg\u00f3 que el reto principal es\u00a0mantener la calidad\u00a0del programa educativo;\u00a0\u201csomos de reciente creaci\u00f3n, vamos a consolidar el programa a trav\u00e9s de las\u00a0L\u00edneas de\u00a0Generaci\u00f3n y\u00a0Aplicaci\u00f3n del\u00a0Conocimiento y\u00a0fortalecer las\u00a0redes de colaboraci\u00f3n y vinculaci\u00f3n\u201d.<\/span><span data-ccp-props=\"{&quot;201341983&quot;:0,&quot;335559731&quot;:720,&quot;335559739&quot;:160,&quot;335559740&quot;:240}\">\u00a0<\/span><\/p>\n<p><span data-contrast=\"auto\">Otro reconocimiento obtenido por la FISPA es el tercer lugar en el 1er. Concurso de Mieles\u00a0Online, del 27\u00b0\u00a0Congreso\u00a0Internacional de\u00a0Actualizaci\u00f3n\u00a0Ap\u00edcola,\u00a0realizado del 4 al 6 de agosto.<\/span><span data-ccp-props=\"{&quot;201341983&quot;:0,&quot;335559731&quot;:720,&quot;335559739&quot;:160,&quot;335559740&quot;:240}\">\u00a0<\/span><\/p>\n<p><span data-contrast=\"auto\">Celina Tirado Pi\u00f1a, responsable del\u00a0M\u00f3dulo\u00a0Ap\u00edcola, explic\u00f3 que\u00a0\u00e9ste inici\u00f3\u00a0actividades en 2017 con dos colmenas,\u00a0donde se\u00a0coordin\u00f3\u00a0a los estudiantes para que aprendieran\u00a0sobre la producci\u00f3n de miel en la zona sur de Veracruz.<\/span><span data-ccp-props=\"{&quot;201341983&quot;:0,&quot;335559731&quot;:720,&quot;335559739&quot;:160,&quot;335559740&quot;:240}\">\u00a0<\/span><\/p>\n<p><span data-contrast=\"auto\">\u201cEn la regi\u00f3n\u00a0existen alrededor de 300 apicultores, concentrados en\u00a0su mayor\u00eda en\u00a0Pajapan; como ingenieros en\u00a0sistemas de\u00a0producci\u00f3n\u00a0agropecuaria\u00a0vemos\u00a0la importancia de este sistema\u00a0de producci\u00f3n de miel.\u201d<\/span><\/p>\n<div id=\"attachment_100467\" style=\"width: 732px\" class=\"wp-caption aligncenter\"><a href=\"https:\/\/www.uv.mx\/prensa\/files\/2021\/08\/11082021-CECILIA-FISPA03-100k.jpg\"><img loading=\"lazy\" decoding=\"async\" aria-describedby=\"caption-attachment-100467\" class=\"size-full wp-image-100467\" src=\"https:\/\/www.uv.mx\/prensa\/files\/2021\/08\/11082021-CECILIA-FISPA03-100k.jpg\" alt=\"Reconocimiento obtenido en el 1er. Concurso de Mieles Online \" width=\"722\" height=\"545\" srcset=\"https:\/\/www.uv.mx\/prensa\/files\/2021\/08\/11082021-CECILIA-FISPA03-100k.jpg 722w, https:\/\/www.uv.mx\/prensa\/files\/2021\/08\/11082021-CECILIA-FISPA03-100k-300x226.jpg 300w\" sizes=\"auto, (max-width: 722px) 100vw, 722px\" \/><\/a><p id=\"caption-attachment-100467\" class=\"wp-caption-text\">Reconocimiento obtenido en el 1er. Concurso de Mieles Online<\/p><\/div>\n<p><span data-contrast=\"auto\">La acad\u00e9mica se\u00f1al\u00f3 que en\u00a0marzo de 2021 se prob\u00f3 la miel\u00a0e\u00a0identificaron\u00a0el sabor especial,\u00a0por lo\u00a0que decidieron someterla al concurso, en el que\u00a0participaron\u00a015 estados: Guanajuato, Hidalgo, Oaxaca, Yucat\u00e1n, Nuevo Le\u00f3n, Veracruz, Morelos, Quer\u00e9taro, Puebla, Chiapas, Michoac\u00e1n, Guerrero, Jalisco, Aguascalientes y Tabasco.<\/span><span data-ccp-props=\"{&quot;201341983&quot;:0,&quot;335559731&quot;:720,&quot;335559739&quot;:160,&quot;335559740&quot;:240}\">\u00a0<\/span><\/p>\n<p><span data-contrast=\"auto\">La miel fue evaluada por la\u00a0Asociaci\u00f3n\u00a0Nacional de\u00a0M\u00e9dicos\u00a0Veterinarios\u00a0Especialistas en\u00a0Abejas,\u00a0A.C.,\u00a0de forma\u00a0sensorial, olfativa, gustativa y t\u00e1ctil.<\/span><span data-ccp-props=\"{&quot;201341983&quot;:0,&quot;335559731&quot;:720,&quot;335559739&quot;:160,&quot;335559740&quot;:240}\">\u00a0<\/span><\/p>\n<p><span data-contrast=\"auto\">Tirado Pi\u00f1a\u00a0dijo\u00a0que\u00a0los\u00a0catadores\u00a0de\u00a0miel analizan\u00a0humedad\u00a0y\u00a0color, y la clasifican\u00a0por\u00a0tonalidades.\u00a0La FISPA particip\u00f3 en la categor\u00eda\u00a0\u201cMieles l\u00edquidas \u00e1mbar a oscuras\u201d,\u00a0donde logr\u00f3\u00a0el tercer lugar.<\/span><span data-ccp-props=\"{&quot;201341983&quot;:0,&quot;335559731&quot;:720,&quot;335559739&quot;:160,&quot;335559740&quot;:240}\">\u00a0<\/span><\/p>\n<p><span data-contrast=\"auto\">Actualmente la FISPA cuenta con\u00a012 colmenas\u00a0y produce aproximadamente\u00a0120 litros anuales, se busca incrementar el\u00a0n\u00famero\u00a0de colmenas y garantizar el alimento para las abejas.<\/span><span data-ccp-props=\"{&quot;201341983&quot;:0,&quot;335559739&quot;:160,&quot;335559740&quot;:240}\">\u00a0<\/span><\/p>\n<p><span data-contrast=\"auto\">\u00c1car\u00a0Mart\u00ednez\u00a0felicit\u00f3\u00a0a los universitarios\u00a0y a las\u00a0acad\u00e9micas\u00a0Dinora V\u00e1zquez\u00a0y\u00a0Celina\u00a0Tirado\u00a0por\u00a0los resultados,\u00a0y sostuvo que es consecuencia de un \u201cengranaje\u00a0que\u00a0se\u00a0hace\u00a0al\u00a0empoderar\u00a0a los coordinadores de\u00a0las actividades de la Facultad, caminamos juntos y vamos obteniendo logros que se ven reflejados en una educaci\u00f3n de calidad para los alumnos\u201d.<\/span><span data-ccp-props=\"{&quot;201341983&quot;:0,&quot;335559731&quot;:720,&quot;335559739&quot;:160,&quot;335559740&quot;:240}\">\u00a0<\/span><\/p>\n","protected":false},"excerpt":{"rendered":"<p>Se trata de la Maestr\u00eda en Desarrollo Agropecuario, adscrita a la Facultad de Ingenier\u00eda en Sistemas de Producci\u00f3n Agropecuaria, regi\u00f3n Coatzacoalcos-Minatitl\u00e1n <\/p>\n","protected":false},"author":1775,"featured_media":100467,"comment_status":"closed","ping_status":"closed","sticky":false,"template":"","format":"standard","meta":{"footnotes":""},"categories":[52,32],"tags":[174,503,3655,3656,3657,575,175,3658,2798],"class_list":["post-100464","post","type-post","status-publish","format-standard","has-post-thumbnail","hentry","category-coatzacoalcos","category-regiones","tag-conacyt","tag-consejo-nacional-de-ciencia-y-tecnologia","tag-desarrollo-agropecuario","tag-facultad-de-ingenieria-en-sistemas-de-produccion-agropecuaria","tag-fispa","tag-maestria","tag-pnpc","tag-programa-nacional-de-programas-de-calidad","tag-region-coatzacoalcos-minatitlan"],"_links":{"self":[{"href":"https:\/\/www.uv.mx\/prensa\/wp-json\/wp\/v2\/posts\/100464","targetHints":{"allow":["GET"]}}],"collection":[{"href":"https:\/\/www.uv.mx\/prensa\/wp-json\/wp\/v2\/posts"}],"about":[{"href":"https:\/\/www.uv.mx\/prensa\/wp-json\/wp\/v2\/types\/post"}],"author":[{"embeddable":true,"href":"https:\/\/www.uv.mx\/prensa\/wp-json\/wp\/v2\/users\/1775"}],"replies":[{"embeddable":true,"href":"https:\/\/www.uv.mx\/prensa\/wp-json\/wp\/v2\/comments?post=100464"}],"version-history":[{"count":1,"href":"https:\/\/www.uv.mx\/prensa\/wp-json\/wp\/v2\/posts\/100464\/revisions"}],"predecessor-version":[{"id":100475,"href":"https:\/\/www.uv.mx\/prensa\/wp-json\/wp\/v2\/posts\/100464\/revisions\/100475"}],"wp:featuredmedia":[{"embeddable":true,"href":"https:\/\/www.uv.mx\/prensa\/wp-json\/wp\/v2\/media\/100467"}],"wp:attachment":[{"href":"https:\/\/www.uv.mx\/prensa\/wp-json\/wp\/v2\/media?parent=100464"}],"wp:term":[{"taxonomy":"category","embeddable":true,"href":"https:\/\/www.uv.mx\/prensa\/wp-json\/wp\/v2\/categories?post=100464"},{"taxonomy":"post_tag","embeddable":true,"href":"https:\/\/www.uv.mx\/prensa\/wp-json\/wp\/v2\/tags?post=100464"}],"curies":[{"name":"wp","href":"https:\/\/api.w.org\/{rel}","templated":true}]}}