{"id":100307,"date":"2021-08-02T08:00:53","date_gmt":"2021-08-02T13:00:53","guid":{"rendered":"https:\/\/www.uv.mx\/prensa\/?p=100307"},"modified":"2021-07-16T18:50:57","modified_gmt":"2021-07-16T23:50:57","slug":"uv-institucion-de-vanguardia-en-temas-de-sustentabilidad","status":"publish","type":"post","link":"https:\/\/www.uv.mx\/prensa\/banner\/uv-institucion-de-vanguardia-en-temas-de-sustentabilidad\/","title":{"rendered":"UV,\u00a0instituci\u00f3n\u00a0de vanguardia\u00a0en temas\u00a0de\u00a0sustentabilidad\u00a0"},"content":{"rendered":"<ul>\n<li data-leveltext=\"\uf0b7\" data-font=\"Symbol\" data-listid=\"1\" data-aria-posinset=\"1\" data-aria-level=\"1\"><i><span data-contrast=\"none\">El coordinador de la\u00a0Coordinaci\u00f3n Universitaria para la Sustentabilidad, Miguel Escalona, destac\u00f3 el trabajo coordinado y colaborativo para lograrlo<\/span><\/i><span data-ccp-props=\"{&quot;134233117&quot;:true,&quot;134233118&quot;:true}\">\u00a0<\/span><\/li>\n<\/ul>\n<p><span data-ccp-props=\"{&quot;134233117&quot;:true,&quot;134233118&quot;:true}\">\u00a0<\/span><\/p>\n<div id=\"attachment_100309\" style=\"width: 732px\" class=\"wp-caption aligncenter\"><img loading=\"lazy\" decoding=\"async\" aria-describedby=\"caption-attachment-100309\" class=\"size-full wp-image-100309\" src=\"https:\/\/www.uv.mx\/prensa\/files\/2021\/07\/0208721-Miguel-Escalona.jpg\" alt=\"\" width=\"722\" height=\"481\" srcset=\"https:\/\/www.uv.mx\/prensa\/files\/2021\/07\/0208721-Miguel-Escalona.jpg 722w, https:\/\/www.uv.mx\/prensa\/files\/2021\/07\/0208721-Miguel-Escalona-300x200.jpg 300w\" sizes=\"auto, (max-width: 722px) 100vw, 722px\" \/><p id=\"caption-attachment-100309\" class=\"wp-caption-text\">Miguel \u00c1ngel Escalona Aguilar habl\u00f3 sobre los avances en materia de sustentabilidad en los \u00faltimos ocho a\u00f1os<\/p><\/div>\n<p><span data-ccp-props=\"{&quot;134233117&quot;:true,&quot;134233118&quot;:true}\">\u00a0<\/span><\/p>\n<p><b><i><span data-contrast=\"none\">Karina de la Paz Reyes D\u00edaz<\/span><\/i><\/b><span data-ccp-props=\"{&quot;134233117&quot;:true,&quot;134233118&quot;:true}\">\u00a0<\/span><\/p>\n<p><b><i><span data-contrast=\"none\">02\/08\/2021, Xalapa,\u00a0Ver.-\u00a0<\/span><\/i><\/b><span data-contrast=\"none\">El\u00a0titular de la\u00a0Coordinaci\u00f3n Universitaria para la Sustentabilidad (<\/span><a href=\"https:\/\/www.uv.mx\/cosustenta\/\"><i><span data-contrast=\"none\">CoSustenta<\/span><\/i><\/a><span data-contrast=\"none\">)\u00a0de la Universidad Veracruzana (UV),\u00a0Miguel \u00c1ngel Escalona Aguilar,\u00a0destac\u00f3\u00a0que en los \u00faltimos ocho a\u00f1os hubo un avance sustantivo en esta \u00e1rea, con\u00a0la actualizaci\u00f3n\u00a0tanto\u00a0del Reglamento para la Gesti\u00f3n de la Sustentabilidad\u00a0como\u00a0del Plan Maestro de Sustentabilidad 2030, lo cual estaba establecido\u00a0en el\u00a0<\/span><a href=\"https:\/\/www.uv.mx\/documentos\/files\/2019\/05\/pte-2017-2021.pdf\"><span data-contrast=\"none\">Programa de Trabajo Estrat\u00e9gico 2017-2021\u00a0\u201cPertenencia y\u00a0pertinencia<\/span><\/a><span data-contrast=\"none\">\u201d<\/span><span data-contrast=\"none\">.<\/span><span data-ccp-props=\"{&quot;134233117&quot;:true,&quot;134233118&quot;:true}\">\u00a0<\/span><\/p>\n<p><span data-contrast=\"none\">\u201cEntre Plan Maestro y Reglamento contamos con una estructura institucional que nos permite fortalecer el tema de la sustentabilidad\u201d, subray\u00f3 el funcionario universitario.<\/span><span data-ccp-props=\"{&quot;134233117&quot;:true,&quot;134233118&quot;:true}\">\u00a0<\/span><\/p>\n<p><span data-contrast=\"none\">Otro tema importante, dijo, es que se integraron\u00a0las\u00a0Comisiones\u00a0Regionales para la\u00a0Gesti\u00f3n de la\u00a0Sustentabilidad, lo cual permite que en Orizaba-C\u00f3rdoba, Coatzacoalcos-Minatitl\u00e1n, Poza Rica-Tuxpan, Veracruz y Xalapa\u00a0se cree un plan\u00a0de acuerdo a las caracter\u00edsticas, posibilidades y\u00a0potencialidades que cada una\u00a0de ellas\u00a0tiene.<\/span><span data-ccp-props=\"{&quot;134233117&quot;:true,&quot;134233118&quot;:true}\">\u00a0<\/span><\/p>\n<p><span data-contrast=\"none\">Un punto m\u00e1s son las acciones que han creado, poco a poco, para generar una cultura de\u00a0la sustentabilidad: \u201cAl principio de la\u00a0administraci\u00f3n\u00a0dec\u00edamos\u00a0\u2013y lo seguimos\u00a0diciendo\u2013\u00a0que\u00a0la\u00a0sustentabilidad la define\u00a0y\u00a0la\u00a0hace\u00a0la comunidad\u00a0universitaria.\u00a0Creo que poco a poco, desde las acciones cotidianas, desde cada dependencia y entidad, se percibe este sentido\u201d.<\/span><span data-ccp-props=\"{&quot;134233117&quot;:true,&quot;134233118&quot;:true}\">\u00a0<\/span><\/p>\n<p><span data-contrast=\"none\">Para \u00e9l, \u00e9ste es un elemento de lo m\u00e1s significativo: \u201cQue la comunidad viva y plantee acciones de sustentabilidad y que las podamos realizar\u201d. Precisamente, el marco institucional\u00a0citado\u00a0es\u00a0el\u00a0que permite avanzar en el tema.<\/span><span data-ccp-props=\"{&quot;134233117&quot;:true,&quot;134233118&quot;:true}\">\u00a0<\/span><\/p>\n<p><span data-contrast=\"none\">En opini\u00f3n de Miguel \u00c1ngel Escalona, se\u00a0establecieron\u00a0buenas bases,\u00a0de esta manera\u00a0la siguiente administraci\u00f3n no empezar\u00e1 desde cero, sino\u00a0que dar\u00e1 continuidad a\u00a0los\u00a0procesos.<\/span><span data-ccp-props=\"{&quot;134233117&quot;:true,&quot;134233118&quot;:true,&quot;335559731&quot;:708}\">\u00a0<\/span><\/p>\n<p><span data-contrast=\"none\">\u201cMe parece que el proceso de entrega-recepci\u00f3n por eso\u00a0ser\u00e1\u00a0muy importante, porque ah\u00ed est\u00e1n todos los documentos que hemos generado:\u00a0gu\u00edas, manuales, infograf\u00edas, videos;\u00a0que se retome\u00a0lo que\u00a0consideren m\u00e1s importante y que toda esta estructura, que muy pocas universidades en el pa\u00eds tienen, se aproveche para fortalecer m\u00e1s el tema de la sustentabilidad.\u201d<\/span><span data-ccp-props=\"{&quot;134233117&quot;:true,&quot;134233118&quot;:true,&quot;335559731&quot;:708}\">\u00a0<\/span><\/p>\n<p><span data-contrast=\"none\">Es m\u00e1s, para \u00e9l y con base en todo el trabajo realizado en esta administraci\u00f3n, la UV est\u00e1 a la vanguardia\u00a0entre las universidades del pa\u00eds. \u201cPocas instituciones de\u00a0educaci\u00f3n\u00a0superior tienen la infraestructura que tiene la Universidad\u00a0Veracruzana\u00a0en este tema y el gran potencial, la gran capacidad de todo el personal de la\u00a0<\/span><i><span data-contrast=\"none\">CoSustenta<\/span><\/i><span data-contrast=\"none\">\u00a0nos da esa fuerza,\u00a0porque es un equipo inter y multidisciplinario\u00a0que nos\u00a0ha permitido construir muchas cosas\u201d.<\/span><span data-ccp-props=\"{&quot;134233117&quot;:true,&quot;134233118&quot;:true,&quot;335559731&quot;:708}\">\u00a0<\/span><\/p>\n<p><span data-contrast=\"none\">El\u00a0acad\u00e9mico\u00a0agradeci\u00f3 a cada representante de las entidades y dependencias, los enlaces de sustentabilidad, y a\u00a0los coordinadores regionales,\u00a0porque esta gran estructura es la que permite consolidar el tema de la sustentabilidad\u00a0en la UV.<\/span><span data-ccp-props=\"{&quot;134233117&quot;:true,&quot;134233118&quot;:true,&quot;335559731&quot;:708}\">\u00a0<\/span><\/p>\n<p><span data-contrast=\"none\">\u201cCerremos los ojos e imaginemos una universidad sustentable. Tal cual imaginamos,\u00a0caminemos, para\u00a0llegar\u00a0a\u00a0esa Universidad. No depende\u00a0de\u00a0una sola persona, depende de toda la comunidad. Ojal\u00e1 caminemos para este proceso juntos, en donde nos toque estar.\u201d<\/span><span data-ccp-props=\"{&quot;134233117&quot;:true,&quot;134233118&quot;:true,&quot;335559731&quot;:708}\">\u00a0<\/span><\/p>\n<p><span data-contrast=\"none\">Al respecto, cabe citar que el propio\u00a0Miguel\u00a0Escalona, en la\u00a0tercera\u00a0<\/span><a href=\"https:\/\/www.uv.mx\/prensa\/general\/rectoria-reconocio-labor-del-consejo-consultivo-para-la-sustentabilidad-de-la-uv\/\"><span data-contrast=\"none\">sesi\u00f3n ordinaria<\/span><\/a><span data-contrast=\"none\">\u00a0del a\u00f1o\u00a0del\u00a0Consejo Consultivo para la Sustentabilidad (CCS) de la UV\u00a0y la \u00faltima de esta administraci\u00f3n, realizada a principios de julio,<\/span><span data-contrast=\"none\">\u00a0subray\u00f3 que \u201cen el Consejo Regional Sur-Sureste de la ANUIES somos referente en estos temas de sustentabilidad y actualmente tenemos\u00a0la\u00a0Coordinaci\u00f3n de la Red\u00a0de Programas Ambientales\u00a0Institucionales\u201d.<\/span><span data-ccp-props=\"{&quot;134233117&quot;:true,&quot;134233118&quot;:true,&quot;335559731&quot;:708}\">\u00a0<\/span><\/p>\n","protected":false},"excerpt":{"rendered":"<p>\u201cEntre Plan Maestro y Reglamento contamos con una estructura institucional que nos permite fortalecer el tema de la sustentabilidad\u201d: Miguel Escalona, titular de la <em>CoSustenta<\/em>\u00a0<\/p>\n","protected":false},"author":1869,"featured_media":100308,"comment_status":"closed","ping_status":"closed","sticky":false,"template":"","format":"standard","meta":{"footnotes":""},"categories":[61],"tags":[],"class_list":["post-100307","post","type-post","status-publish","format-standard","has-post-thumbnail","hentry","category-banner"],"_links":{"self":[{"href":"https:\/\/www.uv.mx\/prensa\/wp-json\/wp\/v2\/posts\/100307","targetHints":{"allow":["GET"]}}],"collection":[{"href":"https:\/\/www.uv.mx\/prensa\/wp-json\/wp\/v2\/posts"}],"about":[{"href":"https:\/\/www.uv.mx\/prensa\/wp-json\/wp\/v2\/types\/post"}],"author":[{"embeddable":true,"href":"https:\/\/www.uv.mx\/prensa\/wp-json\/wp\/v2\/users\/1869"}],"replies":[{"embeddable":true,"href":"https:\/\/www.uv.mx\/prensa\/wp-json\/wp\/v2\/comments?post=100307"}],"version-history":[{"count":1,"href":"https:\/\/www.uv.mx\/prensa\/wp-json\/wp\/v2\/posts\/100307\/revisions"}],"predecessor-version":[{"id":100312,"href":"https:\/\/www.uv.mx\/prensa\/wp-json\/wp\/v2\/posts\/100307\/revisions\/100312"}],"wp:featuredmedia":[{"embeddable":true,"href":"https:\/\/www.uv.mx\/prensa\/wp-json\/wp\/v2\/media\/100308"}],"wp:attachment":[{"href":"https:\/\/www.uv.mx\/prensa\/wp-json\/wp\/v2\/media?parent=100307"}],"wp:term":[{"taxonomy":"category","embeddable":true,"href":"https:\/\/www.uv.mx\/prensa\/wp-json\/wp\/v2\/categories?post=100307"},{"taxonomy":"post_tag","embeddable":true,"href":"https:\/\/www.uv.mx\/prensa\/wp-json\/wp\/v2\/tags?post=100307"}],"curies":[{"name":"wp","href":"https:\/\/api.w.org\/{rel}","templated":true}]}}