{"id":100258,"date":"2021-07-17T08:00:07","date_gmt":"2021-07-17T13:00:07","guid":{"rendered":"https:\/\/www.uv.mx\/prensa\/?p=100258"},"modified":"2021-08-16T10:55:01","modified_gmt":"2021-08-16T15:55:01","slug":"reticencia-vacunal-provocaria-vuelta-de-enfermedades-consideradas-erradicadas","status":"publish","type":"post","link":"https:\/\/www.uv.mx\/prensa\/ciencia\/reticencia-vacunal-provocaria-vuelta-de-enfermedades-consideradas-erradicadas\/","title":{"rendered":"Reticencia vacunal provocar\u00eda vuelta de\u00a0enfermedades\u00a0consideradas erradicadas\u00a0"},"content":{"rendered":"<ul>\n<li data-leveltext=\"\uf0b7\" data-font=\"Symbol\" data-listid=\"13\" data-aria-posinset=\"1\" data-aria-level=\"1\"><i><span data-contrast=\"auto\">El rechazo a la vacuna compromete las actuaciones de prevenci\u00f3n desarrolladas en el campo de la salud p\u00fablica,\u00a0afirm\u00f3\u00a0alumna de la\u00a0Maestr\u00eda en Salud P\u00fablica<\/span><\/i><span data-ccp-props=\"{&quot;201341983&quot;:0,&quot;335559739&quot;:0,&quot;335559740&quot;:240}\">\u00a0<\/span><\/li>\n<li data-leveltext=\"\uf0b7\" data-font=\"Symbol\" data-listid=\"13\" data-aria-posinset=\"2\" data-aria-level=\"1\"><i><span data-contrast=\"auto\">El estudio de<\/span><\/i><span data-contrast=\"auto\">\u00a0<\/span><i><span data-contrast=\"auto\">Ivonne Tuxpan\u00a0Garc\u00eda\u00a0<\/span><\/i><i><span data-contrast=\"auto\">es el primero que se efect\u00faa en relaci\u00f3n a la RV tomando en cuenta conocimientos, comportamientos y creencias<\/span><\/i><span data-ccp-props=\"{&quot;201341983&quot;:0,&quot;335559739&quot;:0,&quot;335559740&quot;:240}\">\u00a0<\/span><\/li>\n<\/ul>\n<p><span data-ccp-props=\"{&quot;201341983&quot;:0,&quot;335559739&quot;:0,&quot;335559740&quot;:240}\">\u00a0<\/span><\/p>\n<div id=\"attachment_100260\" style=\"width: 732px\" class=\"wp-caption aligncenter\"><img loading=\"lazy\" decoding=\"async\" aria-describedby=\"caption-attachment-100260\" class=\"size-full wp-image-100260\" src=\"https:\/\/www.uv.mx\/prensa\/files\/2021\/07\/15072021-Reticencia-vacunal-1.png\" alt=\"\" width=\"722\" height=\"482\" srcset=\"https:\/\/www.uv.mx\/prensa\/files\/2021\/07\/15072021-Reticencia-vacunal-1.png 722w, https:\/\/www.uv.mx\/prensa\/files\/2021\/07\/15072021-Reticencia-vacunal-1-300x200.png 300w\" sizes=\"auto, (max-width: 722px) 100vw, 722px\" \/><p id=\"caption-attachment-100260\" class=\"wp-caption-text\">Mar\u00eda de Lourdes Mota Morales, investigadora\u00a0del Instituto de Salud P\u00fablica<\/p><\/div>\n<p><span data-ccp-props=\"{&quot;201341983&quot;:0,&quot;335559739&quot;:0,&quot;335559740&quot;:240}\">\u00a0<\/span><\/p>\n<p><b><i><span data-contrast=\"auto\">Jos\u00e9 Luis\u00a0Couttolenc\u00a0Soto<\/span><\/i><\/b><span data-ccp-props=\"{&quot;201341983&quot;:0,&quot;335559739&quot;:0,&quot;335559740&quot;:240}\">\u00a0<\/span><\/p>\n<p><b><i><span data-contrast=\"auto\">17\/07\/2021, Xalapa,\u00a0Ver.-<\/span><\/i><\/b><span data-contrast=\"auto\">\u00a0De acuerdo a la Organizaci\u00f3n Mundial de la Salud (OMS), la renuencia o negativa a vacunarse, conocida tambi\u00e9n como reticencia vacunal\u00a0(RV), se considera ya dentro de las 10 principales amenazas a la salud, problema que despert\u00f3 el inter\u00e9s de Ivonne Tuxpan Garc\u00eda, alumna de la Maestr\u00eda en Salud P\u00fablica (MSP) de la Universidad Veracruzana (UV), quien decidi\u00f3 desarrollar este tema para su tesis de posgrado.<\/span><span data-ccp-props=\"{&quot;201341983&quot;:0,&quot;335559739&quot;:0,&quot;335559740&quot;:240}\">\u00a0<\/span><\/p>\n<p><span data-contrast=\"auto\">Licenciada en Enfermer\u00eda por esta casa de estudios, la estudiante del <a href=\"https:\/\/www.uv.mx\/isp\/\" target=\"_blank\" rel=\"noopener\">Instituto de Salud P\u00fablica<\/a> (ISP) considera la RV como un problema que compromete la actuaci\u00f3n de prevenci\u00f3n desarrollada\u00a0en el campo de la salud p\u00fablica, que da paso a un retroceso en el control de enfermedades infecciosas e implica la aparici\u00f3n de otras que hasta la fecha\u00a0la OMS\u00a0considera ya erradicadas en las regiones del mundo.<\/span><span data-ccp-props=\"{&quot;201341983&quot;:0,&quot;335559739&quot;:0,&quot;335559740&quot;:240}\">\u00a0<\/span><\/p>\n<p><span data-contrast=\"auto\">Para elaborar su tesis\u00a0de maestr\u00eda, que cont\u00f3 con la direcci\u00f3n de la investigadora Mar\u00eda de Lourdes Mota Morales, Tuxpan Garc\u00eda llev\u00f3 a cabo una investigaci\u00f3n con dos objetivos: describir la prevalencia de la\u00a0RV, y conocer las creencias sobre la RV de padres de familia o tutores de ni\u00f1os menores de cinco a\u00f1os; el\u00a0trabajo\u00a0lo\u00a0realiz\u00f3 en dos estancias infantiles de Xalapa\u00a0(p\u00fablica y privada), y\u00a0con base\u00a0en\u00a0los resultados proponer estrategias de promoci\u00f3n de la salud que contribuyan a la disminuci\u00f3n de la RV.<\/span><span data-ccp-props=\"{&quot;201341983&quot;:0,&quot;335559739&quot;:0,&quot;335559740&quot;:240}\">\u00a0<\/span><\/p>\n<p><span data-contrast=\"auto\">Tambi\u00e9n\u00a0hizo\u00a0<\/span><span data-contrast=\"auto\">una complementaci\u00f3n paradigm\u00e1tica en dos fases.\u00a0La primera se trat\u00f3 de\u00a0un m\u00e9todo cuantitativo mediante un\u202festudio transversal, observacional, descriptivo y prospectivo para describir las caracter\u00edsticas demogr\u00e1ficas, comportamiento, seguridad,\u00a0eficacia y actitudes generales hacia las vacunas\u00a0por parte\u00a0de padres de familia o tutores con ni\u00f1os inscritos en\u00a0las estancias infantiles.<\/span><span data-ccp-props=\"{&quot;201341983&quot;:0,&quot;335559739&quot;:0,&quot;335559740&quot;:240}\">\u00a0<\/span><\/p>\n<p><span data-contrast=\"auto\">La segunda fase\u00a0la desarroll\u00f3\u00a0mediante\u00a0u<\/span><span data-contrast=\"none\">n\u00a0cuestionario autoadministrable\u00a0a 110 padres de familia o\u00a0tutores\u00a0mayores de 18\u00a0a\u00f1os,\u00a0que permiti\u00f3\u00a0identificar\u00a0la prevalencia de\u00a0padres de familia o tutores reticentes a la vacunaci\u00f3n.<\/span><span data-ccp-props=\"{&quot;201341983&quot;:0,&quot;335559731&quot;:708,&quot;335559739&quot;:0,&quot;335559740&quot;:240}\">\u00a0<\/span><\/p>\n<p><span data-contrast=\"auto\">A partir de los resultados obtenidos, integr\u00f3 un abordaje cualitativo y otro cuantitativo; el primero le permiti\u00f3 profundizar sobre las creencias de la RV en padres de familia o tutores, y la segunda vislumbrar una prevalencia de RV del\u00a0ocho\u00a0por ciento en la estancia infantil A, y\u00a0uno\u00a0por ciento en la estancia infantil B.<\/span><span data-ccp-props=\"{&quot;201341983&quot;:0,&quot;335559739&quot;:0,&quot;335559740&quot;:240}\">\u00a0<\/span><\/p>\n<p><span data-contrast=\"auto\">Como conclusi\u00f3n,\u00a0<\/span><span data-contrast=\"auto\">Ivonne Tuxpan\u00a0<\/span><span data-contrast=\"auto\">se\u00f1al\u00f3\u00a0que\u00a0<\/span><span data-contrast=\"auto\">es necesario quitar las etiquetas de \u201cv\u00edctimas\u201d o \u201cculpables\u201d a quienes\u00a0deciden retrasar o rechazar las vacunas, ya que la responsabilidad no\u00a0s\u00f3lo recae en ellos, tambi\u00e9n debe ser compartida con el personal sanitario para poder mitigar el fen\u00f3meno de la\u00a0RV.<\/span><span data-ccp-props=\"{&quot;201341983&quot;:0,&quot;335559739&quot;:0,&quot;335559740&quot;:240}\">\u00a0<\/span><\/p>\n<p><span data-contrast=\"auto\">Por su parte,\u00a0<\/span><span data-contrast=\"auto\">Mar\u00eda de Lourdes\u00a0<\/span><span data-contrast=\"auto\">Mota precis\u00f3 que la investigaci\u00f3n\u00a0se realiz\u00f3\u00a0guardando absoluta confidencialidad; indic\u00f3 que es el primer estudio que\u00a0se\u00a0efect\u00faa\u00a0en relaci\u00f3n a la RV tomando en cuenta conocimientos, comportamientos y creencias, conjuntado con la parte te\u00f3rica que hizo posible obtener los resultados planteados.<\/span><span data-ccp-props=\"{&quot;201341983&quot;:0,&quot;335559739&quot;:0,&quot;335559740&quot;:240}\">\u00a0<\/span><\/p>\n<p><span data-contrast=\"auto\">Agreg\u00f3 que el trabajo de Ivonne Tuxpan se\u00a0concret\u00f3\u00a0en cuatro momentos: enfoque del problema, dise\u00f1o, desarrollo y resultados del proyecto, utiliz\u00e1ndose para ello un instrumento validado que fue aplicado en familias con menores de cinco a\u00f1os, a fin de conocer la RV enfocada como un objeto de estudio.<\/span><span data-ccp-props=\"{&quot;201341983&quot;:0,&quot;335559739&quot;:0,&quot;335559740&quot;:240}\">\u00a0<\/span><\/p>\n<p><span data-ccp-props=\"{&quot;201341983&quot;:0,&quot;335559739&quot;:0,&quot;335559740&quot;:240}\">\u00a0<\/span><\/p>\n<div id=\"attachment_100261\" style=\"width: 732px\" class=\"wp-caption aligncenter\"><img loading=\"lazy\" decoding=\"async\" aria-describedby=\"caption-attachment-100261\" class=\"size-full wp-image-100261\" src=\"https:\/\/www.uv.mx\/prensa\/files\/2021\/07\/15072021-Reticencia-vacunal-2.png\" alt=\"\" width=\"722\" height=\"481\" srcset=\"https:\/\/www.uv.mx\/prensa\/files\/2021\/07\/15072021-Reticencia-vacunal-2.png 722w, https:\/\/www.uv.mx\/prensa\/files\/2021\/07\/15072021-Reticencia-vacunal-2-300x200.png 300w\" sizes=\"auto, (max-width: 722px) 100vw, 722px\" \/><p id=\"caption-attachment-100261\" class=\"wp-caption-text\">Ivonne Tuxpan Garc\u00eda, alumna de la Maestr\u00eda en Salud P\u00fablica<\/p><\/div>\n","protected":false},"excerpt":{"rendered":"<p>De acuerdo a la\u00a0Organizaci\u00f3n Mundial de la Salud, la renuencia a vacunarse\u00a0se considera dentro de las 10 principales amenazas a la salud\u00a0<\/p>\n","protected":false},"author":1869,"featured_media":100260,"comment_status":"closed","ping_status":"closed","sticky":false,"template":"","format":"standard","meta":{"footnotes":""},"categories":[45],"tags":[],"class_list":["post-100258","post","type-post","status-publish","format-standard","has-post-thumbnail","hentry","category-ciencia"],"_links":{"self":[{"href":"https:\/\/www.uv.mx\/prensa\/wp-json\/wp\/v2\/posts\/100258","targetHints":{"allow":["GET"]}}],"collection":[{"href":"https:\/\/www.uv.mx\/prensa\/wp-json\/wp\/v2\/posts"}],"about":[{"href":"https:\/\/www.uv.mx\/prensa\/wp-json\/wp\/v2\/types\/post"}],"author":[{"embeddable":true,"href":"https:\/\/www.uv.mx\/prensa\/wp-json\/wp\/v2\/users\/1869"}],"replies":[{"embeddable":true,"href":"https:\/\/www.uv.mx\/prensa\/wp-json\/wp\/v2\/comments?post=100258"}],"version-history":[{"count":1,"href":"https:\/\/www.uv.mx\/prensa\/wp-json\/wp\/v2\/posts\/100258\/revisions"}],"predecessor-version":[{"id":100596,"href":"https:\/\/www.uv.mx\/prensa\/wp-json\/wp\/v2\/posts\/100258\/revisions\/100596"}],"wp:featuredmedia":[{"embeddable":true,"href":"https:\/\/www.uv.mx\/prensa\/wp-json\/wp\/v2\/media\/100260"}],"wp:attachment":[{"href":"https:\/\/www.uv.mx\/prensa\/wp-json\/wp\/v2\/media?parent=100258"}],"wp:term":[{"taxonomy":"category","embeddable":true,"href":"https:\/\/www.uv.mx\/prensa\/wp-json\/wp\/v2\/categories?post=100258"},{"taxonomy":"post_tag","embeddable":true,"href":"https:\/\/www.uv.mx\/prensa\/wp-json\/wp\/v2\/tags?post=100258"}],"curies":[{"name":"wp","href":"https:\/\/api.w.org\/{rel}","templated":true}]}}