{"id":100178,"date":"2021-07-15T11:57:10","date_gmt":"2021-07-15T16:57:10","guid":{"rendered":"https:\/\/www.uv.mx\/prensa\/?p=100178"},"modified":"2021-07-16T17:14:28","modified_gmt":"2021-07-16T22:14:28","slug":"junta-de-gobierno-uv-publico-perfiles-de-aspirantes","status":"publish","type":"post","link":"https:\/\/www.uv.mx\/prensa\/banner\/junta-de-gobierno-uv-publico-perfiles-de-aspirantes\/","title":{"rendered":"Junta de Gobierno UV public\u00f3 perfiles de aspirantes"},"content":{"rendered":"<ul>\n<li data-leveltext=\"\u25cf\" data-font=\"\" data-listid=\"1\" data-aria-posinset=\"1\" data-aria-level=\"1\"><i><span data-contrast=\"auto\">En la plataforma oficial\u00a0<\/span><\/i><a href=\"https:\/\/designacionrectoraluv2021.mx\/\"><i><span data-contrast=\"none\">https:\/\/designacionrectoraluv2021.mx\/<\/span><\/i><\/a><i><span data-contrast=\"auto\">\u00a0se pueden consultar los\u00a0<\/span><\/i><span data-contrast=\"auto\">curr\u00edcula\u00a0vitarum<\/span><i><span data-contrast=\"auto\">, las propuestas de planes de trabajo y respuestas al cuestionario elaborado por el \u00f3rgano de gobierno<\/span><\/i><span data-ccp-props=\"{&quot;201341983&quot;:0,&quot;335559740&quot;:240}\">\u00a0<\/span><\/li>\n<li data-leveltext=\"\u25cf\" data-font=\"\" data-listid=\"1\" data-aria-posinset=\"2\" data-aria-level=\"1\"><i><span data-contrast=\"auto\">El lunes 19 de julio se incluir\u00e1n en la plataforma las entrevistas grabadas con cada uno de los aspirantes<\/span><\/i><span data-ccp-props=\"{&quot;201341983&quot;:0,&quot;335559740&quot;:240}\">\u00a0<\/span><\/li>\n<\/ul>\n<p><span data-ccp-props=\"{&quot;201341983&quot;:0,&quot;335559740&quot;:240}\">\u00a0<\/span><\/p>\n<div id=\"attachment_99574\" style=\"width: 732px\" class=\"wp-caption aligncenter\"><img loading=\"lazy\" decoding=\"async\" aria-describedby=\"caption-attachment-99574\" class=\"size-full wp-image-99574\" src=\"https:\/\/www.uv.mx\/prensa\/files\/2021\/06\/CUV-UV_JG.jpg\" alt=\"\" width=\"722\" height=\"442\" srcset=\"https:\/\/www.uv.mx\/prensa\/files\/2021\/06\/CUV-UV_JG.jpg 722w, https:\/\/www.uv.mx\/prensa\/files\/2021\/06\/CUV-UV_JG-300x184.jpg 300w\" sizes=\"auto, (max-width: 722px) 100vw, 722px\" \/><p id=\"caption-attachment-99574\" class=\"wp-caption-text\">La convocatoria \u00edntegra emitida por la Junta de Gobierno se puede consultar en la liga\u00a0https:\/\/designacionrectoraluv2021.mx\/<\/p><\/div>\n<p><span data-ccp-props=\"{&quot;201341983&quot;:0,&quot;335559740&quot;:240}\">\u00a0<\/span><\/p>\n<p><b><i><span data-contrast=\"auto\">Redacci\u00f3n Universo<\/span><\/i><\/b><span data-ccp-props=\"{&quot;201341983&quot;:0,&quot;335559740&quot;:240}\">\u00a0<\/span><\/p>\n<p><em><strong>15\/07\/2021, Xalapa, Ver.-<\/strong><\/em> La <a href=\"https:\/\/www.uv.mx\/juntagob\/\" target=\"_blank\" rel=\"noopener\">Junta de Gobierno<\/a> (JG) de la Universidad Veracruzana (UV) publico hoy los respectivos perfiles de las y los aspirantes a la rector\u00eda, mismos que pueden consultarse en la plataforma\u00a0<a id=\"LPlnk\" href=\"https:\/\/designacionrectoraluv2021.mx\/\" target=\"_blank\" rel=\"noopener noreferrer\" data-auth=\"NotApplicable\" data-linkindex=\"0\">https:\/\/designacionrectoraluv2021.mx\/<\/a><\/p>\n<p><span data-contrast=\"auto\">La informaci\u00f3n disponible de cada una de las personas que aspiran a la Rector\u00eda\u00a0incluye los\u00a0<\/span><i><span data-contrast=\"auto\">curr\u00edcula\u00a0vitarum<\/span><\/i><span data-contrast=\"auto\">, su propuesta de plan de trabajo y las respuestas al cuestionario sobre aspectos relevantes al cargo, as\u00ed como sus opiniones referentes a asuntos en torno a la educaci\u00f3n en general y a la UV en particular.<\/span><span data-ccp-props=\"{&quot;201341983&quot;:0,&quot;335559740&quot;:240}\">\u00a0<\/span><\/p>\n<p><span data-contrast=\"auto\">Cabe recordar que el viernes 16 de julio a las 18:00\u00a0horas finaliza el periodo de recepci\u00f3n de solicitudes para participar en la auscultaci\u00f3n directa por parte de la comunidad universitaria, para lo cual debe de descargarse un formato de la plataforma mencionada.<\/span><span data-ccp-props=\"{&quot;201341983&quot;:0,&quot;335559740&quot;:240}\">\u00a0<\/span><\/p>\n<p><span data-contrast=\"auto\">El lunes 19 de julio,\u00a0en la\u00a0misma\u00a0plataforma,\u00a0estar\u00e1n disponibles las entrevistas\u00a0previamente grabadas\u00a0de cada aspirante.<\/span><span data-ccp-props=\"{&quot;201341983&quot;:0,&quot;335559731&quot;:720,&quot;335559740&quot;:240}\">\u00a0<\/span><\/p>\n<p><span data-contrast=\"auto\">A las 10:00\u00a0horas del lunes 9 de agosto se publicar\u00e1 en la plataforma y en el portal de la Junta de Gobierno el calendario de entrevistas para la auscultaci\u00f3n directa en las cinco regiones universitarias,\u00a0mediante el cual la JG\u00a0entrevistar\u00e1, del 10 al 20 de agosto, a los miembros de la comunidad universitaria que as\u00ed lo hayan solicitado.<\/span><span data-ccp-props=\"{&quot;201341983&quot;:0,&quot;335559731&quot;:720,&quot;335559740&quot;:240}\">\u00a0<\/span><\/p>\n<p><span data-contrast=\"auto\">En la convocatoria se advierte que\u00a0las\u00a0entrevistas se podr\u00e1n realizar de manera presencial o en l\u00ednea, de acuerdo a las disposiciones oficiales relativas al sem\u00e1foro epidemiol\u00f3gico.<\/span><span data-ccp-props=\"{&quot;201341983&quot;:0,&quot;335559731&quot;:720,&quot;335559740&quot;:240}\">\u00a0<\/span><\/p>\n<p><span data-contrast=\"auto\">Posteriormente, el lunes 23 de agosto a las 18:00\u00a0horas, la Junta de Gobierno dar\u00e1 a conocer en su plataforma y en medios institucionales la lista de candidatos y candidatas a rector o rectora.<\/span><span data-ccp-props=\"{&quot;201341983&quot;:0,&quot;335559731&quot;:720,&quot;335559740&quot;:240}\">\u00a0<\/span><\/p>\n","protected":false},"excerpt":{"rendered":"<p>El lunes 19 de julio se incluir\u00e1n en la plataforma las entrevistas grabadas con cada uno de los aspirantes\u00a0<\/p>\n","protected":false},"author":1869,"featured_media":99578,"comment_status":"closed","ping_status":"closed","sticky":false,"template":"","format":"standard","meta":{"footnotes":""},"categories":[61],"tags":[],"class_list":["post-100178","post","type-post","status-publish","format-standard","has-post-thumbnail","hentry","category-banner"],"_links":{"self":[{"href":"https:\/\/www.uv.mx\/prensa\/wp-json\/wp\/v2\/posts\/100178","targetHints":{"allow":["GET"]}}],"collection":[{"href":"https:\/\/www.uv.mx\/prensa\/wp-json\/wp\/v2\/posts"}],"about":[{"href":"https:\/\/www.uv.mx\/prensa\/wp-json\/wp\/v2\/types\/post"}],"author":[{"embeddable":true,"href":"https:\/\/www.uv.mx\/prensa\/wp-json\/wp\/v2\/users\/1869"}],"replies":[{"embeddable":true,"href":"https:\/\/www.uv.mx\/prensa\/wp-json\/wp\/v2\/comments?post=100178"}],"version-history":[{"count":1,"href":"https:\/\/www.uv.mx\/prensa\/wp-json\/wp\/v2\/posts\/100178\/revisions"}],"predecessor-version":[{"id":100290,"href":"https:\/\/www.uv.mx\/prensa\/wp-json\/wp\/v2\/posts\/100178\/revisions\/100290"}],"wp:featuredmedia":[{"embeddable":true,"href":"https:\/\/www.uv.mx\/prensa\/wp-json\/wp\/v2\/media\/99578"}],"wp:attachment":[{"href":"https:\/\/www.uv.mx\/prensa\/wp-json\/wp\/v2\/media?parent=100178"}],"wp:term":[{"taxonomy":"category","embeddable":true,"href":"https:\/\/www.uv.mx\/prensa\/wp-json\/wp\/v2\/categories?post=100178"},{"taxonomy":"post_tag","embeddable":true,"href":"https:\/\/www.uv.mx\/prensa\/wp-json\/wp\/v2\/tags?post=100178"}],"curies":[{"name":"wp","href":"https:\/\/api.w.org\/{rel}","templated":true}]}}