{"id":65,"date":"2023-01-12T12:39:39","date_gmt":"2023-01-12T18:39:39","guid":{"rendered":"https:\/\/www.uv.mx\/personal\/nbarradas\/?p=65"},"modified":"2023-01-12T13:06:13","modified_gmt":"2023-01-12T19:06:13","slug":"cursos-y-actualizaciones","status":"publish","type":"post","link":"https:\/\/www.uv.mx\/personal\/nbarradas\/2023\/01\/12\/cursos-y-actualizaciones\/","title":{"rendered":"Cursos y Actualizaciones"},"content":{"rendered":"<p>EL CURSO-TALLER: DISE\u00d1O DE AMBIENTES DE APRENDIZAJE BASADOS EN TECNOLOG\u00cdA EDUCATIVA . Del 29\/01\/2018 al 02\/02\/2018<\/p>\n<p>EL CURSO-TALLER: P\u00c1GINA PERSONAL INSTITUCIONAL, BLOGS Y REDES SOCIALES. Del 02\/07\/2018 al 06\/07\/2018<\/p>\n<p>EL CURSO-TALLER: FORMACI\u00d3N UNIVERSITARIA INTEGRAL: TRANSVERSA. Del 01\/08\/2018 al 07\/08\/2018<\/p>\n<p>EL CURSO-TALLER: ESTRATEGIAS PARA EL ASEGURAMIENTO DE LA CALIDAD EDUCATIVA. Del 12\/11\/2018 al 25\/01\/2019<\/p>\n<p>EL CURSO-TALLER: RSU PARTICIPACI\u00d3N &#8211; ACCI\u00d3N Y COMUNIDAD. Del 28\/03\/2019 al 29\/03\/2019<\/p>\n<p>EL CURSO-TALLER: INDUCCI\u00d3N DEL ACAD\u00c9MICO A LA UNIVERSIDAD VERACRUZANA. Del 05\/04\/2019 al 10\/05\/2019<\/p>\n<p>EL CURSO-TALLER: AUTO-FORMACI\u00d3N EN SUSTENTABILIDAD HUMANA Y ORGANIZACIONAL: TEJIENDO SUSTENTABILIDAD PARA LA VIDA. Del 24\/05\/2019 al 14\/06\/2019<\/p>\n<p>EL CURSO-TALLER: ESTRATEGIAS PARA EL ASEGURAMIENTO DE LA CALIDAD EDUCATIVA. Del 12\/11\/2018 al 25\/01\/2019<\/p>\n<p>EL CURSO-TALLER: DESAF\u00cdOS DE LA SUSTENTABILIDAD EN EL CURR\u00cdCULUM UNIVERSITARIO. Del 22\/03\/2019 al 14\/02\/2020<\/p>\n<p>EL CURSO-TALLER: EMINUS COMO RECURSO DID\u00c1CTICO PARA EL PROCESO EDUCATIVO. Del 31\/08\/2020 al 28\/09\/2020<\/p>\n<p>EL CURSO-TALLER: DISE\u00d1O DE PLANEACI\u00d3N DID\u00c1CTICA EN EL MARCO INSTITUCIONAL. Del 31\/08\/2020 al 30\/09\/2020<\/p>\n<p>EL CURSO-TALLER: ESTRATEGIAS PARA AFRONTAR EL ESTR\u00c9S. Del 17\/09\/2020 al 01\/10\/2020<\/p>\n<p>1er FORO INTERNACIONAL VIRTUAL DE INCLUSI\u00d3N EN EDUCACI\u00d3N SUPERIOR\u201d. 3 y 4 \/12\/2020<\/p>\n<p>EL CURSO-TALLER: DESARROLLO DE MINI-VIDEOS COMO RECURSO DID\u00c1CTICO PARA LA ENSE\u00d1ANZA. Del 15\/01\/2021 al 12\/02\/2021<\/p>\n<p>\u201c1ER CONGRESO VIRTUAL INTERNACIONAL: ALIMENTACI\u00d3N, NUTRICI\u00d3N E INNOVACI\u00d3N\u201d. Del 19\/05\/2021 al 21\/05\/2021<\/p>\n<p>PILARES DEL BIENESTAR INTEGRAL ANTE LA PANDEMIA POR COVID \u2013 19.\u00a0 Del 13\/10\/2021 al 15\/10\/2021<\/p>\n<p>TALLER \u201cC\u00d3MO APLICAR HABILIDADES BLANDAS EN UNA ENTREVISTA POR COMPETENCIAS\u201d.\u00a0 Del 27\/10\/2021 al 29\/10\/2021<\/p>\n<p>CONFERENCIA: \u201cDESARROLLO DE HABILIDADES SOCIOEMOCIONALES PARA LOS RETOS DE LA ERA DIGITAL\u201d. Del 27\/10\/2021 al 29\/10\/2021<\/p>\n<p>PL\u00c1TICA DE RECLUTAMIENTO DEL PROGRAMA L\u00cdDERES ENSE\u00d1A POR M\u00c9XICO. Del 27\/10\/2021 al 29\/10\/2021<\/p>\n<p>CONFERENCIA: \u201cGESTI\u00d3N DEL TIEMPO Y DEL DESEMPE\u00d1O\u201d. Del 27\/10\/2021 al 29\/10\/2021<\/p>\n<p>CONFERENCIA: \u201cMARKETING DIGITAL\u201d. Del 27\/10\/2021 al 29\/10\/2021<\/p>\n<p>PL\u00c1TICA DE RECLUTAMIENTO DEL PROGRAMA L\u00cdDERES ENSE\u00d1A POR M\u00c9XICO.\u00a0 Del 27\/10\/2021 al 29\/10\/2021<\/p>\n<p>CONFERENCIA-TALLER: \u201cHABILIDADES DIGITALES EN EL 2021\u201d. Del 27\/10\/2021 al 29\/10\/2021<\/p>\n<p>CONFERENCIA: \u201cDESARROLLO DE HABILIDADES SOCIOEMOCIONALES PARA LOS RETOS DE LA ERA DIGITAL\u201d. Del 27\/10\/2021 al 29\/10\/2021<\/p>\n<p>TALLER LIDERAZGO CONSCIENTE. Del 27\/10\/2021 al 29\/10\/2021<\/p>\n<p>CONFERENCIA: \u201cGESTI\u00d3N DEL TIEMPO Y DEL DESEMPE\u00d1O\u201d. Del 27\/10\/2021 al 29\/10\/2021<\/p>\n<p>CURSO-TALLER: DISE\u00d1O DE PROGRAMAS DE EXPERIENCIAS EDUCATIVAS CON PERTINENCIA SOCIAL.\u00a0 Del 24\/02\/2022 al 17\/03\/2022<\/p>\n<p>\u201c2DO. CONGRESO VIRTUAL INTERNACIONAL: ALIMENTACI\u00d3N, NUTRICI\u00d3N E INNOVACI\u00d3N\u201d.\u00a0 Del 18\/05\/2022 al 20\/05\/2022<\/p>\n<p>\u201cHABLEMOS DE PROTECCI\u00d3N INTELECTUAL\u201d.\u00a0 El 07\/06\/2022<\/p>\n<p>&nbsp;<\/p>\n<p>&nbsp;<\/p>\n<p>&nbsp;<\/p>\n<p>&nbsp;<\/p>\n<p>&nbsp;<\/p>\n","protected":false},"excerpt":{"rendered":"<p>EL CURSO-TALLER: DISE\u00d1O DE AMBIENTES DE APRENDIZAJE BASADOS EN TECNOLOG\u00cdA EDUCATIVA . Del 29\/01\/2018 al 02\/02\/2018 EL CURSO-TALLER: P\u00c1GINA PERSONAL INSTITUCIONAL, BLOGS Y REDES SOCIALES. Del 02\/07\/2018 al 06\/07\/2018 EL CURSO-TALLER: FORMACI\u00d3N UNIVERSITARIA INTEGRAL: TRANSVERSA. Del 01\/08\/2018 al 07\/08\/2018 EL CURSO-TALLER: ESTRATEGIAS PARA EL ASEGURAMIENTO DE LA CALIDAD EDUCATIVA. Del 12\/11\/2018 al 25\/01\/2019 EL CURSO-TALLER:&#8230;<\/p>\n","protected":false},"author":2203,"featured_media":0,"comment_status":"closed","ping_status":"closed","sticky":false,"template":"","format":"standard","meta":{"footnotes":""},"categories":[4],"tags":[],"class_list":["post-65","post","type-post","status-publish","format-standard","hentry","category-miblog"],"_links":{"self":[{"href":"https:\/\/www.uv.mx\/personal\/nbarradas\/wp-json\/wp\/v2\/posts\/65","targetHints":{"allow":["GET"]}}],"collection":[{"href":"https:\/\/www.uv.mx\/personal\/nbarradas\/wp-json\/wp\/v2\/posts"}],"about":[{"href":"https:\/\/www.uv.mx\/personal\/nbarradas\/wp-json\/wp\/v2\/types\/post"}],"author":[{"embeddable":true,"href":"https:\/\/www.uv.mx\/personal\/nbarradas\/wp-json\/wp\/v2\/users\/2203"}],"replies":[{"embeddable":true,"href":"https:\/\/www.uv.mx\/personal\/nbarradas\/wp-json\/wp\/v2\/comments?post=65"}],"version-history":[{"count":2,"href":"https:\/\/www.uv.mx\/personal\/nbarradas\/wp-json\/wp\/v2\/posts\/65\/revisions"}],"predecessor-version":[{"id":72,"href":"https:\/\/www.uv.mx\/personal\/nbarradas\/wp-json\/wp\/v2\/posts\/65\/revisions\/72"}],"wp:attachment":[{"href":"https:\/\/www.uv.mx\/personal\/nbarradas\/wp-json\/wp\/v2\/media?parent=65"}],"wp:term":[{"taxonomy":"category","embeddable":true,"href":"https:\/\/www.uv.mx\/personal\/nbarradas\/wp-json\/wp\/v2\/categories?post=65"},{"taxonomy":"post_tag","embeddable":true,"href":"https:\/\/www.uv.mx\/personal\/nbarradas\/wp-json\/wp\/v2\/tags?post=65"}],"curies":[{"name":"wp","href":"https:\/\/api.w.org\/{rel}","templated":true}]}}