{"id":4591,"date":"2025-01-09T10:49:47","date_gmt":"2025-01-09T16:49:47","guid":{"rendered":"https:\/\/www.uv.mx\/personal\/mcasillas\/?p=4591"},"modified":"2025-01-09T10:49:47","modified_gmt":"2025-01-09T16:49:47","slug":"trascendencia-de-la-autonomia-en-la-gestion-y-desarrollo-de-las-funciones-universitarias","status":"publish","type":"post","link":"https:\/\/www.uv.mx\/personal\/mcasillas\/2025\/01\/09\/trascendencia-de-la-autonomia-en-la-gestion-y-desarrollo-de-las-funciones-universitarias\/","title":{"rendered":"Trascendencia de la autonom\u00eda en la gesti\u00f3n y desarrollo de las funciones universitarias"},"content":{"rendered":"<p>L\u00f3pez, R., Acosta, A., Casillas, M.(2024).Trascendencia de la autonom\u00eda en la gesti\u00f3n y desarrollo de las funciones universitarias. En Montoya, I. y Mej\u00eda, G.(Coords). Los Dilemas de la Educaci\u00f3n Superior Mexicana en el Siglo XXI:30 a\u00f1os de Investigaci\u00f3n del \u00c1rea de Sociolog\u00eda de las Universidades de la UAM Azcapotzalco. Biblioteca de Ciencias Sociales y Humanidades.<\/p>\n<p>Para descargar: <a href=\"https:\/\/www.uv.mx\/personal\/mcasillas\/files\/2025\/01\/los-dilemas-capitulo-UAM.pdf\">Trascendencia de la autonom\u00eda en la gesti\u00f3n y desarrollo de las funciones universitarias<\/a><\/p>\n<p>&nbsp;<\/p>\n","protected":false},"excerpt":{"rendered":"<p>L\u00f3pez, R., Acosta, A., Casillas, M.(2024).Trascendencia de la autonom\u00eda en la gesti\u00f3n y desarrollo de las funciones universitarias. En Montoya, I. y Mej\u00eda, G.(Coords). Los Dilemas de la Educaci\u00f3n Superior Mexicana en el Siglo XXI:30 a\u00f1os de Investigaci\u00f3n del \u00c1rea de Sociolog\u00eda de las Universidades de la UAM Azcapotzalco. Biblioteca de Ciencias Sociales y Humanidades&#8230;.<\/p>\n","protected":false},"author":1587,"featured_media":4592,"comment_status":"closed","ping_status":"closed","sticky":false,"template":"","format":"standard","meta":{"footnotes":""},"categories":[19],"tags":[],"class_list":["post-4591","post","type-post","status-publish","format-standard","has-post-thumbnail","hentry","category-cap-libro"],"_links":{"self":[{"href":"https:\/\/www.uv.mx\/personal\/mcasillas\/wp-json\/wp\/v2\/posts\/4591","targetHints":{"allow":["GET"]}}],"collection":[{"href":"https:\/\/www.uv.mx\/personal\/mcasillas\/wp-json\/wp\/v2\/posts"}],"about":[{"href":"https:\/\/www.uv.mx\/personal\/mcasillas\/wp-json\/wp\/v2\/types\/post"}],"author":[{"embeddable":true,"href":"https:\/\/www.uv.mx\/personal\/mcasillas\/wp-json\/wp\/v2\/users\/1587"}],"replies":[{"embeddable":true,"href":"https:\/\/www.uv.mx\/personal\/mcasillas\/wp-json\/wp\/v2\/comments?post=4591"}],"version-history":[{"count":1,"href":"https:\/\/www.uv.mx\/personal\/mcasillas\/wp-json\/wp\/v2\/posts\/4591\/revisions"}],"predecessor-version":[{"id":4593,"href":"https:\/\/www.uv.mx\/personal\/mcasillas\/wp-json\/wp\/v2\/posts\/4591\/revisions\/4593"}],"wp:featuredmedia":[{"embeddable":true,"href":"https:\/\/www.uv.mx\/personal\/mcasillas\/wp-json\/wp\/v2\/media\/4592"}],"wp:attachment":[{"href":"https:\/\/www.uv.mx\/personal\/mcasillas\/wp-json\/wp\/v2\/media?parent=4591"}],"wp:term":[{"taxonomy":"category","embeddable":true,"href":"https:\/\/www.uv.mx\/personal\/mcasillas\/wp-json\/wp\/v2\/categories?post=4591"},{"taxonomy":"post_tag","embeddable":true,"href":"https:\/\/www.uv.mx\/personal\/mcasillas\/wp-json\/wp\/v2\/tags?post=4591"}],"curies":[{"name":"wp","href":"https:\/\/api.w.org\/{rel}","templated":true}]}}