{"id":1,"date":"2013-03-12T11:03:25","date_gmt":"2013-03-12T17:06:24","guid":{"rendered":"http:\/\/www.uv.mx\/personal\/lasanchez\/?p=1"},"modified":"2022-07-05T13:47:16","modified_gmt":"2022-07-05T18:47:16","slug":"bienvenido","status":"publish","type":"post","link":"https:\/\/www.uv.mx\/personal\/lasanchez\/2013\/03\/12\/bienvenido\/","title":{"rendered":"L\u00e1zaro Rafael S\u00e1nchez Vel\u00e1squez"},"content":{"rendered":"<p><!-- \/* Font Definitions *\/ @font-face {font-family:Arial; panose-1:2 11 6 4 2 2 2 2 2 4; mso-font-charset:0; mso-generic-font-family:auto; mso-font-pitch:variable; mso-font-signature:3 0 0 0 1 0;} @font-face {font-family:Arial; panose-1:2 11 6 4 2 2 2 2 2 4; mso-font-charset:0; mso-generic-font-family:auto; mso-font-pitch:variable; mso-font-signature:3 0 0 0 1 0;} @font-face {font-family:Calibri; panose-1:2 15 5 2 2 2 4 3 2 4; mso-font-charset:0; mso-generic-font-family:auto; mso-font-pitch:variable; mso-font-signature:3 0 0 0 1 0;} @font-face {font-family:Georgia; panose-1:2 4 5 2 5 4 5 2 3 3; mso-font-charset:0; mso-generic-font-family:auto; mso-font-pitch:variable; mso-font-signature:3 0 0 0 1 0;} \/* Style Definitions *\/ p.MsoNormal, li.MsoNormal, div.MsoNormal {mso-style-unhide:no; mso-style-qformat:yes; mso-style-parent:\"\"; margin-top:0cm; margin-right:0cm; margin-bottom:10.0pt; margin-left:0cm; mso-pagination:widow-orphan; font-size:11.0pt; font-family:Georgia; mso-fareast-font-family:Calibri; mso-fareast-theme-font:minor-latin; mso-bidi-font-family:\"Times New Roman\"; mso-bidi-theme-font:minor-bidi; mso-ansi-language:ES-MX; mso-fareast-language:EN-US;} .MsoChpDefault {mso-style-type:export-only; mso-default-props:yes; font-size:11.0pt; mso-ansi-font-size:11.0pt; mso-bidi-font-size:11.0pt; font-family:Georgia; mso-ascii-font-family:Georgia; mso-fareast-font-family:Calibri; mso-fareast-theme-font:minor-latin; mso-hansi-font-family:Georgia; mso-bidi-font-family:\"Times New Roman\"; mso-bidi-theme-font:minor-bidi; mso-ansi-language:ES-MX; mso-fareast-language:EN-US;} .MsoPapDefault {mso-style-type:export-only; margin-bottom:10.0pt;} @page WordSection1 {size:612.0pt 792.0pt; margin:70.85pt 3.0cm 70.85pt 3.0cm; mso-header-margin:35.4pt; mso-footer-margin:35.4pt; mso-paper-source:0;} div.WordSection1 {page:WordSection1;} --><\/p>\n<p>Miembro del Sistema Nacional de Investigadores Nivel 2.<\/p>\n<p>Investigador de Tiempo Completo Acad\u00e9mico de Carrera Titular \u201cC\u201d, Director Fundador del Instituto de Biotecnolog\u00eda y Ecolog\u00eda Aplicada (INBIOTECA) (2004-2010) y Director que reestructur\u00f3 y cambi\u00f3 de nombre de Instituto de Gen\u00e9tica Forestal a Instituto de Investigaciones Forestales (INIFOR) de la Universidad Veracruzana (2008-2010). Director Fundador del Posgrado Doctorado en Ciencias Ecolog\u00eda y Biotecnolog\u00eda (2004-2010). Coordinador Fundador de la Coordinaci\u00f3n Universitaria para la Sustentabilidad de la UV (CoSustenta-UV) (2010-2016).<\/p>\n<p>Es Doctor en Ciencias egresado de la Facultad de Ciencias de la Universidad Nacional Aut\u00f3noma de M\u00e9xico, Maestro en Ciencias egresado del Colegio de Postgraduados y Bi\u00f3logo por la Facultad de Biolog\u00eda de la Universidad Veracruzana. Con 35 a\u00f1os de experiencia en investigaci\u00f3n sobre Ecolog\u00eda Forestal (Sucesi\u00f3n y Ecolog\u00eda de Poblaciones) y Conservaci\u00f3n de la Biodiversidad. Su inter\u00e9s ha sido principalmente el entender c\u00f3mo los disturbios afectan los procesos demogr\u00e1ficos y la sucesi\u00f3n en comunidades o especies en peligro de extinci\u00f3n o de inter\u00e9s econ\u00f3mico. Su enfoque es hacia el manejo sustentable, la restauraci\u00f3n y manejo de bosques, lo que le ha permitido generar modelos aplicados para el manejo forestal y plantaciones. En los \u00faltimos cinco a\u00f1os ha estado colaborando en un proceso de investigaci\u00f3n inter-transdisciplinaria.<\/p>\n<p>Ha publicado 82 art\u00edculos cient\u00edficos en revistas indizadas internacionales y nacionales arbitradas (Journal of Ecology, Forest Ecology and Management, New Forests, Biotica, Maydica, Flora, Population Ecology y Agrociencia, entre otros), es autor y coautor de nueve libros, 29 cap\u00edtulos de libro y 22 art\u00edculos de divulgaci\u00f3n. En los \u00faltimos trece a\u00f1os ha sido profesor de m\u00e1s de 50 cursos de posgrado y licenciatura en \u00e1reas como: Ecolog\u00eda de poblaciones y comunidades, SOS el cambio clim\u00e1tico est\u00e1 aqu\u00ed, m\u00e9todos de investigaci\u00f3n cient\u00edfica y estad\u00edstica.<\/p>\n<p>Ha sido responsable de diecisiete proyectos de investigaci\u00f3n con financiamiento externo. Ha dirigido 15 tesis de licenciatura y 10 de posgrado. Ha participado con m\u00e1s de cincuenta ponencias en congresos internacionales y nacionales. Perfil deseable PROMEP desde 1999 a la fecha. Reconocimiento como coordinador de investigaci\u00f3n del Instituto Manantl\u00e1n de Ecolog\u00eda y Conservaci\u00f3n de la Biodiversidad (IMECBIO).<\/p>\n<p>Reconocimiento como director \u201cpor su visi\u00f3n al impulsar la creaci\u00f3n del INBIOTECA, y por su entusiasmo e incansable labor para promover su desarrollo\u201d, Miembro fundador del Instituto Manantl\u00e1n de Ecolog\u00eda y Conservaci\u00f3n de la Biodiversidad y del Departamento de Ecolog\u00eda y Recursos Naturales de la Universidad de Guadalajara, dentro de la cual trabaj\u00f3 de 1987 al 2001. Fue responsable por ocho a\u00f1os del Cuerpo Acad\u00e9mico (CA) Consolidado de \u201cEcolog\u00eda y Manejo de la Biodiversidad Forestal\u201d, Actualmente miembro responsable del CA Consolidado Estructura y Funcionamiento de Ecosistemas y desarrolla la L\u00ednea de Generaci\u00f3n y Aplicaci\u00f3n del Conocimiento \u201cBiodiversidad, gente y servicios ecosist\u00e9micos\u201d y participa en otras dos l\u00edneas de investigaci\u00f3n relacionadas con funcionamiento de ecosistemas y biotecnolog\u00eda. Miembro de cuatro sociedades cient\u00edficas.<\/p>\n<p>Correo electr\u00f3nico: lasanchez@uv.mx.<\/p>\n","protected":false},"excerpt":{"rendered":"<p>Miembro del Sistema Nacional de Investigadores Nivel 2. Investigador de Tiempo Completo Acad\u00e9mico de Carrera Titular \u201cC\u201d, Director Fundador del Instituto de Biotecnolog\u00eda y Ecolog\u00eda Aplicada (INBIOTECA) (2004-2010) y Director que reestructur\u00f3 y cambi\u00f3 de nombre de Instituto de Gen\u00e9tica Forestal a Instituto de Investigaciones Forestales (INIFOR) de la Universidad Veracruzana (2008-2010). Director Fundador del&#8230;<\/p>\n","protected":false},"author":1642,"featured_media":0,"comment_status":"closed","ping_status":"closed","sticky":false,"template":"","format":"standard","meta":{"footnotes":""},"categories":[3,1,5],"tags":[],"class_list":["post-1","post","type-post","status-publish","format-standard","hentry","category-blogs","category-general","category-proyecto-aula"],"_links":{"self":[{"href":"https:\/\/www.uv.mx\/personal\/lasanchez\/wp-json\/wp\/v2\/posts\/1","targetHints":{"allow":["GET"]}}],"collection":[{"href":"https:\/\/www.uv.mx\/personal\/lasanchez\/wp-json\/wp\/v2\/posts"}],"about":[{"href":"https:\/\/www.uv.mx\/personal\/lasanchez\/wp-json\/wp\/v2\/types\/post"}],"author":[{"embeddable":true,"href":"https:\/\/www.uv.mx\/personal\/lasanchez\/wp-json\/wp\/v2\/users\/1642"}],"replies":[{"embeddable":true,"href":"https:\/\/www.uv.mx\/personal\/lasanchez\/wp-json\/wp\/v2\/comments?post=1"}],"version-history":[{"count":2,"href":"https:\/\/www.uv.mx\/personal\/lasanchez\/wp-json\/wp\/v2\/posts\/1\/revisions"}],"predecessor-version":[{"id":513,"href":"https:\/\/www.uv.mx\/personal\/lasanchez\/wp-json\/wp\/v2\/posts\/1\/revisions\/513"}],"wp:attachment":[{"href":"https:\/\/www.uv.mx\/personal\/lasanchez\/wp-json\/wp\/v2\/media?parent=1"}],"wp:term":[{"taxonomy":"category","embeddable":true,"href":"https:\/\/www.uv.mx\/personal\/lasanchez\/wp-json\/wp\/v2\/categories?post=1"},{"taxonomy":"post_tag","embeddable":true,"href":"https:\/\/www.uv.mx\/personal\/lasanchez\/wp-json\/wp\/v2\/tags?post=1"}],"curies":[{"name":"wp","href":"https:\/\/api.w.org\/{rel}","templated":true}]}}