{"id":46,"date":"2023-01-13T13:25:52","date_gmt":"2023-01-13T19:25:52","guid":{"rendered":"https:\/\/www.uv.mx\/personal\/efonseca\/?p=46"},"modified":"2023-02-01T11:55:38","modified_gmt":"2023-02-01T17:55:38","slug":"produccion-cientifica","status":"publish","type":"post","link":"https:\/\/www.uv.mx\/personal\/efonseca\/2023\/01\/13\/produccion-cientifica\/","title":{"rendered":"Producci\u00f3n acad\u00e9mica"},"content":{"rendered":"<p><strong>Art\u00edculos en revistas indexadas<\/strong><\/p>\n<p><strong>Gaceta de Nutriolog\u00eda Aplicada (D\u00eda del Nutri\u00f3logo).<\/strong> \u00d3rgano Oficial de Divulgaci\u00f3n Cient\u00edfica de la Alianza por una \u00f3ptima Nutrici\u00f3n Materno Infantil A.C. 2021, Vol.1 (3);1-77 enero-abril.<\/p>\n<p>Autora del libro: <strong>La Nutriolog\u00eda en el contexto del proyecto del microbioma humano<\/strong>. Perea Mart\u00ednez A, R\u00edos Gallardo PT, Fonseca Le\u00f3n E, Lara Campos AG1ra ed. Perea-Mart\u00ednez A, editor. M\u00e9xico Mex: Intersistemas, S.A de C.V.; 2019. 47.<\/p>\n<p><strong>Libro 2: La Nutriolog\u00eda en el contexto del proyecto del microbioma humano<\/strong>. Edici\u00f3n: diciembre 2019, M\u00e9xico. Editorial Intersistemas, S.A. de C.V. ISBN 978-607-443 Edici\u00f3n completa: Temas selectos en Nutriolog\u00eda Pedi\u00e1trica<\/p>\n<p><strong>Autocuidado y atenci\u00f3n nutriol\u00f3gica como estrategias para la salud laboral. Revista Del Instituto De Salud P\u00fablica de La Universidad Veracruzana<\/strong>. Brenda Paola Gonz\u00e1lez Posadas, Teresa de Jes\u00fas Rosas Sastr\u00e9, Elizabeth Fonseca Le\u00f3n, Manuela Cabrera Castillo, Yuvia Calder\u00f3n Balderas y Carolina Palmeros Exsome.Vol\u00famen 14, N\u00famero 28, septiembre 2018 ISSN: 2007-3526.<\/p>\n<p>&nbsp;<\/p>\n","protected":false},"excerpt":{"rendered":"<p>Art\u00edculos en revistas indexadas Gaceta de Nutriolog\u00eda Aplicada (D\u00eda del Nutri\u00f3logo). \u00d3rgano Oficial de Divulgaci\u00f3n Cient\u00edfica de la Alianza por una \u00f3ptima Nutrici\u00f3n Materno Infantil A.C. 2021, Vol.1 (3);1-77 enero-abril. Autora del libro: La Nutriolog\u00eda en el contexto del proyecto del microbioma humano. Perea Mart\u00ednez A, R\u00edos Gallardo PT, Fonseca Le\u00f3n E, Lara Campos AG1ra&#8230;<\/p>\n","protected":false},"author":2200,"featured_media":0,"comment_status":"closed","ping_status":"closed","sticky":false,"template":"","format":"standard","meta":{"footnotes":""},"categories":[4],"tags":[],"class_list":["post-46","post","type-post","status-publish","format-standard","hentry","category-miblog"],"_links":{"self":[{"href":"https:\/\/www.uv.mx\/personal\/efonseca\/wp-json\/wp\/v2\/posts\/46","targetHints":{"allow":["GET"]}}],"collection":[{"href":"https:\/\/www.uv.mx\/personal\/efonseca\/wp-json\/wp\/v2\/posts"}],"about":[{"href":"https:\/\/www.uv.mx\/personal\/efonseca\/wp-json\/wp\/v2\/types\/post"}],"author":[{"embeddable":true,"href":"https:\/\/www.uv.mx\/personal\/efonseca\/wp-json\/wp\/v2\/users\/2200"}],"replies":[{"embeddable":true,"href":"https:\/\/www.uv.mx\/personal\/efonseca\/wp-json\/wp\/v2\/comments?post=46"}],"version-history":[{"count":1,"href":"https:\/\/www.uv.mx\/personal\/efonseca\/wp-json\/wp\/v2\/posts\/46\/revisions"}],"predecessor-version":[{"id":99,"href":"https:\/\/www.uv.mx\/personal\/efonseca\/wp-json\/wp\/v2\/posts\/46\/revisions\/99"}],"wp:attachment":[{"href":"https:\/\/www.uv.mx\/personal\/efonseca\/wp-json\/wp\/v2\/media?parent=46"}],"wp:term":[{"taxonomy":"category","embeddable":true,"href":"https:\/\/www.uv.mx\/personal\/efonseca\/wp-json\/wp\/v2\/categories?post=46"},{"taxonomy":"post_tag","embeddable":true,"href":"https:\/\/www.uv.mx\/personal\/efonseca\/wp-json\/wp\/v2\/tags?post=46"}],"curies":[{"name":"wp","href":"https:\/\/api.w.org\/{rel}","templated":true}]}}