{"id":32,"date":"2019-03-11T10:05:22","date_gmt":"2019-03-11T16:05:22","guid":{"rendered":"http:\/\/www.uv.mx\/personal\/earano\/?p=32"},"modified":"2019-03-11T12:36:51","modified_gmt":"2019-03-11T18:36:51","slug":"documentos-recepcionales-dirigidos","status":"publish","type":"post","link":"https:\/\/www.uv.mx\/personal\/earano\/2019\/03\/11\/documentos-recepcionales-dirigidos\/","title":{"rendered":"Documentos Recepcionales Dirigidos"},"content":{"rendered":"<p>&nbsp;<\/p>\n<table width=\"737\">\n<tbody>\n<tr>\n<td width=\"425\">Reporte: Educaci\u00f3n para la Sustentabilidad en la escuela Telesecundaria \u201cAdolfo Ru\u00edz Cortines\u201d<\/td>\n<td width=\"113\">Enero 2019<\/td>\n<td width=\"199\"><\/td>\n<\/tr>\n<tr>\n<td width=\"425\">Tesis: Difusi\u00f3n y divulgaci\u00f3n de actividades culturales en la facultad de Pedagog\u00eda y su impacto en el estudiante\u201d<\/td>\n<td width=\"113\">30 de enero de 2018<\/td>\n<td width=\"199\"><\/td>\n<\/tr>\n<tr>\n<td width=\"425\">Tesis: Estrategias de ense\u00f1anza-aprendizaje a partir de la RED RECREA: Caso experiencia educativa Psicolog\u00eda Evolutiva secci\u00f3n 101. Facultad de pedagog\u00eda Universidad Veracruzana<\/td>\n<td width=\"113\">Enero 2018<\/td>\n<td width=\"199\"><a href=\"http:\/\/www.uv.mx\/personal\/earano\/files\/2019\/03\/Estrategias-de-ense\u00f1anzaaprendizaje-a-partir-de-la-RED-RECREA-Caso-experiencia-educativa-Psicolog\u00eda-Evolutiva-secci\u00f3n-101.pdf\">Estrategias de ense\u00f1anza-aprendizaje a partir de la RED RECREA Caso experiencia educativa Psicolog\u00eda Evolutiva secci\u00f3n 101<\/a><\/td>\n<\/tr>\n<tr>\n<td width=\"425\">Tesis: Influencia de la orientaci\u00f3n vocacional del bachillerato en la elecci\u00f3n de la carrera de pedagog\u00eda: estudiantes de segundo semestre<\/td>\n<td width=\"113\">Julio 2018<\/td>\n<td width=\"199\"><\/td>\n<\/tr>\n<tr>\n<td width=\"425\">Tesis: Estrategias de aprendizaje en el nivel medio superior y de innovaci\u00f3n en el superior<\/td>\n<td width=\"113\">Agosto 2018<\/td>\n<td width=\"199\"><a href=\"http:\/\/www.uv.mx\/personal\/earano\/files\/2019\/03\/Estrategias-de-aprendizaje-en-el-nivel-medio-superior-y-de-innovaci\u00f3n-en-el-superior.pdf\">Estrategias de aprendizaje en el nivel medio superior y de innovaci\u00f3n en el superior<\/a><\/td>\n<\/tr>\n<tr>\n<td width=\"425\">Trabajo practico: EMINUS una plataforma tecnol\u00f3gica que promueve la innovaci\u00f3n educativa y soporte para el proyecto RECREA<\/td>\n<td width=\"113\">2018<\/td>\n<td width=\"199\"><strong> <a href=\"http:\/\/www.uv.mx\/personal\/earano\/files\/2019\/03\/EMINUS-una-plataforma-tecnol\u00f3gica-que-promueve-la-innovaci\u00f3n-educativa-y-soporte-para-el-proyecto-RECREA.pdf\">EMINUS una plataforma tecnol\u00f3gica que promueve la innovaci\u00f3n educativa y soporte para el proyecto RECREA<\/a><\/strong><\/td>\n<\/tr>\n<tr>\n<td width=\"425\">Tesis: Influencia de la familia en la construcci\u00f3n del autoconcepto: en estudiantes de bachillerato<\/td>\n<td width=\"113\">Julio 2017<\/td>\n<td width=\"199\"><strong>\u00a0<\/strong><\/td>\n<\/tr>\n<tr>\n<td width=\"425\">Memoria: Apoyo de tareas a ni\u00f1os con bajo rendimiento escolar<\/td>\n<td width=\"113\">Enero 2016<\/td>\n<td width=\"199\"><strong>\u00a0<\/strong><\/td>\n<\/tr>\n<tr>\n<td width=\"425\">Trabajo pr\u00e1ctico educativo: La Educaci\u00f3n F\u00edsica y la Gimnasia Cerebral para la Formaci\u00f3n integral en Telesecundaria<\/td>\n<td width=\"113\">Enero 2016<\/td>\n<td width=\"199\"><strong>\u00a0\u00a0<\/strong><\/td>\n<\/tr>\n<tr>\n<td width=\"425\">Tesis: Dificultades del pedagogo para el logro de su primer empleo<\/td>\n<td width=\"113\">Junio 2016<\/td>\n<td width=\"199\"><strong>\u00a0<\/strong><\/td>\n<\/tr>\n<tr>\n<td width=\"425\">Tesis: Percepci\u00f3n del trabajo en equipo y el cuidado del medio ambiente en el proyecto Mi Paisaje Favorito<\/td>\n<td width=\"113\">Junio 2016<\/td>\n<td width=\"199\"><strong>\u00a0<\/strong><\/td>\n<\/tr>\n<tr>\n<td width=\"425\">Reporte: Intervenci\u00f3n en el programa Contruye-t del CONALEP y realizaci\u00f3n de actividades complementarias<\/td>\n<td width=\"113\">Junio 2016<\/td>\n<td width=\"199\"><strong>\u00a0<\/strong><\/td>\n<\/tr>\n<tr>\n<td width=\"425\">Tesis: Relevancia del Factor Socioecon\u00f3mico en las tutor\u00edas Acad\u00e9micas: desde la perspectiva de los estudiantes de la Facultad de Pedagog\u00eda Sistema Escolarizados de la Universidad Veracruzana Campus Xalapa<\/td>\n<td width=\"113\">Agosto 2016<\/td>\n<td width=\"199\"><strong>\u00a0<\/strong><\/td>\n<\/tr>\n<tr>\n<td width=\"425\">Tesis: Expectativas de la Orientaci\u00f3n vocacional en los estudiantes de Bachillerato: Art\u00edculo Tercero Constitucional<\/td>\n<td width=\"113\">Enero 2015<\/td>\n<td width=\"199\"><strong>\u00a0<\/strong><\/td>\n<\/tr>\n<tr>\n<td width=\"425\">Tesis: Apreciaci\u00f3n del personal respecto de las acciones relacionadas con el \u00c1rea Psicopedag\u00f3gica dentro de la Casa Hogar para el Adulto Mayor \u201cMariana Sayago\u201d<\/td>\n<td width=\"113\">Enero 2015<\/td>\n<td width=\"199\"><strong>\u00a0<\/strong><\/td>\n<\/tr>\n<tr>\n<td width=\"425\">Tesina: \u201cEl Desempe\u00f1o, la Formaci\u00f3n del Pedagogo y sus Posibilidades de Inserci\u00f3n Laboral<\/td>\n<td width=\"113\">Enero 2015<\/td>\n<td width=\"199\"><strong>\u00a0<\/strong><\/td>\n<\/tr>\n<tr>\n<td width=\"425\">Reporte: Intervenci\u00f3n pedag\u00f3gica en estancia acad\u00e9mica en la Casa Uv: \u201cMolino de San Roque\u201d<\/td>\n<td width=\"113\">Julio 2015<\/td>\n<td width=\"199\"><strong>\u00a0<\/strong><\/td>\n<\/tr>\n<tr>\n<td width=\"425\">Tesis: \u00c9tica profesional en Acad\u00e9micos de la Facultad de Medicina Universidad Veracruzana, regi\u00f3n Xalapa.<\/td>\n<td width=\"113\">Julio 2015<\/td>\n<td width=\"199\"><strong>\u00a0<\/strong><\/td>\n<\/tr>\n<tr>\n<td width=\"425\">Tesis: Las habilidades sociales dentro de la sustentabilidad, en estudiantes de la Facultad de Pedagog\u00eda de la Universidad Veracruzana regi\u00f3n Xalapa<\/td>\n<td width=\"113\">Julio 2015<\/td>\n<td width=\"199\"><strong>\u00a0<\/strong><\/td>\n<\/tr>\n<tr>\n<td width=\"425\">Tesis: Diagnostico de Necesidades de las Tutor\u00edas Acad\u00e9micas desde las perspectivas de los estudiante de la Facultad de Pedagog\u00eda, campus Xalapa<\/td>\n<td width=\"113\">Julio 2015<\/td>\n<td width=\"199\"><strong>\u00a0<\/strong><\/td>\n<\/tr>\n<tr>\n<td width=\"425\">Reporte: Curso Taller \u201cLa autoestima en mi vida\u201d<\/td>\n<td width=\"113\">Julio 2015<\/td>\n<td width=\"199\"><strong>\u00a0<\/strong><\/td>\n<\/tr>\n<tr>\n<td width=\"425\">Monograf\u00eda: \u201cEl Estudiante y El Estr\u00e9s Acad\u00e9mico\u201d<\/td>\n<td width=\"113\">Diciembre 2015<\/td>\n<td width=\"199\"><strong>\u00a0<\/strong><\/td>\n<\/tr>\n<tr>\n<td width=\"425\">Tesis: Significaci\u00f3n del aprendizaje del ingl\u00e9s en la adultez tard\u00eda: Estancia \u201cQuinta de las Rosas\u201d<\/td>\n<td width=\"113\">Enero 2013<\/td>\n<td width=\"199\"><strong>\u00a0<\/strong><\/td>\n<\/tr>\n<tr>\n<td width=\"425\">Tesis: El significado de la acci\u00f3n tutorial en sus dimensiones Formativa e Informativa, en estudiantes: generaci\u00f3n 2018 Facultad de pedagog\u00eda, sistema escolarizado, regi\u00f3n Xalapa, de la Universidad Veracruzana<\/td>\n<td width=\"113\">Enero 2013<\/td>\n<td width=\"199\"><strong>\u00a0<\/strong><\/td>\n<\/tr>\n<tr>\n<td width=\"425\">Trabajo pr\u00e1ctico Educativo: \u201cEducaci\u00f3n ambiental y sustentabilidad: una perspectiva del pensamiento complejo\u201d.<\/td>\n<td width=\"113\">Diciembre 2013<\/td>\n<td width=\"199\"><strong>\u00a0<\/strong><\/td>\n<\/tr>\n<\/tbody>\n<\/table>\n","protected":false},"excerpt":{"rendered":"<p>&nbsp; Reporte: Educaci\u00f3n para la Sustentabilidad en la escuela Telesecundaria \u201cAdolfo Ru\u00edz Cortines\u201d Enero 2019 Tesis: Difusi\u00f3n y divulgaci\u00f3n de actividades culturales en la facultad de Pedagog\u00eda y su impacto en el estudiante\u201d 30 de enero de 2018 Tesis: Estrategias de ense\u00f1anza-aprendizaje a partir de la RED RECREA: Caso experiencia educativa Psicolog\u00eda Evolutiva secci\u00f3n 101&#8230;.<\/p>\n","protected":false},"author":1988,"featured_media":0,"comment_status":"closed","ping_status":"closed","sticky":false,"template":"","format":"standard","meta":{"footnotes":""},"categories":[4],"tags":[],"class_list":["post-32","post","type-post","status-publish","format-standard","hentry","category-miblog"],"_links":{"self":[{"href":"https:\/\/www.uv.mx\/personal\/earano\/wp-json\/wp\/v2\/posts\/32","targetHints":{"allow":["GET"]}}],"collection":[{"href":"https:\/\/www.uv.mx\/personal\/earano\/wp-json\/wp\/v2\/posts"}],"about":[{"href":"https:\/\/www.uv.mx\/personal\/earano\/wp-json\/wp\/v2\/types\/post"}],"author":[{"embeddable":true,"href":"https:\/\/www.uv.mx\/personal\/earano\/wp-json\/wp\/v2\/users\/1988"}],"replies":[{"embeddable":true,"href":"https:\/\/www.uv.mx\/personal\/earano\/wp-json\/wp\/v2\/comments?post=32"}],"version-history":[{"count":0,"href":"https:\/\/www.uv.mx\/personal\/earano\/wp-json\/wp\/v2\/posts\/32\/revisions"}],"wp:attachment":[{"href":"https:\/\/www.uv.mx\/personal\/earano\/wp-json\/wp\/v2\/media?parent=32"}],"wp:term":[{"taxonomy":"category","embeddable":true,"href":"https:\/\/www.uv.mx\/personal\/earano\/wp-json\/wp\/v2\/categories?post=32"},{"taxonomy":"post_tag","embeddable":true,"href":"https:\/\/www.uv.mx\/personal\/earano\/wp-json\/wp\/v2\/tags?post=32"}],"curies":[{"name":"wp","href":"https:\/\/api.w.org\/{rel}","templated":true}]}}